{"id":6178,"date":"2016-03-20T12:16:07","date_gmt":"2016-03-20T11:16:07","guid":{"rendered":"https:\/\/aitia.fr\/erd\/?p=6178"},"modified":"2017-09-10T23:50:21","modified_gmt":"2017-09-10T21:50:21","slug":"comment-le-monde-actuel-a-privatise-le-silence-telerama","status":"publish","type":"post","link":"https:\/\/aitia.fr\/erd\/comment-le-monde-actuel-a-privatise-le-silence-telerama\/","title":{"rendered":"Comment le monde actuel a privatis\u00e9 le silence (T\u00e9l\u00e9rama)"},"content":{"rendered":"<p style=\"text-align: justify;\"><img decoding=\"async\" loading=\"lazy\" class=\"alignleft wp-image-6180\" src=\"https:\/\/aitia.fr\/erd\/wp-content\/uploads\/2016\/03\/matthew-crawford-penser-exige-le-silence.jpg\" alt=\"matthew-crawford-penser-exige-le-silence\" width=\"400\" height=\"425\" srcset=\"https:\/\/aitia.fr\/erd\/wp-content\/uploads\/2016\/03\/matthew-crawford-penser-exige-le-silence.jpg 1000w, https:\/\/aitia.fr\/erd\/wp-content\/uploads\/2016\/03\/matthew-crawford-penser-exige-le-silence-282x300.jpg 282w, https:\/\/aitia.fr\/erd\/wp-content\/uploads\/2016\/03\/matthew-crawford-penser-exige-le-silence-768x816.jpg 768w, https:\/\/aitia.fr\/erd\/wp-content\/uploads\/2016\/03\/matthew-crawford-penser-exige-le-silence-964x1024.jpg 964w, https:\/\/aitia.fr\/erd\/wp-content\/uploads\/2016\/03\/matthew-crawford-penser-exige-le-silence-600x637.jpg 600w\" sizes=\"(max-width: 400px) 100vw, 400px\" \/>par Weronika Zarachowicz, publi\u00e9 le 07\/03\/2016<\/p>\n<p style=\"text-align: justify;\">[<em>Note de l&#8217;auteur de ce blog : on aborde ici l&#8217;un des probl\u00e8mes majeurs de la soci\u00e9t\u00e9 contemporaine, le fameux concept de &#8220;<strong><a href=\"https:\/\/www.youtube.com\/watch?v=UYrFAQsEdp0\" target=\"_blank\">temps de cerveau humain disponible<\/a><\/strong>&#8221; qui valut \u00e0 Patrick Le Lay d&#8217;\u00eatre conspu\u00e9 pour avoir d\u00e9crit son v\u00e9ritable m\u00e9tier (abrutisseur) avec une certaine franchise.<\/em><\/p>\n<p style=\"text-align: justify;\"><em>L&#8217;article de T\u00e9l\u00e9rama \u00e9tablit un parall\u00e8le avec l&#8217;ouvrage \u00e0 succ\u00e8s de Robert M. Pirsig, <strong><a href=\"https:\/\/www.babelio.com\/livres\/Pirsig-Traite-du-zen-et-de-lentretien-des-motocyclettes\/5226\" target=\"_blank\">Trait\u00e9 du zen et de l&#8217;entretien des motocyclettes<\/a><\/strong>, que j&#8217;ai d\u00e9couvert lorsque j&#8217;\u00e9tais \u00e9tudiant gr\u00e2ce \u00e0 un de mes professeurs d&#8217; &#8220;humanit\u00e9s&#8221; (j&#8217;\u00e9tais alors dans une \u00e9cole d&#8217;ing\u00e9nieurs) et que je recommande chaudement. J&#8217;aurais d&#8217;ailleurs fort bien pu le citer en exemple dans <strong><a href=\"https:\/\/aitia.fr\/erd\/eloge-du-handicap\/\" target=\"_blank\">\u00c9loge du handicap<\/a><\/strong>, puisque le r\u00e9cit de Pirsig est largement autobiographique, et bas\u00e9 sur sa propre exp\u00e9rience de la schizophr\u00e9nie.<\/em><\/p>\n<p style=\"text-align: justify;\"><em>L&#8217;asc\u00e8se de la confrontation au r\u00e9el, au silence et m\u00eame \u00e0 l&#8217;ennui (dont on sous-estime la potentialit\u00e9 cr\u00e9atrice et r\u00e9volutionnaire) est une des cl\u00e9s de la gu\u00e9rison de nos soci\u00e9t\u00e9s malades, o\u00f9 le moindre espace public est truff\u00e9 d&#8217;agressions visuelles et auditives. Apr\u00e8s s&#8217;\u00eatre attaqu\u00e9 aux ressources inertes (mati\u00e8res premi\u00e8res) et \u00e0 la force de travail (humaine et des machines), le capitalisme s&#8217;en prend, logiquement, \u00e0 la force de pens\u00e9e : progression logique dans la <strong><a href=\"https:\/\/aitia.fr\/erd\/thermodynamique-de-levolution\/\" target=\"_blank\">thermodynamique de l&#8217;\u00e9volution<\/a><\/strong>. Si le concept de philosophe-m\u00e9canicien \u00e9tonnera certains, c&#8217;est sans doute parce qu&#8217;ils ne sont pas assez philosophes &#8211; ou pas assez m\u00e9caniciens. Car il est autrement plus prometteur que celui de philosophe-milliardaire.<\/em>]<\/p>\n<p style=\"text-align: justify;\"><strong>Les technologies modernes nous sollicitent de plus en plus, et chacun semble s\u2019en r\u00e9jouir. Or, cela \u00e9puise notre facult\u00e9 de penser et d\u2019agir, estime le philosophe-m\u00e9cano Matthew B. Crawford.<\/strong><\/p>\n<div class=\"article--wysiwyg wysiwyg\">\n<p style=\"text-align: justify;\"><i>\u00ab Tout le malheur des hommes vient d&#8217;une seule chose, qui est de ne pas savoir demeurer en repos dans une chambre \u00bb<\/i>, \u00e9crivait d\u00e9j\u00e0 Pascal en son temps. Mais que dirait l&#8217;auteur des <i>Pens\u00e9es<\/i> aujourd&#8217;hui, face \u00e0 nos pauvres esprits sursatur\u00e9s de stimulus technologiques, confront\u00e9s \u00e0 une explosion de choix et pour lesquels pr\u00e9server un minimum de concentration s&#8217;av\u00e8re un harassant d\u00e9fi quotidien ? C&#8217;est cette crise de l&#8217;attention qu&#8217;un autre philosophe, cette fois contemporain, s&#8217;est attel\u00e9 \u00e0 d\u00e9cortiquer.<\/p>\n<p class=\"h5\" style=\"text-align: justify;\"><a href=\"https:\/\/web.archive.org\/web\/20170221051650\/https:\/\/www.matthewbcrawford.com\/\" target=\"_blank\">Matthew B. Crawford<\/a> est am\u00e9ricain, chercheur en philosophie \u00e0 l&#8217;universit\u00e9 de Virginie. Il a la particularit\u00e9 d&#8217;\u00eatre \u00e9galement r\u00e9parateur de motos. De ce parcours de \u00ab philosophe m\u00e9cano \u00bb, il a tir\u00e9 un premier livre, <a href=\"https:\/\/www.editionsladecouverte.fr\/catalogue\/index-__loge_du_carburateur-9782707160065.html\" target=\"_blank\"><i>Eloge du carburateur. Essai sur le sens et la valeur du travail<\/i><\/a>, best-seller aux Etats-Unis. Il y raconte comment, directeur d&#8217;un think tank de Washington o\u00f9 il lui \u00e9tait demand\u00e9 de r\u00e9sumer vingt-trois tr\u00e8s longs articles par jour \u2014 <i>\u00ab un objectif absurde et impossible, l&#8217;id\u00e9e \u00e9tant qu&#8217;il faut \u00e9crire sans comprendre, car comprendre prend trop de temps&#8230; \u00bb<\/i> \u2014, il en a claqu\u00e9 la porte pour ouvrir un garage de r\u00e9paration de motos. Dans ce plaidoyer en faveur du travail manuel, il c\u00e9l\u00e8bre la grandeur du \u00ab faire \u00bb, qui \u00e9duque et permet d&#8217;\u00eatre en prise directe avec le monde par le biais des objets mat\u00e9riels.<\/p>\n<p class=\"h5\" style=\"text-align: justify;\"><a href=\"https:\/\/web.archive.org\/web\/20160331085508\/https:\/\/www.telerama.fr:80\/idees\/comment-le-monde-actuel-a-privatise-le-silence,138904.php%7D%7D\" target=\"_blank\">Continuer la lecture sur T\u00e9l\u00e9rama \u27f6<\/a><\/p>\n<p class=\"h5\" style=\"text-align: justify;\">Voir \u00e9galement, sur le concept incongru et st\u00e9rile de philosophe-milliardaire :<\/p>\n<p class=\"h5\" style=\"text-align: center;\"><iframe loading=\"lazy\" src=\"https:\/\/www.youtube.com\/embed\/gd0azlsPryI\" width=\"420\" height=\"315\" frameborder=\"0\" allowfullscreen=\"allowfullscreen\"><\/iframe><\/p>\n<\/div>\n","protected":false},"excerpt":{"rendered":"<p>par Weronika Zarachowicz, publi\u00e9 le 07\/03\/2016 [Note de l&#8217;auteur de ce blog : on aborde ici l&#8217;un des probl\u00e8mes majeurs de la soci\u00e9t\u00e9 contemporaine, le fameux concept de &#8220;temps de cerveau humain disponible&#8221; qui valut \u00e0 Patrick Le Lay d&#8217;\u00eatre conspu\u00e9 pour avoir d\u00e9crit son v\u00e9ritable m\u00e9tier (abrutisseur) avec une certaine franchise. L&#8217;article de T\u00e9l\u00e9rama [&hellip;]<\/p>\n","protected":false},"author":1,"featured_media":0,"comment_status":"open","ping_status":"open","sticky":false,"template":"","format":"standard","meta":[],"categories":[134,3],"tags":[314,312,313,315],"_links":{"self":[{"href":"https:\/\/aitia.fr\/erd\/wp-json\/wp\/v2\/posts\/6178"}],"collection":[{"href":"https:\/\/aitia.fr\/erd\/wp-json\/wp\/v2\/posts"}],"about":[{"href":"https:\/\/aitia.fr\/erd\/wp-json\/wp\/v2\/types\/post"}],"author":[{"embeddable":true,"href":"https:\/\/aitia.fr\/erd\/wp-json\/wp\/v2\/users\/1"}],"replies":[{"embeddable":true,"href":"https:\/\/aitia.fr\/erd\/wp-json\/wp\/v2\/comments?post=6178"}],"version-history":[{"count":15,"href":"https:\/\/aitia.fr\/erd\/wp-json\/wp\/v2\/posts\/6178\/revisions"}],"predecessor-version":[{"id":9552,"href":"https:\/\/aitia.fr\/erd\/wp-json\/wp\/v2\/posts\/6178\/revisions\/9552"}],"wp:attachment":[{"href":"https:\/\/aitia.fr\/erd\/wp-json\/wp\/v2\/media?parent=6178"}],"wp:term":[{"taxonomy":"category","embeddable":true,"href":"https:\/\/aitia.fr\/erd\/wp-json\/wp\/v2\/categories?post=6178"},{"taxonomy":"post_tag","embeddable":true,"href":"https:\/\/aitia.fr\/erd\/wp-json\/wp\/v2\/tags?post=6178"}],"curies":[{"name":"wp","href":"https:\/\/api.w.org\/{rel}","templated":true}]}}