{"id":6143,"date":"2016-03-10T07:21:51","date_gmt":"2016-03-10T06:21:51","guid":{"rendered":"https:\/\/aitia.fr\/erd\/?p=6143"},"modified":"2016-03-10T07:21:51","modified_gmt":"2016-03-10T06:21:51","slug":"le-leader-des-eagles-of-death-metal-accuse-la-securite-detre-impliquee-dans-lattentat-au-bataclan-rt","status":"publish","type":"post","link":"https:\/\/aitia.fr\/erd\/le-leader-des-eagles-of-death-metal-accuse-la-securite-detre-impliquee-dans-lattentat-au-bataclan-rt\/","title":{"rendered":"Le leader des Eagles of Death Metal accuse la s\u00e9curit\u00e9 d\u2019\u00eatre impliqu\u00e9e dans l\u2019attentat au Bataclan (RT)"},"content":{"rendered":"<p class=\"text__summary\" style=\"text-align: justify;\"><strong><img decoding=\"async\" loading=\"lazy\" class=\"alignleft wp-image-6145\" src=\"https:\/\/aitia.fr\/erd\/wp-content\/uploads\/2016\/03\/hommage_bataclan.jpg\" alt=\"hommage_bataclan\" width=\"450\" height=\"253\" srcset=\"https:\/\/aitia.fr\/erd\/wp-content\/uploads\/2016\/03\/hommage_bataclan.jpg 790w, https:\/\/aitia.fr\/erd\/wp-content\/uploads\/2016\/03\/hommage_bataclan-300x169.jpg 300w, https:\/\/aitia.fr\/erd\/wp-content\/uploads\/2016\/03\/hommage_bataclan-768x432.jpg 768w, https:\/\/aitia.fr\/erd\/wp-content\/uploads\/2016\/03\/hommage_bataclan-600x337.jpg 600w\" sizes=\"(max-width: 450px) 100vw, 450px\" \/>Le chanteur des Eagles of Death Metal, Jesse Hughes, a port\u00e9 de graves accusations envers les policiers parisiens, d\u00e9clarant qu\u2019ils pourraient \u00eatre complices des terroristes.<\/strong><\/p>\n<p style=\"text-align: justify;\">\u00abQuand je suis pour la premi\u00e8re fois arriv\u00e9, et que je suis entr\u00e9, je suis pass\u00e9 devant le mec qui \u00e9tait cens\u00e9 assurer la s\u00e9curit\u00e9 des coulisses. Il ne m\u2019a m\u00eame pas regard\u00e9. Je suis imm\u00e9diatement all\u00e9 voir le promoteur et je lui ai dit\u00a0: &#8220;Qui est ce type\u00a0? Je veux mettre un autre mec \u00e0 sa place.&#8221; Et il m\u2019a r\u00e9pondu\u00a0: &#8220;Eh bien, les quelques autres gars ne sont pas encore l\u00e0&#8221;. Et finalement j\u2019ai d\u00e9couvert qu\u2019environ six d\u2019entre eux ne se sont jamais point\u00e9s\u00bb, a pr\u00e9cis\u00e9 Jesse Hughes dans une interview sur l\u2019attentat au Bataclan confi\u00e9e \u00e0 FOX Business Network\u2019s Kennedy, quatre mois apr\u00e8s la trag\u00e9die.<\/p>\n<p style=\"text-align: justify;\"><a href=\"https:\/\/francais.rt.com\/france\/16944-jesse-hughes-bataclan-securite\" target=\"_blank\">Continuer la lecture sur RT fran\u00e7ais \u27f6<\/a><\/p>\n<p style=\"text-align: justify;\">Voir aussi, sur ce blog, des r\u00e9flexions sur la manipulation des foules par la terreur :<\/p>\n<ul>\n<li class=\"entry-title\"><a href=\"https:\/\/aitia.fr\/erd\/pourquoi-isis-tourne-t-il-ses-videos-en-studio\/\" target=\"_blank\">Pourquoi \u00ab ISIS \u00bb tourne-t-il ses vid\u00e9os en studio ?<\/a><\/li>\n<li class=\"entry-title\"><a href=\"https:\/\/aitia.fr\/erd\/pratiques-officielles-du-complot\/\" target=\"_blank\">Pratiques officielles du complot<\/a><\/li>\n<li class=\"entry-title\"><a href=\"https:\/\/aitia.fr\/erd\/echec-des-attentats-sous-faux-drapeau-changement-de-paradigme\/\" target=\"_blank\">\u00c9chec des attentats sous faux drapeau : changement de paradigme ?<\/a><\/li>\n<li class=\"entry-title\"><a href=\"https:\/\/aitia.fr\/erd\/documents-recemment-declassifies-du-gouvernement-des-usa-loccident-a-favorise-la-creation-de-letat-islamique\/\" target=\"_blank\">Documents r\u00e9cemment d\u00e9classifi\u00e9s du gouvernement des USA : l\u2019Occident a favoris\u00e9 la cr\u00e9ation de l\u2019\u00c9tat \u00ab Islamique \u00bb<\/a><\/li>\n<li class=\"entry-title\"><a href=\"https:\/\/aitia.fr\/erd\/revelations-le-general-israelien-fait-prisonnier-en-irak-reconnait-une-coalition-israel-isis\/\" target=\"_blank\">R\u00e9v\u00e9lations : le g\u00e9n\u00e9ral isra\u00e9lien fait prisonnier en Irak reconna\u00eet une coalition Isra\u00ebl-ISIS (VT)<\/a>\n<p class=\"entry-title\">\n<\/li>\n<\/ul>\n","protected":false},"excerpt":{"rendered":"<p>Le chanteur des Eagles of Death Metal, Jesse Hughes, a port\u00e9 de graves accusations envers les policiers parisiens, d\u00e9clarant qu\u2019ils pourraient \u00eatre complices des terroristes. \u00abQuand je suis pour la premi\u00e8re fois arriv\u00e9, et que je suis entr\u00e9, je suis pass\u00e9 devant le mec qui \u00e9tait cens\u00e9 assurer la s\u00e9curit\u00e9 des coulisses. Il ne m\u2019a [&hellip;]<\/p>\n","protected":false},"author":1,"featured_media":0,"comment_status":"open","ping_status":"open","sticky":false,"template":"","format":"standard","meta":[],"categories":[4,134],"tags":[271,173,20,71],"_links":{"self":[{"href":"https:\/\/aitia.fr\/erd\/wp-json\/wp\/v2\/posts\/6143"}],"collection":[{"href":"https:\/\/aitia.fr\/erd\/wp-json\/wp\/v2\/posts"}],"about":[{"href":"https:\/\/aitia.fr\/erd\/wp-json\/wp\/v2\/types\/post"}],"author":[{"embeddable":true,"href":"https:\/\/aitia.fr\/erd\/wp-json\/wp\/v2\/users\/1"}],"replies":[{"embeddable":true,"href":"https:\/\/aitia.fr\/erd\/wp-json\/wp\/v2\/comments?post=6143"}],"version-history":[{"count":3,"href":"https:\/\/aitia.fr\/erd\/wp-json\/wp\/v2\/posts\/6143\/revisions"}],"predecessor-version":[{"id":6147,"href":"https:\/\/aitia.fr\/erd\/wp-json\/wp\/v2\/posts\/6143\/revisions\/6147"}],"wp:attachment":[{"href":"https:\/\/aitia.fr\/erd\/wp-json\/wp\/v2\/media?parent=6143"}],"wp:term":[{"taxonomy":"category","embeddable":true,"href":"https:\/\/aitia.fr\/erd\/wp-json\/wp\/v2\/categories?post=6143"},{"taxonomy":"post_tag","embeddable":true,"href":"https:\/\/aitia.fr\/erd\/wp-json\/wp\/v2\/tags?post=6143"}],"curies":[{"name":"wp","href":"https:\/\/api.w.org\/{rel}","templated":true}]}}