{"id":611,"date":"2015-01-04T21:43:49","date_gmt":"2015-01-04T20:43:49","guid":{"rendered":"https:\/\/aitia.fr\/erd\/?p=611"},"modified":"2020-06-01T22:43:50","modified_gmt":"2020-06-01T20:43:50","slug":"le-soleil-rayonne-comme-un-corps-noir","status":"publish","type":"post","link":"https:\/\/aitia.fr\/erd\/le-soleil-rayonne-comme-un-corps-noir\/","title":{"rendered":"Le Soleil rayonne comme un corps noir"},"content":{"rendered":"<div style=\"width: 250px\" class=\"wp-caption alignleft\"><a href=\"https:\/\/commons.wikimedia.org\/wiki\/File:Solar_prominence_from_STEREO_spacecraft_September_29,_2008.jpg?uselang=fr\"><img decoding=\"async\" loading=\"lazy\" class=\"\" src=\"https:\/\/upload.wikimedia.org\/wikipedia\/commons\/thumb\/4\/42\/Solar_prominence_from_STEREO_spacecraft_September_29%2C_2008.jpg\/240px-Solar_prominence_from_STEREO_spacecraft_September_29%2C_2008.jpg?uselang=fr\" alt=\"le Soleil\" width=\"240\" height=\"240\" \/><\/a><p class=\"wp-caption-text\">le Soleil<\/p><\/div>\n<p style=\"text-align: justify;\">Cette simple phrase, qui peut passer pour un <a title=\"ha\u00efku (notice wikip\u00e9dia)\" href=\"https:\/\/fr.wikipedia.org\/wiki\/Ha\u00efku\" target=\"_blank\" rel=\"noopener noreferrer\"><em>ha\u00efku<\/em><\/a> de physicien aux yeux de\u00a0certains, ou sembler absurde \u00e0 d&#8217;autres, illustre la difficult\u00e9 pour les scientifiques de communiquer leur pens\u00e9e sans la trahir. Parce que la d\u00e9marche scientifique se veut rigoureuse et pr\u00e9cise, elle n\u00e9cessite un langage qui l&#8217;est tout autant. Parce que le langage commun l&#8217;est rarement, il devient n\u00e9cessaire de forger des mots nouveaux, ou d&#8217;utiliser des mots ordinaires dans un sens qui n&#8217;est pas le leur.<\/p>\n<p style=\"text-align: justify;\"><!--more--><\/p>\n<p style=\"text-align: justify;\">La premi\u00e8re \u00e9ventualit\u00e9 est sans risque : si je parle de <a title=\"diast\u00e9r\u00e9oisom\u00e9rie (notice Wikip\u00e9dia)\" href=\"https:\/\/fr.wikipedia.org\/wiki\/Diast\u00e9r\u00e9oisom\u00e9rie\" target=\"_blank\" rel=\"noopener noreferrer\">diast\u00e9r\u00e9oisom\u00e8res<\/a> ou de <a title=\"laplacien vectoriel (notice Wikip\u00e9dia)\" href=\"https:\/\/fr.wikipedia.org\/wiki\/Op\u00e9rateur_laplacien_vectoriel\" target=\"_blank\" rel=\"noopener noreferrer\">laplacien vectoriel<\/a>,\u00a0il y a peu de chances pour que quiconque prenne cela pour autre chose que des termes tr\u00e8s techniques ayant un sens bien pr\u00e9cis dans des disciplines bien particuli\u00e8res (respectivement, la chimie et l&#8217;analyse vectorielle). La seconde \u00e9ventualit\u00e9 comporte le risque d&#8217;\u00eatre mal compris, ou de produire des \u00e9nonc\u00e9s qui semblent absurdes, tel que le titre de cet article.<\/p>\n<p style=\"text-align: justify;\">Il faut donc admettre que pour un physicien, un <em><a title=\"corps noir (notice Wikip\u00e9dia)\" href=\"https:\/\/fr.wikipedia.org\/wiki\/Corps_noir\" target=\"_blank\" rel=\"noopener noreferrer\">corps noir<\/a><\/em> n&#8217;est pas forc\u00e9ment noir (et \u00e0 vrai dire, n&#8217;est un corps que dans le sens fourre-tout le plus g\u00e9n\u00e9ral de ce mot). Et si les livres de physique abondent en d\u00e9finitions acad\u00e9miques (certes n\u00e9cessaires), o\u00f9 il est question de cavit\u00e9s peintes en noir qu&#8217;on doit regarder par un tout petit trou, la r\u00e9alit\u00e9 pratique du <em>corps noir<\/em> est bien plus simple et, surtout, plus universelle.<\/p>\n<div style=\"width: 383px\" class=\"wp-caption alignright\"><a href=\"https:\/\/commons.wikimedia.org\/wiki\/File:LightbulbGlow.jpg?uselang=fr\"><img decoding=\"async\" loading=\"lazy\" src=\"https:\/\/upload.wikimedia.org\/wikipedia\/commons\/thumb\/d\/d7\/LightbulbGlow.jpg\/373px-LightbulbGlow.jpg?uselang=fr\" alt=\"lampe \u00e0 incandescence : son filament est un bon exemple de corps noir\" width=\"373\" height=\"480\" \/><\/a><p class=\"wp-caption-text\">lampe \u00e0 incandescence : son filament est un bon exemple de corps noir<\/p><\/div>\n<p style=\"text-align: justify;\">Un <em>corps noir<\/em>, c&#8217;est tout simplement un objet qui, <strong>par sa seule temp\u00e9rature<\/strong>, \u00e9met sa <strong>propre<\/strong> lumi\u00e8re. Et s&#8217;il est de surcro\u00eet \u00e9clair\u00e9 par une source lumineuse quelconque, il renverra certes (sauf s&#8217;il est tout noir) une partie de cette lumi\u00e8re ; mais en pratique, il est clair que le filament en fonctionnement d&#8217;une lampe \u00e0 incandescence brille bien plus en raison de sa temp\u00e9rature que d&#8217;autre chose, m\u00eame s&#8217;il n&#8217;est pas noir !<\/p>\n<p style=\"text-align: justify;\">Cette notion de <em>corps noir<\/em>, d&#8217;une grande universalit\u00e9 malgr\u00e9 le terme, a beaucoup d&#8217;applications pratiques : pour le forgeron, l&#8217;observation de la couleur du m\u00e9tal qu&#8217;il travaille a toujours \u00e9t\u00e9 pr\u00e9cieuse pour conna\u00eetre sa temp\u00e9rature, et donc les traitements qu&#8217;il peut infliger au m\u00e9tal. M\u00eame s&#8217;il ne le sait pas, il applique ainsi de fa\u00e7on empirique la <a title=\"loi de Wien (notice Wikip\u00e9dia)\" href=\"https:\/\/fr.wikipedia.org\/wiki\/Loi_du_d\u00e9placement_de_Wien\" target=\"_blank\" rel=\"noopener noreferrer\">loi de Wien<\/a>. Et aujourd&#8217;hui que nos yeux sont augment\u00e9s de proth\u00e8ses \u00e9largissant le spectre visible jusqu&#8217;\u00e0 l&#8217;infrarouge, plus besoin d&#8217;attendre qu&#8217;un objet soit chauff\u00e9 au rouge pour mesurer sans contact sa temp\u00e9rature : ainsi la <a title=\"thermographie infrarouge (notice Wikip\u00e9dia)\" href=\"https:\/\/fr.wikipedia.org\/wiki\/Thermographie\" target=\"_blank\" rel=\"noopener noreferrer\">thermographie infrarouge<\/a> est d&#8217;un grand secours pour d\u00e9tecter les d\u00e9fauts d&#8217;isolation d&#8217;un b\u00e2timent, par exemple.<\/p>\n<div style=\"width: 414px\" class=\"wp-caption alignleft\"><a href=\"https:\/\/commons.wikimedia.org\/wiki\/File:Wiki_ostrich.jpg?uselang=fr\"><img decoding=\"async\" loading=\"lazy\" class=\"\" src=\"https:\/\/upload.wikimedia.org\/wikipedia\/commons\/6\/60\/Wiki_ostrich.jpg\" alt=\"Thermographie d'autruches : les pattes et le cou sont plus chauds, c'est donc par l\u00e0 que l'animal perd le plus de chaleur.\" width=\"404\" height=\"240\" \/><\/a><p class=\"wp-caption-text\">Thermographie d&#8217;autruches : les pattes et le cou sont plus chauds, c&#8217;est donc par l\u00e0 que l&#8217;animal perd le plus de chaleur.<\/p><\/div>\n<p style=\"text-align: justify;\">Ou comprendre pourquoi\u00a0si vous adoptez\u00a0une autruche \u00e0 No\u00ebl, elle vous sera tr\u00e8s reconnaissante si vous lui offrez \u00e9charpe et bas de laine.<\/p>\n","protected":false},"excerpt":{"rendered":"<p>Cette simple phrase, qui peut passer pour un ha\u00efku de physicien aux yeux de\u00a0certains, ou sembler absurde \u00e0 d&#8217;autres, illustre la difficult\u00e9 pour les scientifiques de communiquer leur pens\u00e9e sans la trahir. Parce que la d\u00e9marche scientifique se veut rigoureuse et pr\u00e9cise, elle n\u00e9cessite un langage qui l&#8217;est tout autant. Parce que le langage commun [&hellip;]<\/p>\n","protected":false},"author":1,"featured_media":0,"comment_status":"open","ping_status":"open","sticky":false,"template":"","format":"standard","meta":[],"categories":[3,6],"tags":[104,107,105,103,106],"_links":{"self":[{"href":"https:\/\/aitia.fr\/erd\/wp-json\/wp\/v2\/posts\/611"}],"collection":[{"href":"https:\/\/aitia.fr\/erd\/wp-json\/wp\/v2\/posts"}],"about":[{"href":"https:\/\/aitia.fr\/erd\/wp-json\/wp\/v2\/types\/post"}],"author":[{"embeddable":true,"href":"https:\/\/aitia.fr\/erd\/wp-json\/wp\/v2\/users\/1"}],"replies":[{"embeddable":true,"href":"https:\/\/aitia.fr\/erd\/wp-json\/wp\/v2\/comments?post=611"}],"version-history":[{"count":22,"href":"https:\/\/aitia.fr\/erd\/wp-json\/wp\/v2\/posts\/611\/revisions"}],"predecessor-version":[{"id":15163,"href":"https:\/\/aitia.fr\/erd\/wp-json\/wp\/v2\/posts\/611\/revisions\/15163"}],"wp:attachment":[{"href":"https:\/\/aitia.fr\/erd\/wp-json\/wp\/v2\/media?parent=611"}],"wp:term":[{"taxonomy":"category","embeddable":true,"href":"https:\/\/aitia.fr\/erd\/wp-json\/wp\/v2\/categories?post=611"},{"taxonomy":"post_tag","embeddable":true,"href":"https:\/\/aitia.fr\/erd\/wp-json\/wp\/v2\/tags?post=611"}],"curies":[{"name":"wp","href":"https:\/\/api.w.org\/{rel}","templated":true}]}}