{"id":6080,"date":"2016-02-29T06:34:41","date_gmt":"2016-02-29T05:34:41","guid":{"rendered":"https:\/\/aitia.fr\/erd\/?p=6080"},"modified":"2019-05-11T21:59:10","modified_gmt":"2019-05-11T19:59:10","slug":"que-se-passe-t-il-reellement-en-syrie-ail","status":"publish","type":"post","link":"https:\/\/aitia.fr\/erd\/que-se-passe-t-il-reellement-en-syrie-ail\/","title":{"rendered":"Que se passe-t-il r\u00e9ellement en Syrie ? (AIL)"},"content":{"rendered":"<p style=\"text-align: justify;\"><img decoding=\"async\" loading=\"lazy\" class=\"alignleft wp-image-6082\" src=\"https:\/\/aitia.fr\/erd\/wp-content\/uploads\/2016\/02\/Carte_syrie.gif\" alt=\"Carte_syrie\" width=\"400\" height=\"296\" \/>[<em>Note de l&#8217;auteur de ce blog : je relaie ici une tr\u00e8s int\u00e9ressante conf\u00e9rence organis\u00e9e par <a href=\"https:\/\/web.archive.org\/web\/20170823051619\/https:\/\/www.agenceinfolibre.fr\/que-se-passe-t-il-reellement-en-syrie-regis-chamagne\/\" target=\"_blank\" rel=\"noopener noreferrer\">l&#8217;Agence Info Libre<\/a> sur les \u00e9v\u00e9nements actuels en Syrie, \u00e0 laquelle participaient 4 intervenants. La contribution de R\u00e9gis Chamagne, colonel fran\u00e7ais \u00e0 la retraite et auteur du seul ouvrage de strat\u00e9gie a\u00e9rienne en langue fran\u00e7aise, <a href=\"https:\/\/web.archive.org\/web\/20181020142303\/http:\/\/www.aerostories.org:80\/~aerobiblio\/article731.html\" target=\"_blank\" rel=\"noopener noreferrer\">&#8220;L&#8217;art de la guerre a\u00e9rienne&#8221;<\/a>, me semblant particuli\u00e8rement marquante, j&#8217;int\u00e8gre directement sa vid\u00e9o sur le blog. Il est r\u00e9confortant de voir des personnes user de raison, de recul historique et de franchise, en \u00e9non\u00e7ant clairement certains secrets de Polichinelle comme l&#8217;origine \u00e9tats-unienne et isra\u00e9lienne de l&#8217;\u00c9tat &#8220;islamique&#8221;, ou le r\u00f4le plus que trouble de la Turquie dans la r\u00e9gion (qui veut avoir &#8220;le beurre et l&#8217;argent du beurre&#8221;), ou bien encore les limites de la puissance militaire de l&#8217;Arabie Saoudite, qui ach\u00e8te beaucoup d&#8217;avions mais n&#8217;a pas les pilotes correctement form\u00e9s \u00e0 mettre dedans&#8230;<\/em>]<\/p>\n<h4 style=\"text-align: justify;\">L\u2019Agence Info Libre a organis\u00e9, le mercredi 3 f\u00e9vrier dernier, sa premi\u00e8re conf\u00e9rence dont l\u2019intitul\u00e9 est : <em>Que se passe-t-il r\u00e9ellement en Syrie ?<\/em><\/h4>\n<p>Quatre conf\u00e9renciers \u00e9taient pr\u00e9sents \u00e0 cette conf\u00e9rence:<\/p>\n<ul>\n<li style=\"text-align: justify;\"><strong>Rapha\u00ebl BERLAND<\/strong>, journaliste ind\u00e9pendant, co-fondateur du Cercle des Volontaires, auteur du documentaire \u00ab\u00a0Deux heures pour mieux comprendre la Syrie\u00a0\u00bb.<\/li>\n<li style=\"text-align: justify;\"><strong>Bassam TAHHAN<\/strong>, g\u00e9opoliticien et islamologue franco-syrien, intervenant r\u00e9gulier dans les m\u00e9dias.<\/li>\n<li style=\"text-align: justify;\"><strong>Pierre PICCININ DA PRATA<\/strong>, enseignant belge, reporter, prisonnier de guerre et r\u00e9dacteur en chef du Courrier du Maghreb et de l\u2019Orient, auteur du documentaire \u00ab\u00a0Syrie, la bataille d\u2019Alep\u00a0\u00bb (2012) et du livre \u00ab\u00a0Le pays du mal\u00a0\u00bb (2014).<\/li>\n<li style=\"text-align: justify;\">R\u00e9gis <strong>CHAMAGNE<\/strong>, strat\u00e8ge et ancien Colonel de l\u2019arm\u00e9e de l\u2019air, auteur du livre \u00ab\u00a0L\u2019art de la guerre a\u00e9rienne\u00a0\u00bb (2005).<\/li>\n<\/ul>\n<p style=\"text-align: center;\"><iframe loading=\"lazy\" src=\"https:\/\/www.youtube.com\/embed\/Xz6kuthCgsQ\" width=\"640\" height=\"360\" frameborder=\"0\" allowfullscreen=\"allowfullscreen\"><\/iframe><\/p>\n<p style=\"text-align: justify;\"><a href=\"https:\/\/web.archive.org\/web\/20170823051619\/https:\/\/www.agenceinfolibre.fr\/que-se-passe-t-il-reellement-en-syrie-regis-chamagne\/\" target=\"_blank\" rel=\"noopener noreferrer\">Continuer la lecture sur le site de l&#8217;Agence Info Libre \u27f6<\/a><\/p>\n","protected":false},"excerpt":{"rendered":"<p>[Note de l&#8217;auteur de ce blog : je relaie ici une tr\u00e8s int\u00e9ressante conf\u00e9rence organis\u00e9e par l&#8217;Agence Info Libre sur les \u00e9v\u00e9nements actuels en Syrie, \u00e0 laquelle participaient 4 intervenants. La contribution de R\u00e9gis Chamagne, colonel fran\u00e7ais \u00e0 la retraite et auteur du seul ouvrage de strat\u00e9gie a\u00e9rienne en langue fran\u00e7aise, &#8220;L&#8217;art de la guerre [&hellip;]<\/p>\n","protected":false},"author":1,"featured_media":0,"comment_status":"open","ping_status":"open","sticky":false,"template":"","format":"standard","meta":[],"categories":[134,29],"tags":[187,152,162,167,129,71,186],"_links":{"self":[{"href":"https:\/\/aitia.fr\/erd\/wp-json\/wp\/v2\/posts\/6080"}],"collection":[{"href":"https:\/\/aitia.fr\/erd\/wp-json\/wp\/v2\/posts"}],"about":[{"href":"https:\/\/aitia.fr\/erd\/wp-json\/wp\/v2\/types\/post"}],"author":[{"embeddable":true,"href":"https:\/\/aitia.fr\/erd\/wp-json\/wp\/v2\/users\/1"}],"replies":[{"embeddable":true,"href":"https:\/\/aitia.fr\/erd\/wp-json\/wp\/v2\/comments?post=6080"}],"version-history":[{"count":9,"href":"https:\/\/aitia.fr\/erd\/wp-json\/wp\/v2\/posts\/6080\/revisions"}],"predecessor-version":[{"id":12955,"href":"https:\/\/aitia.fr\/erd\/wp-json\/wp\/v2\/posts\/6080\/revisions\/12955"}],"wp:attachment":[{"href":"https:\/\/aitia.fr\/erd\/wp-json\/wp\/v2\/media?parent=6080"}],"wp:term":[{"taxonomy":"category","embeddable":true,"href":"https:\/\/aitia.fr\/erd\/wp-json\/wp\/v2\/categories?post=6080"},{"taxonomy":"post_tag","embeddable":true,"href":"https:\/\/aitia.fr\/erd\/wp-json\/wp\/v2\/tags?post=6080"}],"curies":[{"name":"wp","href":"https:\/\/api.w.org\/{rel}","templated":true}]}}