{"id":6063,"date":"2016-02-28T03:32:55","date_gmt":"2016-02-28T02:32:55","guid":{"rendered":"https:\/\/aitia.fr\/erd\/?p=6063"},"modified":"2016-02-27T22:21:12","modified_gmt":"2016-02-27T21:21:12","slug":"le-mensonge-la-nausee-et-les-sanctions-par-michel-raimbaud-cercle-des-volontaires","status":"publish","type":"post","link":"https:\/\/aitia.fr\/erd\/le-mensonge-la-nausee-et-les-sanctions-par-michel-raimbaud-cercle-des-volontaires\/","title":{"rendered":"Le mensonge, la naus\u00e9e et les sanctions, par Michel Raimbaud (Cercle des volontaires)"},"content":{"rendered":"<p style=\"text-align: justify;\"><a href=\"https:\/\/www.cercledesvolontaires.fr\/2016\/02\/23\/le-mensonge-la-nausee-et-les-sanctions-par-michel-raimbaud\/\" target=\"_blank\"><img decoding=\"async\" loading=\"lazy\" class=\"alignleft wp-image-6065\" src=\"https:\/\/aitia.fr\/erd\/wp-content\/uploads\/2016\/02\/Syrie-BLEIBEL_2012-04-20-5678.jpg\" alt=\"Syrie-BLEIBEL_2012-04-20-5678\" width=\"400\" height=\"286\" srcset=\"https:\/\/aitia.fr\/erd\/wp-content\/uploads\/2016\/02\/Syrie-BLEIBEL_2012-04-20-5678.jpg 700w, https:\/\/aitia.fr\/erd\/wp-content\/uploads\/2016\/02\/Syrie-BLEIBEL_2012-04-20-5678-300x214.jpg 300w, https:\/\/aitia.fr\/erd\/wp-content\/uploads\/2016\/02\/Syrie-BLEIBEL_2012-04-20-5678-600x429.jpg 600w\" sizes=\"(max-width: 400px) 100vw, 400px\" \/><\/a>[<em>Note de l&#8217;auteur de ce blog : il est r\u00e9confortant de voir un ancien ambassadeur de France s&#8217;exprimer ainsi. Et d\u00e9primant de savoir qu&#8217;il n&#8217;a plus aucune fonction diplomatique dans cette France occup\u00e9e.<\/em>]<\/p>\n<p style=\"text-align: justify;\">Le pire ministre des Affaires \u00e9trang\u00e8res jamais offert \u00e0 la France a d\u00e9guerpi. Il laisse derri\u00e8re lui une diplomatie ruin\u00e9e, d\u00e9cr\u00e9dibilis\u00e9e et d\u00e9moralis\u00e9e : seraient-ils les meilleurs de la plan\u00e8te, nos diplomates ne peuvent faire de miracles lorsqu\u2019ils sont amen\u00e9s \u00e0 ne d\u00e9fendre que des dossiers ind\u00e9fendables, qui les placent syst\u00e9matiquement du mauvais c\u00f4t\u00e9 de l\u2019Histoire. C\u2019est l\u00e0 que le b\u00e2t blesse.<\/p>\n<p style=\"text-align: justify;\">Le d\u00e9part d\u2019un ministre aussi \u00e9tranger aux Affaires \u00e9trang\u00e8res, qui ne se r\u00e9veillait qu\u2019au nom de Bachar al-Assad, ne fera gu\u00e8re pleurer que lui-m\u00eame et ses complices. Mais les optimistes inoxydables, inond\u00e9s d\u2019espoir l\u2019espace d\u2019un adieu, devraient se m\u00e9fier : si le pire n\u2019est jamais s\u00fbr, le meilleur l\u2019est encore moins.<\/p>\n<p style=\"text-align: justify;\">Le partant \u00e9tait un pilier du \u00ab groupe des Amis de la Syrie \u00bb, dont la liste des \u00c9tats membres illustrait alors parfaitement la sentence bien connue : avec de tels amis, plus besoin de se chercher des ennemis. Reprenant le flambeau brandi par la France lors du rezzou de l\u2019Otan sur la Libye, Fabius a tout fait pour propulser notre pays \u00e0 l\u2019avant-garde des va-t-en guerre de la vertueuse \u00ab communaut\u00e9 internationale \u00bb. N\u2019est-ce pas lui qui, mi-d\u00e9pit\u00e9 mi-gourmand, estimait en juillet 2012 qu\u2019il \u00ab reste encore quelques renforcements possibles en mati\u00e8re de sanctions \u00bb, insistant pour que la Gr\u00e8ce cesse d\u2019importer du phosphate syrien ?<\/p>\n<p style=\"text-align: justify;\"><a href=\"https:\/\/www.cercledesvolontaires.fr\/2016\/02\/23\/le-mensonge-la-nausee-et-les-sanctions-par-michel-raimbaud\/\" target=\"_blank\">Continuer la lecture sur le le Cercle des volontaires \u27f6<\/a><\/p>\n<p style=\"text-align: justify;\">\u00c0 propos du menteur multir\u00e9cidiviste Laurent Fabius, fossoyeur de la diplomatie fran\u00e7aise, sur ce blog :<\/p>\n<ul>\n<li style=\"text-align: justify;\"><em><a href=\"https:\/\/aitia.fr\/erd\/fabius-le-golf-et-le-badminton\/\" target=\"_blank\">Fabius, le golf et le badminton<\/a><\/em><\/li>\n<li style=\"text-align: justify;\"><em><a href=\"https:\/\/aitia.fr\/erd\/apologie-du-terrorisme-2\/\" target=\"_blank\">Apologie du terrorisme<\/a><\/em><\/li>\n<\/ul>\n","protected":false},"excerpt":{"rendered":"<p>[Note de l&#8217;auteur de ce blog : il est r\u00e9confortant de voir un ancien ambassadeur de France s&#8217;exprimer ainsi. Et d\u00e9primant de savoir qu&#8217;il n&#8217;a plus aucune fonction diplomatique dans cette France occup\u00e9e.] Le pire ministre des Affaires \u00e9trang\u00e8res jamais offert \u00e0 la France a d\u00e9guerpi. Il laisse derri\u00e8re lui une diplomatie ruin\u00e9e, d\u00e9cr\u00e9dibilis\u00e9e et [&hellip;]<\/p>\n","protected":false},"author":1,"featured_media":0,"comment_status":"open","ping_status":"open","sticky":false,"template":"","format":"standard","meta":[],"categories":[4,134],"tags":[117,299,155,279,12,129,71],"_links":{"self":[{"href":"https:\/\/aitia.fr\/erd\/wp-json\/wp\/v2\/posts\/6063"}],"collection":[{"href":"https:\/\/aitia.fr\/erd\/wp-json\/wp\/v2\/posts"}],"about":[{"href":"https:\/\/aitia.fr\/erd\/wp-json\/wp\/v2\/types\/post"}],"author":[{"embeddable":true,"href":"https:\/\/aitia.fr\/erd\/wp-json\/wp\/v2\/users\/1"}],"replies":[{"embeddable":true,"href":"https:\/\/aitia.fr\/erd\/wp-json\/wp\/v2\/comments?post=6063"}],"version-history":[{"count":6,"href":"https:\/\/aitia.fr\/erd\/wp-json\/wp\/v2\/posts\/6063\/revisions"}],"predecessor-version":[{"id":6070,"href":"https:\/\/aitia.fr\/erd\/wp-json\/wp\/v2\/posts\/6063\/revisions\/6070"}],"wp:attachment":[{"href":"https:\/\/aitia.fr\/erd\/wp-json\/wp\/v2\/media?parent=6063"}],"wp:term":[{"taxonomy":"category","embeddable":true,"href":"https:\/\/aitia.fr\/erd\/wp-json\/wp\/v2\/categories?post=6063"},{"taxonomy":"post_tag","embeddable":true,"href":"https:\/\/aitia.fr\/erd\/wp-json\/wp\/v2\/tags?post=6063"}],"curies":[{"name":"wp","href":"https:\/\/api.w.org\/{rel}","templated":true}]}}