{"id":5973,"date":"2016-02-15T21:48:25","date_gmt":"2016-02-15T20:48:25","guid":{"rendered":"https:\/\/aitia.fr\/erd\/?p=5973"},"modified":"2016-02-15T21:48:25","modified_gmt":"2016-02-15T20:48:25","slug":"geopolitique-de-loptimisation-fiscale-geopolintel","status":"publish","type":"post","link":"https:\/\/aitia.fr\/erd\/geopolitique-de-loptimisation-fiscale-geopolintel\/","title":{"rendered":"G\u00e9opolitique de l\u2019optimisation fiscale (geopolintel)"},"content":{"rendered":"<div class=\"chapo\">\n<p><img decoding=\"async\" loading=\"lazy\" class=\"alignleft wp-image-5975\" src=\"https:\/\/aitia.fr\/erd\/wp-content\/uploads\/2016\/02\/optimisation-fiscale-google.jpg\" alt=\"optimisation fiscale google\" width=\"400\" height=\"277\" srcset=\"https:\/\/aitia.fr\/erd\/wp-content\/uploads\/2016\/02\/optimisation-fiscale-google.jpg 800w, https:\/\/aitia.fr\/erd\/wp-content\/uploads\/2016\/02\/optimisation-fiscale-google-300x208.jpg 300w, https:\/\/aitia.fr\/erd\/wp-content\/uploads\/2016\/02\/optimisation-fiscale-google-768x532.jpg 768w, https:\/\/aitia.fr\/erd\/wp-content\/uploads\/2016\/02\/optimisation-fiscale-google-600x416.jpg 600w\" sizes=\"(max-width: 400px) 100vw, 400px\" \/>par\u00a0 Val\u00e9rie Bugault<\/p>\n<p style=\"text-align: justify;\"><strong>Petite mise au point sur l\u2019intervention de Charles-Henri Gallois, sp\u00e9cialiste des questions \u00e9conomiques \u00e0 l\u2019UPR, chez Sputnik le 5 f\u00e9vrier 2016.<\/strong><b><a id=\"nh2\" class=\"spip_note\" title=\"https:\/\/fr.sputniknews.com\/points_de...\" href=\"https:\/\/www.geopolintel.fr\/article1005.html#nb2\" rel=\"footnote\"><\/a><\/b><\/p>\n<\/div>\n<div class=\"texte entry-content\">\n<p style=\"text-align: justify;\">Suite \u00e0 l\u2019intervention le 5 f\u00e9vrier dernier sur Sputnik de Charles-Henri Gallois concernant la question de savoir si le gouvernement fran\u00e7ais, en condamnant Google \u00e0 un redressement fiscal, lutterait effectivement contre l\u2019\u00e9vasion sous forme d\u2019optimisation fiscale, une petite mise au point s\u2019impose. Le sp\u00e9cialiste des questions \u00e9conomiques de l\u2019UPR s\u2019appesantit tr\u00e8s lourdement, comme il est de bon ton de le faire \u00e0 l\u2019UPR, sur les contraintes des trait\u00e9s europ\u00e9ens \u2013 en particulier l\u2019article 63 &#8211; qui s\u2019imposent effectivement \u00e0 tous les \u00c9tats membres. Or, cette m\u00e9thode, pour le moins r\u00e9ductrice, passe sous silence les v\u00e9ritables raisons d\u2019ordre international, g\u00e9ostrat\u00e9gique et g\u00e9opolitique interdisant aux \u00c9tats occidentaux mais aussi au monde entier la possibilit\u00e9 de lutter de mani\u00e8re effective, et non seulement oratoire, contre l\u2019optimisation-\u00e9vasion fiscale.<\/p>\n<p style=\"text-align: justify;\"><a href=\"https:\/\/www.geopolintel.fr\/article1005.html\" target=\"_blank\">Continuer la lecture sur G\u00e9opolintel \u27f6<\/a><\/p>\n<p style=\"text-align: justify;\">[<em>Note de l&#8217;auteur de ce blog : \u00e0 moins d&#8217;\u00eatre un irr\u00e9cup\u00e9rable na\u00eff, chacun sait aujourd&#8217;hui que la d\u00e9linquance la plus extr\u00eame, la plus destructrice et la plus perverse est celle que pratiquent dans des ambiances climatis\u00e9es des gens tr\u00e8s propres sur eux, \u00e9voluant dans les hautes sph\u00e8res de la finance internationale. Une d\u00e9linquance directement responsable de millions de morts, affam\u00e9s, estropi\u00e9s, malades et j&#8217;en passe, et un rouage essentiel du chaos politique mondial actuel. Quand je l&#8217;aurai termin\u00e9, je ferai un commentaire de lecture de l&#8217;ouvrage remarquable de Jean-Fran\u00e7ois Gayraud, <\/em><a href=\"https:\/\/www.odilejacob.fr\/catalogue\/sciences-humaines\/droit-justice\/nouveau-capitalisme-criminel_9782738130723.php\" target=\"_blank\">Le nouveau capitalisme criminel<\/a><em>, o\u00f9 l&#8217;on apprend \u00e9galement que les armes de cette mafia financi\u00e8re sont aussi d&#8217;ordre (tr\u00e8s) technique, avec en particulier le <\/em>trading haute fr\u00e9quence<em>. Pour l&#8217;instant, je me contente de recommander chaudement sa lecture.<\/em>]<\/p>\n<\/div>\n","protected":false},"excerpt":{"rendered":"<p>par\u00a0 Val\u00e9rie Bugault Petite mise au point sur l\u2019intervention de Charles-Henri Gallois, sp\u00e9cialiste des questions \u00e9conomiques \u00e0 l\u2019UPR, chez Sputnik le 5 f\u00e9vrier 2016. Suite \u00e0 l\u2019intervention le 5 f\u00e9vrier dernier sur Sputnik de Charles-Henri Gallois concernant la question de savoir si le gouvernement fran\u00e7ais, en condamnant Google \u00e0 un redressement fiscal, lutterait effectivement contre [&hellip;]<\/p>\n","protected":false},"author":1,"featured_media":0,"comment_status":"open","ping_status":"open","sticky":false,"template":"","format":"standard","meta":[],"categories":[4,134],"tags":[292,290,291,293],"_links":{"self":[{"href":"https:\/\/aitia.fr\/erd\/wp-json\/wp\/v2\/posts\/5973"}],"collection":[{"href":"https:\/\/aitia.fr\/erd\/wp-json\/wp\/v2\/posts"}],"about":[{"href":"https:\/\/aitia.fr\/erd\/wp-json\/wp\/v2\/types\/post"}],"author":[{"embeddable":true,"href":"https:\/\/aitia.fr\/erd\/wp-json\/wp\/v2\/users\/1"}],"replies":[{"embeddable":true,"href":"https:\/\/aitia.fr\/erd\/wp-json\/wp\/v2\/comments?post=5973"}],"version-history":[{"count":7,"href":"https:\/\/aitia.fr\/erd\/wp-json\/wp\/v2\/posts\/5973\/revisions"}],"predecessor-version":[{"id":5981,"href":"https:\/\/aitia.fr\/erd\/wp-json\/wp\/v2\/posts\/5973\/revisions\/5981"}],"wp:attachment":[{"href":"https:\/\/aitia.fr\/erd\/wp-json\/wp\/v2\/media?parent=5973"}],"wp:term":[{"taxonomy":"category","embeddable":true,"href":"https:\/\/aitia.fr\/erd\/wp-json\/wp\/v2\/categories?post=5973"},{"taxonomy":"post_tag","embeddable":true,"href":"https:\/\/aitia.fr\/erd\/wp-json\/wp\/v2\/tags?post=5973"}],"curies":[{"name":"wp","href":"https:\/\/api.w.org\/{rel}","templated":true}]}}