{"id":5968,"date":"2016-02-14T15:46:40","date_gmt":"2016-02-14T14:46:40","guid":{"rendered":"https:\/\/aitia.fr\/erd\/?p=5968"},"modified":"2016-02-14T15:46:40","modified_gmt":"2016-02-14T14:46:40","slug":"le-taux-de-chomage-vient-de-tomber-a-19-en-islande-upr","status":"publish","type":"post","link":"https:\/\/aitia.fr\/erd\/le-taux-de-chomage-vient-de-tomber-a-19-en-islande-upr\/","title":{"rendered":"Le taux de ch\u00f4mage vient de tomber \u00e0 1,9% en Islande ! (UPR)"},"content":{"rendered":"<p style=\"text-align: justify;\"><img decoding=\"async\" loading=\"lazy\" class=\"alignleft wp-image-5970 size-medium\" src=\"https:\/\/aitia.fr\/erd\/wp-content\/uploads\/2016\/02\/islande-chomage-300x212.jpg\" alt=\"islande-chomage\" width=\"300\" height=\"212\" srcset=\"https:\/\/aitia.fr\/erd\/wp-content\/uploads\/2016\/02\/islande-chomage-300x212.jpg 300w, https:\/\/aitia.fr\/erd\/wp-content\/uploads\/2016\/02\/islande-chomage.jpg 480w\" sizes=\"(max-width: 300px) 100vw, 300px\" \/><strong>Le taux de ch\u00f4mage vient de tomber \u00e0 1,9% en Islande ! \u2013 Le premier ministre explique ce miracle : \u00ab nous n\u2019aurions pas pu sortir de la crise si nous avions \u00e9t\u00e9 membre de l\u2019Union europ\u00e9enne et de l\u2019euro \u00bb.<\/strong><\/p>\n<p style=\"text-align: justify;\">Le ch\u00f4mage en Islande vient de tomber \u00e0 1,9%, alors qu\u2019il avait d\u00e9pass\u00e9 les 10% au plus fort de la crise en 2008. Ce taux de ch\u00f4mage incroyablement bas est presque aussi bas que le record historique enregistr\u00e9 en 2007, avant l<span class=\"text_exposed_show\">a crise, lorsqu\u2019il \u00e9tait de 1,3%.<\/span><\/p>\n<div class=\"text_exposed_show\">\n<p style=\"text-align: justify;\">Le Premier ministre islandais Sigmundur Dav\u00ed\u00f0 Gunnlaugsson a expliqu\u00e9 r\u00e9cemment ce \u00ab\u00a0miracle\u00a0\u00bb tr\u00e8s simplement : \u00ab Nous n\u2019aurions pas pu sortir de la crise si nous avions \u00e9t\u00e9 membre de l\u2019Union europ\u00e9enne\u00bb.<\/p>\n<p style=\"text-align: justify;\"><a href=\"https:\/\/www.upr.fr\/actualite\/chute-du-chomage-en-islande-grace-a-la-sortie-de-union-europeenne\" target=\"_blank\">Continuer la lecture sur le site de l&#8217;Union Populaire R\u00e9publicaine \u27f6<\/a><\/p>\n<\/div>\n","protected":false},"excerpt":{"rendered":"<p>Le taux de ch\u00f4mage vient de tomber \u00e0 1,9% en Islande ! \u2013 Le premier ministre explique ce miracle : \u00ab nous n\u2019aurions pas pu sortir de la crise si nous avions \u00e9t\u00e9 membre de l\u2019Union europ\u00e9enne et de l\u2019euro \u00bb. Le ch\u00f4mage en Islande vient de tomber \u00e0 1,9%, alors qu\u2019il avait d\u00e9pass\u00e9 les [&hellip;]<\/p>\n","protected":false},"author":1,"featured_media":0,"comment_status":"open","ping_status":"open","sticky":false,"template":"","format":"standard","meta":[],"categories":[4,134],"tags":[289,281,169,12,225],"_links":{"self":[{"href":"https:\/\/aitia.fr\/erd\/wp-json\/wp\/v2\/posts\/5968"}],"collection":[{"href":"https:\/\/aitia.fr\/erd\/wp-json\/wp\/v2\/posts"}],"about":[{"href":"https:\/\/aitia.fr\/erd\/wp-json\/wp\/v2\/types\/post"}],"author":[{"embeddable":true,"href":"https:\/\/aitia.fr\/erd\/wp-json\/wp\/v2\/users\/1"}],"replies":[{"embeddable":true,"href":"https:\/\/aitia.fr\/erd\/wp-json\/wp\/v2\/comments?post=5968"}],"version-history":[{"count":3,"href":"https:\/\/aitia.fr\/erd\/wp-json\/wp\/v2\/posts\/5968\/revisions"}],"predecessor-version":[{"id":5972,"href":"https:\/\/aitia.fr\/erd\/wp-json\/wp\/v2\/posts\/5968\/revisions\/5972"}],"wp:attachment":[{"href":"https:\/\/aitia.fr\/erd\/wp-json\/wp\/v2\/media?parent=5968"}],"wp:term":[{"taxonomy":"category","embeddable":true,"href":"https:\/\/aitia.fr\/erd\/wp-json\/wp\/v2\/categories?post=5968"},{"taxonomy":"post_tag","embeddable":true,"href":"https:\/\/aitia.fr\/erd\/wp-json\/wp\/v2\/tags?post=5968"}],"curies":[{"name":"wp","href":"https:\/\/api.w.org\/{rel}","templated":true}]}}