{"id":5902,"date":"2016-02-03T21:26:04","date_gmt":"2016-02-03T20:26:04","guid":{"rendered":"https:\/\/aitia.fr\/erd\/?p=5902"},"modified":"2018-12-08T21:33:29","modified_gmt":"2018-12-08T20:33:29","slug":"les-dangers-du-tres-discret-projet-de-protocole-de-m-duff-vincent-brousseau-upr","status":"publish","type":"post","link":"https:\/\/aitia.fr\/erd\/les-dangers-du-tres-discret-projet-de-protocole-de-m-duff-vincent-brousseau-upr\/","title":{"rendered":"Les dangers du tr\u00e8s discret projet de protocole de M. Duff (Vincent Brousseau &#8211; UPR)"},"content":{"rendered":"<div id=\"attachment_5903\" style=\"width: 210px\" class=\"wp-caption alignleft\"><a href=\"https:\/\/www.upr.fr\/actualite\/les-dangers-du-tres-discret-projet-de-protocole-de-m-duff-par-vincent-brousseau\" target=\"_blank\"><img aria-describedby=\"caption-attachment-5903\" decoding=\"async\" loading=\"lazy\" class=\"wp-image-5903\" src=\"https:\/\/aitia.fr\/erd\/wp-content\/uploads\/2016\/02\/Andrew-Duff-300x300.jpg\" alt=\"J'ai l'air sympa, non ?\" width=\"200\" height=\"200\" srcset=\"https:\/\/aitia.fr\/erd\/wp-content\/uploads\/2016\/02\/Andrew-Duff-300x300.jpg 300w, https:\/\/aitia.fr\/erd\/wp-content\/uploads\/2016\/02\/Andrew-Duff-150x150.jpg 150w, https:\/\/aitia.fr\/erd\/wp-content\/uploads\/2016\/02\/Andrew-Duff.jpg 512w\" sizes=\"(max-width: 200px) 100vw, 200px\" \/><\/a><p id=\"caption-attachment-5903\" class=\"wp-caption-text\">J&#8217;ai l&#8217;air sympa, non ?<\/p><\/div>\n<p style=\"text-align: justify;\">[<em>Note de l&#8217;auteur de ce blog : pour qui ne conna\u00eet pas le tr\u00e8s discret et tr\u00e8s rigoureux Vincent Brousseau, ancien cadre \u00e0 la BCE, un bref <a href=\"https:\/\/www.upr.fr\/actualite\/france\/apres-15-ans-bce-vincent-brousseau-nomme-responsable-national-lupr-en-charge-leuro-questions-monetaires\" target=\"_blank\">autoportrait de lui ici<\/a>, ou encore <a href=\"https:\/\/web.archive.org\/web\/20150504225504\/https:\/\/www.agenceinfolibre.fr:80\/interview-de-vincent-brousseau-responsable-des-questions-monetaires-lupr-sur-lactualite-economique\/\" target=\"_blank\">un entretien vid\u00e9o avec lui l\u00e0<\/a>.<\/em>]<\/p>\n<p style=\"text-align: justify;\"><strong>L\u2019\u00e9tape suivante du processus de la construction europ\u00e9enne est annonc\u00e9e. Il s\u2019agit de rien moins que de la confiscation de la souverainet\u00e9 budg\u00e9taire de la nation. Un projet de \u00ab\u00a0Protocole additionnel\u00a0\u00bb aux Trait\u00e9s europ\u00e9ens, r\u00e9dig\u00e9 par un europ\u00e9iste de carri\u00e8re, donne une vision gla\u00e7ante de la fa\u00e7on dont les choses vont se passer, fort vraisemblablement \u00e0 br\u00e8ve \u00e9ch\u00e9ance.<\/strong><\/p>\n<h3><strong>La m\u00e9thode Monnet<\/strong><\/h3>\n<p style=\"text-align: justify;\">La m\u00e9thode dite \u00ab\u00a0des petits pas\u00a0\u00bb, encore appel\u00e9e \u00ab\u00a0m\u00e9thode Monnet\u00a0\u00bb, attribu\u00e9e \u00e0 Jean Monnet-Schuman, a \u00e9t\u00e9 la strat\u00e9gie de base de la construction europ\u00e9enne. Souvent d\u00e9crite comme le syst\u00e8me de l\u2019engrenage ou la m\u00e9thode du cliquet, elle est d\u2019une grande simplicit\u00e9. Elle consiste \u00e0 utiliser les acquis de cette \u00ab\u00a0construction\u00a0\u00bb europ\u00e9enne comme des pr\u00e9textes, des excuses, des justifications pour demander de nouvelles avanc\u00e9es. Ces nouvelles avanc\u00e9es, une fois obtenues, sont \u00e0 leur tour r\u00e9utilis\u00e9es de la m\u00eame fa\u00e7on, et le processus est ind\u00e9finiment r\u00e9it\u00e9r\u00e9.<\/p>\n<p style=\"text-align: justify;\">On rit souvent de l\u2019argument europ\u00e9iste qui dit que, puisque l\u2019Europe cr\u00e9e des probl\u00e8mes, il faut plus d\u2019Europe. C\u2019est un argument que nous avons tous entendu <em>ad nauseam<\/em>. Eh bien, il n\u2019y a pas de quoi rire. Tout ce qui s\u2019est construit l\u2019a \u00e9t\u00e9 sur la base de cet argument d\u2019apparence si stupide. Il\u00a0constitue l\u2019essence de la m\u00e9thode des petits pas.<\/p>\n<p style=\"text-align: justify;\"><a href=\"https:\/\/www.upr.fr\/actualite\/les-dangers-du-tres-discret-projet-de-protocole-de-m-duff-par-vincent-brousseau\" target=\"_blank\">Continuer la lecture sur le site de l&#8217;UPR \u27f6<\/a><\/p>\n","protected":false},"excerpt":{"rendered":"<p>[Note de l&#8217;auteur de ce blog : pour qui ne conna\u00eet pas le tr\u00e8s discret et tr\u00e8s rigoureux Vincent Brousseau, ancien cadre \u00e0 la BCE, un bref autoportrait de lui ici, ou encore un entretien vid\u00e9o avec lui l\u00e0.] L\u2019\u00e9tape suivante du processus de la construction europ\u00e9enne est annonc\u00e9e. Il s\u2019agit de rien moins que [&hellip;]<\/p>\n","protected":false},"author":1,"featured_media":0,"comment_status":"open","ping_status":"open","sticky":false,"template":"","format":"standard","meta":[],"categories":[4,134],"tags":[170,126,156,169,155,287],"_links":{"self":[{"href":"https:\/\/aitia.fr\/erd\/wp-json\/wp\/v2\/posts\/5902"}],"collection":[{"href":"https:\/\/aitia.fr\/erd\/wp-json\/wp\/v2\/posts"}],"about":[{"href":"https:\/\/aitia.fr\/erd\/wp-json\/wp\/v2\/types\/post"}],"author":[{"embeddable":true,"href":"https:\/\/aitia.fr\/erd\/wp-json\/wp\/v2\/users\/1"}],"replies":[{"embeddable":true,"href":"https:\/\/aitia.fr\/erd\/wp-json\/wp\/v2\/comments?post=5902"}],"version-history":[{"count":7,"href":"https:\/\/aitia.fr\/erd\/wp-json\/wp\/v2\/posts\/5902\/revisions"}],"predecessor-version":[{"id":11770,"href":"https:\/\/aitia.fr\/erd\/wp-json\/wp\/v2\/posts\/5902\/revisions\/11770"}],"wp:attachment":[{"href":"https:\/\/aitia.fr\/erd\/wp-json\/wp\/v2\/media?parent=5902"}],"wp:term":[{"taxonomy":"category","embeddable":true,"href":"https:\/\/aitia.fr\/erd\/wp-json\/wp\/v2\/categories?post=5902"},{"taxonomy":"post_tag","embeddable":true,"href":"https:\/\/aitia.fr\/erd\/wp-json\/wp\/v2\/tags?post=5902"}],"curies":[{"name":"wp","href":"https:\/\/api.w.org\/{rel}","templated":true}]}}