{"id":5701,"date":"2016-01-15T19:00:32","date_gmt":"2016-01-15T18:00:32","guid":{"rendered":"https:\/\/aitia.fr\/erd\/?p=5701"},"modified":"2016-01-15T18:10:09","modified_gmt":"2016-01-15T17:10:09","slug":"humoriste-subventionne-dieudonne-officiel","status":"publish","type":"post","link":"https:\/\/aitia.fr\/erd\/humoriste-subventionne-dieudonne-officiel\/","title":{"rendered":"Humoriste subventionn\u00e9 (Dieudonn\u00e9 Officiel)"},"content":{"rendered":"<p style=\"text-align: center;\"><iframe loading=\"lazy\" src=\"https:\/\/www.youtube.com\/embed\/CT8OS9FnhbM\" width=\"640\" height=\"360\" frameborder=\"0\" allowfullscreen=\"allowfullscreen\"><\/iframe><\/p>\n<p style=\"text-align: justify;\">[<em>Note de l&#8217;auteur de ce blog : qui attise la haine et le communautarisme ? Qui est obs\u00e9d\u00e9 par les juifs ? Un Premier Ministre de la R\u00e9publique Fran\u00e7aise (la\u00efque) peut-il d\u00e9clarer &#8220;la flamme du juda\u00efsme est l&#8217;\u00e2me de la r\u00e9publique&#8221; sans \u00eatre imm\u00e9diatement pri\u00e9 de d\u00e9missionner par le chef de l&#8217;\u00c9tat ?<\/em>]<\/p>\n","protected":false},"excerpt":{"rendered":"<p>[Note de l&#8217;auteur de ce blog : qui attise la haine et le communautarisme ? Qui est obs\u00e9d\u00e9 par les juifs ? Un Premier Ministre de la R\u00e9publique Fran\u00e7aise (la\u00efque) peut-il d\u00e9clarer &#8220;la flamme du juda\u00efsme est l&#8217;\u00e2me de la r\u00e9publique&#8221; sans \u00eatre imm\u00e9diatement pri\u00e9 de d\u00e9missionner par le chef de l&#8217;\u00c9tat ?]<\/p>\n","protected":false},"author":1,"featured_media":0,"comment_status":"open","ping_status":"open","sticky":false,"template":"","format":"video","meta":[],"categories":[4,5],"tags":[261,40,31,151],"_links":{"self":[{"href":"https:\/\/aitia.fr\/erd\/wp-json\/wp\/v2\/posts\/5701"}],"collection":[{"href":"https:\/\/aitia.fr\/erd\/wp-json\/wp\/v2\/posts"}],"about":[{"href":"https:\/\/aitia.fr\/erd\/wp-json\/wp\/v2\/types\/post"}],"author":[{"embeddable":true,"href":"https:\/\/aitia.fr\/erd\/wp-json\/wp\/v2\/users\/1"}],"replies":[{"embeddable":true,"href":"https:\/\/aitia.fr\/erd\/wp-json\/wp\/v2\/comments?post=5701"}],"version-history":[{"count":2,"href":"https:\/\/aitia.fr\/erd\/wp-json\/wp\/v2\/posts\/5701\/revisions"}],"predecessor-version":[{"id":5703,"href":"https:\/\/aitia.fr\/erd\/wp-json\/wp\/v2\/posts\/5701\/revisions\/5703"}],"wp:attachment":[{"href":"https:\/\/aitia.fr\/erd\/wp-json\/wp\/v2\/media?parent=5701"}],"wp:term":[{"taxonomy":"category","embeddable":true,"href":"https:\/\/aitia.fr\/erd\/wp-json\/wp\/v2\/categories?post=5701"},{"taxonomy":"post_tag","embeddable":true,"href":"https:\/\/aitia.fr\/erd\/wp-json\/wp\/v2\/tags?post=5701"}],"curies":[{"name":"wp","href":"https:\/\/api.w.org\/{rel}","templated":true}]}}