{"id":5450,"date":"2015-12-25T00:00:45","date_gmt":"2015-12-24T23:00:45","guid":{"rendered":"https:\/\/aitia.fr\/erd\/?p=5450"},"modified":"2018-12-08T21:32:52","modified_gmt":"2018-12-08T20:32:52","slug":"noel-comment-un-nouveau-ne-peut-reconcilier-lhumanite-pr-joyeux","status":"publish","type":"post","link":"https:\/\/aitia.fr\/erd\/noel-comment-un-nouveau-ne-peut-reconcilier-lhumanite-pr-joyeux\/","title":{"rendered":"No\u00ebl : comment un nouveau-n\u00e9 peut r\u00e9concilier l\u2019Humanit\u00e9 ? (Pr. Joyeux)"},"content":{"rendered":"<h2><a href=\"https:\/\/web.archive.org\/web\/20170623152054\/https:\/\/professeur-joyeux.com\/noel-nouveau-ne-reconcilier-lhumanite\/\"><img decoding=\"async\" loading=\"lazy\" class=\"alignleft wp-image-5451 size-medium\" src=\"https:\/\/aitia.fr\/erd\/wp-content\/uploads\/2015\/12\/Noel-comment-un-nouveau-ne-peut-reconcilier-l-humanite-300x160.jpg\" alt=\"Noel-comment-un-nouveau-ne-peut-reconcilier-l-humanite\" width=\"300\" height=\"160\" srcset=\"https:\/\/aitia.fr\/erd\/wp-content\/uploads\/2015\/12\/Noel-comment-un-nouveau-ne-peut-reconcilier-l-humanite-300x160.jpg 300w, https:\/\/aitia.fr\/erd\/wp-content\/uploads\/2015\/12\/Noel-comment-un-nouveau-ne-peut-reconcilier-l-humanite-600x320.jpg 600w, https:\/\/aitia.fr\/erd\/wp-content\/uploads\/2015\/12\/Noel-comment-un-nouveau-ne-peut-reconcilier-l-humanite.jpg 690w\" sizes=\"(max-width: 300px) 100vw, 300px\" \/><\/a>No\u00ebl : Un monde de violence qui aspire \u00e0 la douceur<\/h2>\n<p style=\"text-align: justify;\">L\u2019ann\u00e9e derni\u00e8re pour No\u00ebl, f\u00eates de la douceur, je faisais parler avec humour <a href=\"https:\/\/web.archive.org\/web\/20170623115858\/https:\/\/professeur-joyeux.com\/noel-votre-peau-vous-parle\/\" target=\"_blank\">notre peau qui r\u00e9clame tant de soins et d\u2019amour<\/a>. Comme toutes mes autres lettres, elle est sur mon site <a href=\"https:\/\/web.archive.org\/web\/20181202153759\/https:\/\/professeur-joyeux.com\/\" target=\"_blank\">Professeur-Joyeux.com<\/a><\/p>\n<p style=\"text-align: justify;\">Aujourd\u2019hui je voudrais aller plus loin dans la r\u00e9flexion.<br \/>\nR\u00e9cemment un \u00e9minent coll\u00e8gue et ami, professeur de Droit me souhaitait de belles f\u00eates de No\u00ebl avec \u00ab\u00a0cet Enfant qui r\u00e9concilie tout\u00a0\u00bb.<br \/>\nCela me rappelait l\u2019enfant noy\u00e9 en M\u00e9diterran\u00e9e, trouv\u00e9 au bord d\u2019une plage. Sa photo a fait en 24 heures le tour du monde. Elle a r\u00e9veill\u00e9 notre humanit\u00e9 endormie face \u00e0 l\u2019intol\u00e9rable drame des migrants qui fuient la barbarie.<\/p>\n<p style=\"text-align: justify;\">Les sombres jours de novembre en France apr\u00e8s ceux de janvier et les images atroces qui ont inond\u00e9 les m\u00e9dias et les tweets ont d\u00e9clench\u00e9 un peu partout en Europe des peurs parfois incontr\u00f4l\u00e9es, des maux de guerre. A Montpellier j\u2019ai du annuler en d\u00e9cembre deux journ\u00e9es ax\u00e9es sur la M\u00e9decine du Futur pour raisons de s\u00e9curit\u00e9.<\/p>\n<p style=\"text-align: justify;\"><strong>Qui arr\u00eatera les peurs et les violences qui perturbent la vie quotidienne de tant de pays en guerre ?<\/strong><br \/>\nLes politiques internationaux se disputent le leadership comme des enfants et n\u2019y parviennent pas, noy\u00e9s dans leur complexit\u00e9, sauf \u00e0 mettre en danger \u2013 sous pr\u00e9texte que c\u2019est leur mission -, des jeunes militaires qui ont choisi de donner leur vie pour nous d\u00e9fendre, pas pour tuer des fr\u00e8res en humanit\u00e9.<\/p>\n<p style=\"text-align: justify;\"><strong>Que manque-t-il \u00e0 notre Humanit\u00e9 ?<\/strong><\/p>\n<p style=\"text-align: justify;\"><a href=\"https:\/\/web.archive.org\/web\/20170623152054\/https:\/\/professeur-joyeux.com\/noel-nouveau-ne-reconcilier-lhumanite\/\" target=\"_blank\">Continuer la lecture sur professeur-joyeux.com \u27f6<\/a><\/p>\n","protected":false},"excerpt":{"rendered":"<p>No\u00ebl : Un monde de violence qui aspire \u00e0 la douceur L\u2019ann\u00e9e derni\u00e8re pour No\u00ebl, f\u00eates de la douceur, je faisais parler avec humour notre peau qui r\u00e9clame tant de soins et d\u2019amour. Comme toutes mes autres lettres, elle est sur mon site Professeur-Joyeux.com Aujourd\u2019hui je voudrais aller plus loin dans la r\u00e9flexion. R\u00e9cemment un [&hellip;]<\/p>\n","protected":false},"author":1,"featured_media":0,"comment_status":"open","ping_status":"open","sticky":false,"template":"","format":"standard","meta":[],"categories":[134],"tags":[248],"_links":{"self":[{"href":"https:\/\/aitia.fr\/erd\/wp-json\/wp\/v2\/posts\/5450"}],"collection":[{"href":"https:\/\/aitia.fr\/erd\/wp-json\/wp\/v2\/posts"}],"about":[{"href":"https:\/\/aitia.fr\/erd\/wp-json\/wp\/v2\/types\/post"}],"author":[{"embeddable":true,"href":"https:\/\/aitia.fr\/erd\/wp-json\/wp\/v2\/users\/1"}],"replies":[{"embeddable":true,"href":"https:\/\/aitia.fr\/erd\/wp-json\/wp\/v2\/comments?post=5450"}],"version-history":[{"count":4,"href":"https:\/\/aitia.fr\/erd\/wp-json\/wp\/v2\/posts\/5450\/revisions"}],"predecessor-version":[{"id":11769,"href":"https:\/\/aitia.fr\/erd\/wp-json\/wp\/v2\/posts\/5450\/revisions\/11769"}],"wp:attachment":[{"href":"https:\/\/aitia.fr\/erd\/wp-json\/wp\/v2\/media?parent=5450"}],"wp:term":[{"taxonomy":"category","embeddable":true,"href":"https:\/\/aitia.fr\/erd\/wp-json\/wp\/v2\/categories?post=5450"},{"taxonomy":"post_tag","embeddable":true,"href":"https:\/\/aitia.fr\/erd\/wp-json\/wp\/v2\/tags?post=5450"}],"curies":[{"name":"wp","href":"https:\/\/api.w.org\/{rel}","templated":true}]}}