{"id":5399,"date":"2015-12-16T14:16:03","date_gmt":"2015-12-16T13:16:03","guid":{"rendered":"https:\/\/aitia.fr\/erd\/?p=5399"},"modified":"2016-11-10T14:43:56","modified_gmt":"2016-11-10T13:43:56","slug":"gilles-clavreul-suscite-la-colere-des-militants-antiracistes-er","status":"publish","type":"post","link":"https:\/\/aitia.fr\/erd\/gilles-clavreul-suscite-la-colere-des-militants-antiracistes-er\/","title":{"rendered":"Gilles Clavreul suscite la col\u00e8re des militants antiracistes (E&#038;R)"},"content":{"rendered":"<h3 class=\"spip\"><a href=\"https:\/\/aitia.fr\/erd\/wp-content\/uploads\/2015\/12\/7509433.jpg\" target=\"_blank\"><img decoding=\"async\" loading=\"lazy\" class=\"alignleft wp-image-5401\" src=\"https:\/\/aitia.fr\/erd\/wp-content\/uploads\/2015\/12\/7509433.jpg\" alt=\"7509433\" width=\"400\" height=\"225\" srcset=\"https:\/\/aitia.fr\/erd\/wp-content\/uploads\/2015\/12\/7509433.jpg 1000w, https:\/\/aitia.fr\/erd\/wp-content\/uploads\/2015\/12\/7509433-300x169.jpg 300w, https:\/\/aitia.fr\/erd\/wp-content\/uploads\/2015\/12\/7509433-768x432.jpg 768w, https:\/\/aitia.fr\/erd\/wp-content\/uploads\/2015\/12\/7509433-600x337.jpg 600w\" sizes=\"(max-width: 400px) 100vw, 400px\" \/><\/a>Il y a antiracisme et antiracisme<\/h3>\n<p style=\"text-align: justify;\"><strong>Si la situation intercommunautaire n\u2019\u00e9tait pas aussi tendue en France, on prendrait le temps de rire de cet \u00e9pisode ubuesque. Pensez donc, les professionnels de l\u2019antiracisme form\u00e9s par cet ami des peuples qu\u2019est le Parti socialiste se heurtent au poisson-pilote des associations antiracistes qui placent l\u2019antis\u00e9mitisme au-dessus du racisme antinoir et anti-arabe. Parce qu\u2019il faut dire les choses, et ne pas tourner autour comme le font les m\u00e9dias qui ont les chocottes desdites associations. <\/strong><\/p>\n<p style=\"text-align: justify;\">Dans ce pugilat par r\u00e9seaux sociaux interpos\u00e9s, comme les choses ne sont pas dites, on se bat \u00e0 coups d\u2019antiracisme\u00a0: c\u2019est \u00e0 qui sera le plus antiraciste. \u00c9videmment, \u00e0 ce petit jeu, le d\u00e9l\u00e9gu\u00e9 interminist\u00e9riel, engag\u00e9 pour jeter de l\u2019huile sur le feu par les marionnettistes de Manuel Valls (le dessin arrive), perd immanquablement, tant sa fonction est louche.<\/p>\n<p style=\"text-align: justify;\"><!--more--><\/p>\n<p style=\"text-align: justify;\">Vous voulez qu\u2019on aille plus loin\u00a0? OK. Il n\u2019est l\u00e0 que pour cr\u00e9er un amalgame entre les musulmans fran\u00e7ais et les terroristes islamistes, pour que la communaut\u00e9 musulmane mette un genou \u00e0 terre, et se soumette \u00e0 la communaut\u00e9 juive. Parce qu\u2019il semble que la premi\u00e8re n\u2019est pas suffisamment align\u00e9e sur les d\u00e9sirs de la seconde. On dit qu\u2019elle n\u2019est pas assez <i>int\u00e9gr\u00e9e<\/i>. Ben oui, \u00e0 chaque manif sur la Palestine ou boycott des produits isra\u00e9liens, il y a une majorit\u00e9 de musulmans. On dirait qu\u2019ils ont pas compris qui dirige\u00a0!<\/p>\n<p style=\"text-align: justify;\"><a href=\"https:\/\/www.egaliteetreconciliation.fr\/Gilles-Clavreul-suscite-la-colere-des-militants-antiracistes-36694.html\" target=\"_blank\">Continuer la lecture sur \u00c9galite &amp; R\u00e9conciliation \u27f6<\/a><\/p>\n<p style=\"text-align: justify;\">[<em><strong>Commentaire de l&#8217;auteur de ce blog :<\/strong> l&#8217;id\u00e9e que l&#8217;antiracisme institutionnel soit en r\u00e9alit\u00e9 une forme particuli\u00e8rement perverse de racisme (parce que v\u00e9hiculant l&#8217;id\u00e9e qu&#8217;on aurait moins le droit de condamner des criminels, escrocs ou imposteurs en raison d&#8217;une ethnie diff\u00e9rente de la sienne, par exemple) n&#8217;est pas nouvelle.<\/em><\/p>\n<p style=\"text-align: justify;\"><em>Ce qui l&#8217;est par contre, c&#8217;est la conscience de cette manipulation par les &#8220;antiracistes&#8221; sinc\u00e8res \u00e0 la base de ces associations, n&#8217;ayant pas l&#8217;esprit suffisamment clair pour comprendre que le v\u00e9ritable antiraciste est celui qui <a href=\"https:\/\/www.youtube.com\/watch?v=PlUKOckevqo\" target=\"_blank\">ne tient aucun compte de la race<\/a> dans ses paroles et ses actes, et non <a href=\"https:\/\/aitia.fr\/erd\/la-logique-glissante-des-antiracistes-de-facade\/\" target=\"_blank\">celui qui tente (en vain) de d\u00e9montrer &#8220;scientifiquement&#8221; que les racistes ont tort<\/a>. Mais les &#8220;antiracistes&#8221; (faux) du sommet \u00e9tant contraints \u00e0 la surench\u00e8re dans l&#8217;absurde, par exemple en restant sourds et aveugles \u00e0 <a href=\"https:\/\/web.archive.org\/web\/20160201151256\/https:\/\/www.likoud.fr\/index.php?option=com_content&amp;task=view&amp;id=81\" target=\"_blank\">l&#8217;appel \u00e0 l&#8217;extermination nucl\u00e9aire d&#8217;un peuple<\/a> lanc\u00e9s par des hyper-racistes juifs sionistes, la dissonance cognitive produit un effet salutaire dans les consciences amollies.<\/em><\/p>\n<p style=\"text-align: justify;\"><em>Amollies sur le plan de la logique peut-\u00eatre, mais pas vraiment pour ce qui est du sentiment d&#8217;injustice. Il semble qu&#8217;\u00e0 trop se situer au-dessus des lois et de la morale, &#8220;l&#8217;\u00e9lite&#8221; dirigeante ait oubli\u00e9 un fait simple et robuste : le peuple, quel que soit son niveau d&#8217;\u00e9ducation, a une conscience aigu\u00eb de l&#8217;injustice. Et la seule fa\u00e7on de le tromper consiste non pas \u00e0 lui faire prendre une injustice pour de la justice, mais \u00e0 lui d\u00e9signer <a href=\"https:\/\/aitia.fr\/erd\/echec-des-attentats-sous-faux-drapeau-changement-de-paradigme\/\" target=\"_blank\">un faux coupable \u00e0 la place d&#8217;un vrai<\/a>. Ce qui peut fonctionner un certain temps si le bouc \u00e9missaire est lointain et mal connu, mais fonctionne de moins en moins bien quand le faux coupable est le voisin et compagnon de gal\u00e8re.<\/em><\/p>\n<p style=\"text-align: justify;\"><em>Voil\u00e0 pourquoi, apr\u00e8s avoir tent\u00e9 l&#8217;arnaque du mill\u00e9naire en essayant de faire croire \u00e0 des terroristes islamistes \u00e0 cutter capables de <a href=\"https:\/\/aitia.fr\/erd\/jerome-quirant-et-la-pile-dassiettes-2-la-physique-newtonienne\/\" target=\"_blank\">toucher en plein c\u0153ur<\/a> l&#8217;hyperpuissance militaire mondiale, et apr\u00e8s en avoir remis une couche bien \u00e9paisse dans la mise en sc\u00e8ne de la barbarie (trop m\u00eame, <a href=\"https:\/\/aitia.fr\/erd\/pourquoi-isis-tourne-t-il-ses-videos-en-studio\/\" target=\"_blank\">au point d&#8217;\u00e9veiller les soup\u00e7ons<\/a>), l&#8217;hyperclasse mondiale (qui n&#8217;est ni am\u00e9ricaine, ni juive, ni franc-ma\u00e7onne, ou de toute autre cat\u00e9gorie simple, mais juste d\u00e9finie par un d\u00e9lire criminel de pouvoir absolu) finira par tomber gr\u00e2ce \u00e0 de simples citoyens, et <a href=\"https:\/\/aitia.fr\/erd\/eloge-du-handicap\/\" target=\"_blank\">pourquoi pas handicap\u00e9s<\/a>.<\/em>]<\/p>\n<p style=\"text-align: justify;\"><code>\n<style type=\"text\/css\">\n<!--\n\n.prisna-gwt-align-left {\n\ttext-align: left !important;\n}\n.prisna-gwt-align-right {\n\ttext-align: right !important;\n}\n\n\n.prisna-gwt-flags-container {\n\tlist-style: none !important;\n\tmargin: 0 !important;\n\tpadding: 0 !important;\n\tborder: none !important;\n\tclear: both !important;\n}\n.prisna-gwt-flag-container {\n\tlist-style: none !important;\n\tdisplay: inline-block;\n\tmargin: 0 2px 0 0 !important;\n\tpadding: 0 !important;\n\tborder: none !important;\n}\n.prisna-gwt-flag-container a {\n\tdisplay: inline-block;\n\tmargin: 0 !important;\n\tpadding: 0 !important;\n\tborder: none !important;\n\tbackground-repeat: no-repeat !important;\n\tbackground-image: url(https:\/\/aitia.fr\/erd\/wp-content\/plugins\/google-website-translator\/images\/all.png) !important;\n\twidth: 22px !important;\n\theight: 16px !important;\n}\n.prisna-gwt-language-en a { background-position: 0px 0px !important; }\n.prisna-gwt-language-ar a { background-position: -44px -32px !important; }\n.prisna-gwt-language-eu a { background-position: -110px -32px !important; }\n.prisna-gwt-language-bg a { background-position: -198px -32px !important; }\n.prisna-gwt-language-ca a { background-position: 0px -48px !important; }\n.prisna-gwt-language-zh-CN a { background-position: -132px 0px !important; }\n.prisna-gwt-language-zh-TW a { background-position: -154px 0px !important; }\n.prisna-gwt-language-cs a { background-position: -88px -48px !important; }\n.prisna-gwt-language-da a { background-position: -110px -16px !important; }\n.prisna-gwt-language-nl a { background-position: -44px 0px !important; }\n.prisna-gwt-language-fr a { background-position: -22px 0px !important; }\n.prisna-gwt-language-de a { background-position: -88px 0px !important; }\n.prisna-gwt-language-el a { background-position: -66px 0px !important; }\n.prisna-gwt-language-ga a { background-position: -110px -64px !important; }\n.prisna-gwt-language-it a { background-position: -176px -16px !important; }\n.prisna-gwt-language-ja a { background-position: -198px -16px !important; }\n.prisna-gwt-language-km a { background-position: -154px -64px !important; }\n.prisna-gwt-language-ko a { background-position: -176px -64px !important; }\n.prisna-gwt-language-ms a { background-position: -88px -80px !important; }\n.prisna-gwt-language-no a { background-position: -88px -16px !important; }\n.prisna-gwt-language-fa a { background-position: 0px -96px !important; }\n.prisna-gwt-language-pl a { background-position: -176px 0px !important; }\n.prisna-gwt-language-pt a { background-position: -198px 0px !important; }\n.prisna-gwt-language-pa a { background-position: -22px -16px !important; }\n.prisna-gwt-language-ro a { background-position: -44px -16px !important; }\n.prisna-gwt-language-ru a { background-position: -66px -16px !important; }\n.prisna-gwt-language-sr a { background-position: -22px -96px !important; }\n.prisna-gwt-language-es a { background-position: -110px 0px !important; }\n.prisna-gwt-language-th a { background-position: 0px -16px !important; }\n.prisna-gwt-language-tr a { background-position: -154px -96px !important; }\n.prisna-gwt-language-uk a { background-position: -176px -96px !important; }\n.prisna-gwt-language-vi a { background-position: -22px -64px !important; }\n\n\n#goog-gt-tt,\n.goog-tooltip,\n.goog-tooltip:hover {\n\tdisplay: none !important;\n}\n.goog-text-highlight {\n\tbackground-color: transparent !important;\n\tborder: none !important;\n\tbox-shadow: none !important;\n}\n.translated-rtl font,\n.translated-ltr font {\n\tbackground-color: transparent !important;\n\tbox-shadow: none !important;\n\tbox-sizing: border-box !important;\n\t-webkit-box-sizing: border-box !important;\n\t-moz-box-sizing: border-box !important;\n}\n\n-->\n<\/style>\n\n\n\n<script type=\"text\/javascript\">\n\/*<![CDATA[*\/\nvar PrisnaGWT = {\n\n\t_fire_event: function(_element, _event) {\n\t\t\n\t\ttry {\n\t\t\tif (document.createEvent) {\n\t\t\t\tvar ev = document.createEvent(\"HTMLEvents\");\n\t\t\t\tev.initEvent(_event, true, true);\n\t\t\t\t_element.dispatchEvent(ev);\n\t\t\t} \n\t\t\telse {\n\t\t\t\tvar ev = document.createEventObject();\n\t\t\t\t_element.fireEvent(\"on\" + _event, ev);\n\t\t\t}\n\t\t} \n\t\tcatch (e) {\n\t\t\tconsole.log(\"Prisna GWT: Browser not supported!\");\n\t\t}\n\t\t\n\t},\n\n\t_restore: function() {\n\n\t\tvar b, d = false;\n\t\tvar c =  document.getElementById(\"\\:1\\.container\");\n\t\tif (c)\n\t\t\td = c.contentWindow.document.getElementById(\"\\:1\\.restore\");\n\t\t\n\t\tif (d)\n\t\t\tthis._fire_event(d, \"click\");\n\n\t},\n\t\n\ttranslate: function(_language) {\n\t\n\t\tvar element;\n\t\tvar combos = document.getElementsByTagName(\"select\"); \/\/ IE8 doesn't support getElementsByClassName\n\t\t\n\t\tfor (var i=0; i<combos.length; i++)\n\t\t\tif (combos[i].className == \"goog-te-combo\")\n\t\t\t\telement = combos[i];\n\t\t\n\t\tif (!element)\n\t\t\treturn;\n\t\t\n\t\tif (_language == \"fr\")\n\t\t\tthis._restore();\n\t\telse {\n\t\t\telement.value = _language;\n\t\t\tthis._fire_event(element, \"change\");\n\t\t}\n\n\t}\n\t\n};\n\/*]]>*\/\n<\/script>\n<ul class=\"prisna-gwt-flags-container prisna-gwt-align-right notranslate\">\n\t<li class=\"prisna-gwt-flag-container prisna-gwt-language-ar\">\n\t<a href=\"javascript:;\" onclick=\"PrisnaGWT.translate('ar'); return false;\" title=\"Arabic\"><\/a>\n<\/li><li class=\"prisna-gwt-flag-container prisna-gwt-language-zh-CN\">\n\t<a href=\"javascript:;\" onclick=\"PrisnaGWT.translate('zh-CN'); return false;\" title=\"Chinese Simplified\"><\/a>\n<\/li><li class=\"prisna-gwt-flag-container prisna-gwt-language-zh-TW\">\n\t<a href=\"javascript:;\" onclick=\"PrisnaGWT.translate('zh-TW'); return false;\" title=\"Chinese Traditional\"><\/a>\n<\/li><li class=\"prisna-gwt-flag-container prisna-gwt-language-nl\">\n\t<a href=\"javascript:;\" onclick=\"PrisnaGWT.translate('nl'); return false;\" title=\"Dutch\"><\/a>\n<\/li><li class=\"prisna-gwt-flag-container prisna-gwt-language-en\">\n\t<a href=\"javascript:;\" onclick=\"PrisnaGWT.translate('en'); return false;\" title=\"English\"><\/a>\n<\/li><li class=\"prisna-gwt-flag-container prisna-gwt-language-fr\">\n\t<a href=\"javascript:;\" onclick=\"PrisnaGWT.translate('fr'); return false;\" title=\"French\"><\/a>\n<\/li><li class=\"prisna-gwt-flag-container prisna-gwt-language-de\">\n\t<a href=\"javascript:;\" onclick=\"PrisnaGWT.translate('de'); return false;\" title=\"German\"><\/a>\n<\/li><li class=\"prisna-gwt-flag-container prisna-gwt-language-el\">\n\t<a href=\"javascript:;\" onclick=\"PrisnaGWT.translate('el'); return false;\" title=\"Greek\"><\/a>\n<\/li><li class=\"prisna-gwt-flag-container prisna-gwt-language-it\">\n\t<a href=\"javascript:;\" onclick=\"PrisnaGWT.translate('it'); return false;\" title=\"Italian\"><\/a>\n<\/li><li class=\"prisna-gwt-flag-container prisna-gwt-language-ja\">\n\t<a href=\"javascript:;\" onclick=\"PrisnaGWT.translate('ja'); return false;\" title=\"Japanese\"><\/a>\n<\/li><li class=\"prisna-gwt-flag-container prisna-gwt-language-ms\">\n\t<a href=\"javascript:;\" onclick=\"PrisnaGWT.translate('ms'); return false;\" title=\"Malay\"><\/a>\n<\/li><li class=\"prisna-gwt-flag-container prisna-gwt-language-fa\">\n\t<a href=\"javascript:;\" onclick=\"PrisnaGWT.translate('fa'); return false;\" title=\"Persian\"><\/a>\n<\/li><li class=\"prisna-gwt-flag-container prisna-gwt-language-pt\">\n\t<a href=\"javascript:;\" onclick=\"PrisnaGWT.translate('pt'); return false;\" title=\"Portuguese\"><\/a>\n<\/li><li class=\"prisna-gwt-flag-container prisna-gwt-language-ro\">\n\t<a href=\"javascript:;\" onclick=\"PrisnaGWT.translate('ro'); return false;\" title=\"Romanian\"><\/a>\n<\/li><li class=\"prisna-gwt-flag-container prisna-gwt-language-ru\">\n\t<a href=\"javascript:;\" onclick=\"PrisnaGWT.translate('ru'); return false;\" title=\"Russian\"><\/a>\n<\/li><li class=\"prisna-gwt-flag-container prisna-gwt-language-es\">\n\t<a href=\"javascript:;\" onclick=\"PrisnaGWT.translate('es'); return false;\" title=\"Spanish\"><\/a>\n<\/li><li class=\"prisna-gwt-flag-container prisna-gwt-language-uk\">\n\t<a href=\"javascript:;\" onclick=\"PrisnaGWT.translate('uk'); return false;\" title=\"Ukrainian\"><\/a>\n<\/li><li class=\"prisna-gwt-flag-container prisna-gwt-language-vi\">\n\t<a href=\"javascript:;\" onclick=\"PrisnaGWT.translate('vi'); return false;\" title=\"Vietnamese\"><\/a>\n<\/li><li class=\"prisna-gwt-flag-container prisna-gwt-language-cs\">\n\t<a href=\"javascript:;\" onclick=\"PrisnaGWT.translate('cs'); return false;\" title=\"Czech\"><\/a>\n<\/li><li class=\"prisna-gwt-flag-container prisna-gwt-language-eu\">\n\t<a href=\"javascript:;\" onclick=\"PrisnaGWT.translate('eu'); return false;\" title=\"Basque\"><\/a>\n<\/li><li class=\"prisna-gwt-flag-container prisna-gwt-language-bg\">\n\t<a href=\"javascript:;\" onclick=\"PrisnaGWT.translate('bg'); return false;\" title=\"Bulgarian\"><\/a>\n<\/li><li class=\"prisna-gwt-flag-container prisna-gwt-language-ca\">\n\t<a href=\"javascript:;\" onclick=\"PrisnaGWT.translate('ca'); return false;\" title=\"Catalan\"><\/a>\n<\/li><li class=\"prisna-gwt-flag-container prisna-gwt-language-da\">\n\t<a href=\"javascript:;\" onclick=\"PrisnaGWT.translate('da'); return false;\" title=\"Danish\"><\/a>\n<\/li><li class=\"prisna-gwt-flag-container prisna-gwt-language-ga\">\n\t<a href=\"javascript:;\" onclick=\"PrisnaGWT.translate('ga'); return false;\" title=\"Irish\"><\/a>\n<\/li><li class=\"prisna-gwt-flag-container prisna-gwt-language-ko\">\n\t<a href=\"javascript:;\" onclick=\"PrisnaGWT.translate('ko'); return false;\" title=\"Korean\"><\/a>\n<\/li><li class=\"prisna-gwt-flag-container prisna-gwt-language-km\">\n\t<a href=\"javascript:;\" onclick=\"PrisnaGWT.translate('km'); return false;\" title=\"Khmer\"><\/a>\n<\/li><li class=\"prisna-gwt-flag-container prisna-gwt-language-no\">\n\t<a href=\"javascript:;\" onclick=\"PrisnaGWT.translate('no'); return false;\" title=\"Norwegian\"><\/a>\n<\/li><li class=\"prisna-gwt-flag-container prisna-gwt-language-pl\">\n\t<a href=\"javascript:;\" onclick=\"PrisnaGWT.translate('pl'); return false;\" title=\"Polish\"><\/a>\n<\/li><li class=\"prisna-gwt-flag-container prisna-gwt-language-pa\">\n\t<a href=\"javascript:;\" onclick=\"PrisnaGWT.translate('pa'); return false;\" title=\"Punjabi\"><\/a>\n<\/li><li class=\"prisna-gwt-flag-container prisna-gwt-language-sr\">\n\t<a href=\"javascript:;\" onclick=\"PrisnaGWT.translate('sr'); return false;\" title=\"Serbian\"><\/a>\n<\/li><li class=\"prisna-gwt-flag-container prisna-gwt-language-th\">\n\t<a href=\"javascript:;\" onclick=\"PrisnaGWT.translate('th'); return false;\" title=\"Thai\"><\/a>\n<\/li><li class=\"prisna-gwt-flag-container prisna-gwt-language-tr\">\n\t<a href=\"javascript:;\" onclick=\"PrisnaGWT.translate('tr'); return false;\" title=\"Turkish\"><\/a>\n<\/li>\n<\/ul>\n\n<div id=\"google_translate_element\" class=\"prisna-gwt-align-right\"><\/div>\n<script type=\"text\/javascript\">\n\/*<![CDATA[*\/\nfunction initializeGoogleTranslateElement() {\n\tnew google.translate.TranslateElement({\n\t\tpageLanguage: \"fr\",\n\t\tautoDisplay: false,\n\t\tincludedLanguages: \"ar,eu,bg,ca,zh-CN,zh-TW,cs,da,nl,en,fr,de,el,ga,it,ja,km,ko,ms,no,fa,pl,pt,pa,ro,ru,sr,es,th,tr,uk,vi\"\n\t}, \"google_translate_element\");\n}\n\/*]]>*\/\n<\/script>\n<script type=\"text\/javascript\" src=\"\/\/translate.google.com\/translate_a\/element.js?cb=initializeGoogleTranslateElement\"><\/script><\/code><\/p>\n","protected":false},"excerpt":{"rendered":"<p>Il y a antiracisme et antiracisme Si la situation intercommunautaire n\u2019\u00e9tait pas aussi tendue en France, on prendrait le temps de rire de cet \u00e9pisode ubuesque. Pensez donc, les professionnels de l\u2019antiracisme form\u00e9s par cet ami des peuples qu\u2019est le Parti socialiste se heurtent au poisson-pilote des associations antiracistes qui placent l\u2019antis\u00e9mitisme au-dessus du racisme [&hellip;]<\/p>\n","protected":false},"author":1,"featured_media":0,"comment_status":"open","ping_status":"open","sticky":false,"template":"","format":"standard","meta":[],"categories":[4,134],"tags":[112,145,12,43],"_links":{"self":[{"href":"https:\/\/aitia.fr\/erd\/wp-json\/wp\/v2\/posts\/5399"}],"collection":[{"href":"https:\/\/aitia.fr\/erd\/wp-json\/wp\/v2\/posts"}],"about":[{"href":"https:\/\/aitia.fr\/erd\/wp-json\/wp\/v2\/types\/post"}],"author":[{"embeddable":true,"href":"https:\/\/aitia.fr\/erd\/wp-json\/wp\/v2\/users\/1"}],"replies":[{"embeddable":true,"href":"https:\/\/aitia.fr\/erd\/wp-json\/wp\/v2\/comments?post=5399"}],"version-history":[{"count":12,"href":"https:\/\/aitia.fr\/erd\/wp-json\/wp\/v2\/posts\/5399\/revisions"}],"predecessor-version":[{"id":7620,"href":"https:\/\/aitia.fr\/erd\/wp-json\/wp\/v2\/posts\/5399\/revisions\/7620"}],"wp:attachment":[{"href":"https:\/\/aitia.fr\/erd\/wp-json\/wp\/v2\/media?parent=5399"}],"wp:term":[{"taxonomy":"category","embeddable":true,"href":"https:\/\/aitia.fr\/erd\/wp-json\/wp\/v2\/categories?post=5399"},{"taxonomy":"post_tag","embeddable":true,"href":"https:\/\/aitia.fr\/erd\/wp-json\/wp\/v2\/tags?post=5399"}],"curies":[{"name":"wp","href":"https:\/\/api.w.org\/{rel}","templated":true}]}}