{"id":5381,"date":"2015-12-12T11:50:54","date_gmt":"2015-12-12T10:50:54","guid":{"rendered":"https:\/\/aitia.fr\/erd\/?p=5381"},"modified":"2018-03-13T21:17:22","modified_gmt":"2018-03-13T20:17:22","slug":"petrole-vole-par-daech-plusieurs-societes-europeennes-pourraient-etre-impliquees-arret-sur-info","status":"publish","type":"post","link":"https:\/\/aitia.fr\/erd\/petrole-vole-par-daech-plusieurs-societes-europeennes-pourraient-etre-impliquees-arret-sur-info\/","title":{"rendered":"P\u00e9trole vol\u00e9 par Daech: plusieurs soci\u00e9t\u00e9s europ\u00e9ennes pourraient \u00eatre impliqu\u00e9es (Arr\u00eat sur Info)"},"content":{"rendered":"<p style=\"text-align: justify;\"><a href=\"https:\/\/arretsurinfo.ch\/petrole-vole-par-daech-plusieurs-societe-europeennes-pourraient-etre-impliquees\/#.VmFLHgUIY-s.twitter\" target=\"_blank\"><img decoding=\"async\" loading=\"lazy\" class=\"alignleft wp-image-5387\" src=\"https:\/\/aitia.fr\/erd\/wp-content\/uploads\/2015\/12\/syrie-petrole.jpg\" alt=\"syrie-petrole\" width=\"360\" height=\"219\" srcset=\"https:\/\/aitia.fr\/erd\/wp-content\/uploads\/2015\/12\/syrie-petrole.jpg 957w, https:\/\/aitia.fr\/erd\/wp-content\/uploads\/2015\/12\/syrie-petrole-300x183.jpg 300w, https:\/\/aitia.fr\/erd\/wp-content\/uploads\/2015\/12\/syrie-petrole-768x468.jpg 768w, https:\/\/aitia.fr\/erd\/wp-content\/uploads\/2015\/12\/syrie-petrole-600x366.jpg 600w\" sizes=\"(max-width: 360px) 100vw, 360px\" \/><\/a>[<em>Remarque de l&#8217;auteur de ce blog : il est illusoire de nier l&#8217;implication de grandes soci\u00e9t\u00e9s industrielles, et de pays comme la Turquie et Isra\u00ebl, dans le trafic de p\u00e9trole de l&#8217;\u00c9tat &#8220;Islamique&#8221;, vu qu&#8217;il est strictement impossible de faire passer incognito des quantit\u00e9s industrielles de ce liquide : ce n&#8217;est pas l&#8217;\u00e9conomie d\u00e9mat\u00e9rialis\u00e9e de la sp\u00e9culation financi\u00e8re. Mais certains persistent encore \u00e0 ne pas vouloir le savoir.<\/em>]<\/p>\n<p style=\"text-align: justify;\">Alors que le pr\u00e9sident russe Vladimir Poutine vient d\u2019impliquer la Turquie et le clan Erdogan dans le trafic de p\u00e9trole de l\u2019Etat Islamique, des compagnies maritimes grecques et russes pourraient participer au commerce ill\u00e9gal de la production de brut de l\u2019organisation terroriste entre le port\u00a0 turc de Ceyhan et celui d\u2019Ashdod en Isra\u00ebl.<\/p>\n<p style=\"text-align: justify;\">Selon diff\u00e9rentes enqu\u00eates r\u00e9alis\u00e9es par le journal <a href=\"https:\/\/web.archive.org\/web\/20170723022354\/https:\/\/www.al-monitor.com\/pulse\/originals\/2015\/09\/turkey-iraq-kurdistan-krg-pkk-love-affair-over.html\">al-Monitor<\/a> et <a href=\"https:\/\/www.alaraby.co.uk\/english\/features\/2015\/11\/26\/raqqas-rockefellers-how-islamic-state-oil-flows-to-israel\">al-Araby<\/a>, le brut exploit\u00e9 par Daech sur les territoires qu\u2019elle contr\u00f4le en Syrie et en Irak serait exp\u00e9di\u00e9 par camions en Turquie o\u00f9 il serait ensuite camoufl\u00e9 dans la production ill\u00e9gale provenant du Kurdistan irakien, au niveau du hub p\u00e9trolier de Ceyhan. Le pr\u00e9sident russe Vladimir Poutine a confirm\u00e9 dans une conf\u00e9rence de presse en marge de la COP21 ces informations, affirmant disposer de photos et vid\u00e9os tourn\u00e9es par l\u2019aviation russe et montrant des \u00ab\u00a0<a href=\"https:\/\/fr.sputniknews.com\/russie\/20151127\/1019855312\/turquie-petrole-terrorisme-poutine.html\"><em>livraisons p\u00e9troli\u00e8res en quantit\u00e9s industrielles<\/em><\/a><em> \u00e0 partir des territoires syriens usurp\u00e9s par les terroristes. Il s\u2019agit pr\u00e9cis\u00e9ment de ces territoires, et pas d\u2019autres. Nous voyons \u00e0 partir des airs o\u00f9 vont ces v\u00e9hicules. Jour et nuit, ils vont en Turquie\u00a0\u00bb<\/em><\/p>\n<p style=\"text-align: justify;\"><a href=\"https:\/\/arretsurinfo.ch\/petrole-vole-par-daech-plusieurs-societe-europeennes-pourraient-etre-impliquees\/#.VmFLHgUIY-s.twitter\" target=\"_blank\">Continuer la lecture sur Arr\u00eat sur Info \u27f6<\/a><\/p>\n<p style=\"text-align: justify;\">En mati\u00e8re de p\u00e9trole, le pire est g\u00e9n\u00e9ralement la r\u00e8gle :<\/p>\n<p><a href=\"https:\/\/aitia.fr\/erd\/petrole-une-guerre-dun-siecle\/\" target=\"_blank\"><img decoding=\"async\" loading=\"lazy\" class=\"aligncenter wp-image-883 size-full\" src=\"https:\/\/aitia.fr\/erd\/wp-content\/uploads\/2015\/01\/Engdahl.jpg\" alt=\"P\u00e9trole, une guerre d'un si\u00e8cle\" width=\"258\" height=\"400\" srcset=\"https:\/\/aitia.fr\/erd\/wp-content\/uploads\/2015\/01\/Engdahl.jpg 258w, https:\/\/aitia.fr\/erd\/wp-content\/uploads\/2015\/01\/Engdahl-194x300.jpg 194w\" sizes=\"(max-width: 258px) 100vw, 258px\" \/><\/a><\/p>\n","protected":false},"excerpt":{"rendered":"<p>[Remarque de l&#8217;auteur de ce blog : il est illusoire de nier l&#8217;implication de grandes soci\u00e9t\u00e9s industrielles, et de pays comme la Turquie et Isra\u00ebl, dans le trafic de p\u00e9trole de l&#8217;\u00c9tat &#8220;Islamique&#8221;, vu qu&#8217;il est strictement impossible de faire passer incognito des quantit\u00e9s industrielles de ce liquide : ce n&#8217;est pas l&#8217;\u00e9conomie d\u00e9mat\u00e9rialis\u00e9e de [&hellip;]<\/p>\n","protected":false},"author":1,"featured_media":0,"comment_status":"open","ping_status":"open","sticky":false,"template":"","format":"standard","meta":[],"categories":[4,134,29],"tags":[152,162,48,58,71,246],"_links":{"self":[{"href":"https:\/\/aitia.fr\/erd\/wp-json\/wp\/v2\/posts\/5381"}],"collection":[{"href":"https:\/\/aitia.fr\/erd\/wp-json\/wp\/v2\/posts"}],"about":[{"href":"https:\/\/aitia.fr\/erd\/wp-json\/wp\/v2\/types\/post"}],"author":[{"embeddable":true,"href":"https:\/\/aitia.fr\/erd\/wp-json\/wp\/v2\/users\/1"}],"replies":[{"embeddable":true,"href":"https:\/\/aitia.fr\/erd\/wp-json\/wp\/v2\/comments?post=5381"}],"version-history":[{"count":13,"href":"https:\/\/aitia.fr\/erd\/wp-json\/wp\/v2\/posts\/5381\/revisions"}],"predecessor-version":[{"id":10883,"href":"https:\/\/aitia.fr\/erd\/wp-json\/wp\/v2\/posts\/5381\/revisions\/10883"}],"wp:attachment":[{"href":"https:\/\/aitia.fr\/erd\/wp-json\/wp\/v2\/media?parent=5381"}],"wp:term":[{"taxonomy":"category","embeddable":true,"href":"https:\/\/aitia.fr\/erd\/wp-json\/wp\/v2\/categories?post=5381"},{"taxonomy":"post_tag","embeddable":true,"href":"https:\/\/aitia.fr\/erd\/wp-json\/wp\/v2\/tags?post=5381"}],"curies":[{"name":"wp","href":"https:\/\/api.w.org\/{rel}","templated":true}]}}