{"id":5284,"date":"2015-12-05T12:42:38","date_gmt":"2015-12-05T11:42:38","guid":{"rendered":"https:\/\/aitia.fr\/erd\/?p=5284"},"modified":"2019-09-25T07:52:20","modified_gmt":"2019-09-25T05:52:20","slug":"lhomme-charge-de-mettre-en-place-letat-durgence-est-un-proche-de-la-mouvance-sioniste-panamza","status":"publish","type":"post","link":"https:\/\/aitia.fr\/erd\/lhomme-charge-de-mettre-en-place-letat-durgence-est-un-proche-de-la-mouvance-sioniste-panamza\/","title":{"rendered":"L\u2019homme charg\u00e9 de mettre en place l\u2019\u00e9tat d\u2019urgence est un proche de la mouvance sioniste (Panamza)"},"content":{"rendered":"<div id=\"attachment_5287\" style=\"width: 210px\" class=\"wp-caption alignleft\"><a href=\"https:\/\/aitia.fr\/erd\/wp-content\/uploads\/2015\/12\/thomas_andrieu.jpeg\" target=\"_blank\" rel=\"noopener noreferrer\"><img aria-describedby=\"caption-attachment-5287\" decoding=\"async\" loading=\"lazy\" class=\"wp-image-5287 size-medium\" src=\"https:\/\/aitia.fr\/erd\/wp-content\/uploads\/2015\/12\/thomas_andrieu-200x300.jpeg\" alt=\"Thomas Andrieu\" width=\"200\" height=\"300\" srcset=\"https:\/\/aitia.fr\/erd\/wp-content\/uploads\/2015\/12\/thomas_andrieu-200x300.jpeg 200w, https:\/\/aitia.fr\/erd\/wp-content\/uploads\/2015\/12\/thomas_andrieu.jpeg 400w\" sizes=\"(max-width: 200px) 100vw, 200px\" \/><\/a><p id=\"caption-attachment-5287\" class=\"wp-caption-text\">Thomas Andrieu<\/p><\/div>\n<p style=\"text-align: justify;\"><strong>INFO PANAMZA. Qui est le haut-fonctionnaire du minist\u00e8re de l&#8217;Int\u00e9rieur en charge de la mise en place de l&#8217;\u00e9tat d&#8217;urgence voulu\u00a0par Fran\u00e7ois Hollande? Le membre d&#8217;une famille\u00a0engag\u00e9e en faveur d&#8217;Isra\u00ebl. R\u00e9v\u00e9lations.<\/strong><\/p>\n<p style=\"text-align: justify;\">Le lundi 30 novembre, une agence de presse d\u00e9nomm\u00e9 AEF et dirig\u00e9e par Raymond Soubie (un <a href=\"https:\/\/www.lefigaro.fr\/societes\/2015\/06\/21\/20005-20150621ARTFIG00056-l-appetit-d-ogre-de-patrick-drahi-champion-des-fusions-a-repetition.php\">conseiller<\/a> du milliardaire isra\u00e9lien <a href=\"https:\/\/www.panamza.com\/071015-drahi\/\">Patrick Drahi<\/a>)\u00a0a <a href=\"https:\/\/web.archive.org\/web\/20170901222911\/http:\/\/www.aef.info\/depeche\/libre\/511563\">mis en ligne\u00a0l&#8217;interview<\/a> d&#8217;un personnage-cl\u00e9 mais m\u00e9connu du gouvernement : Thomas Andrieu,\u00a0directeur des libert\u00e9s publiques et des affaires juridiques (DLPAJ) du minist\u00e8re de l\u2019Int\u00e9rieur.<\/p>\n<p>Le lendemain, le site de France T\u00e9l\u00e9visions <a href=\"https:\/\/www.francetvinfo.fr\/faits-divers\/terrorisme\/attaques-du-13-novembre-a-paris\/les-decrets-sur-l-etat-d-urgence-adoptes-avant-meme-l-assaut-du-bataclan_1200761.html\">a rapport\u00e9<\/a> l&#8217;information principale de l&#8217;entretien sous ce titre : <em>&#8220;Attentats : les d\u00e9crets sur l&#8217;\u00e9tat d&#8217;urgence adopt\u00e9s avant m\u00eame l&#8217;assaut du Bataclan&#8221;<\/em>. Extraits :<br \/>\n<\/p>\n<blockquote><p>&#8220;C&#8217;est la loi la plus rapide de la Ve R\u00e9publique.&#8221;<\/p>\n<p>Dans un entretien accord\u00e9\u00a0\u00e0 l&#8217;agence de presse AEF, mardi 1er d\u00e9cembre,\u00a0Thomas Andrieu, le\u00a0directeur des libert\u00e9s publiques et des affaires juridiques (DLPAJ) du minist\u00e8re de l\u2019Int\u00e9rieur, revient sur la mise en place de l&#8217;\u00e9tat d&#8217;urgence, vendredi 13 novembre apr\u00e8s les\u00a0attentats de Paris et Saint-Denis, dont la prolongation pour trois mois\u00a0commence \u00e0 faire d\u00e9bat en France.<\/p>\n<div>\n<p>&#8220;J\u2019ai \u00e9t\u00e9 saisi, vendredi 13 novembre \u00e0 22h30, de la d\u00e9cision du pr\u00e9sident de la R\u00e9publique de d\u00e9clarer l\u2019\u00e9tat d\u2019urgence&#8221;, explique-t-il. Soit imm\u00e9diatement\u00a0apr\u00e8s l&#8217;\u00e9vacuation de Fran\u00e7ois Hollande du Stade de France, o\u00f9 il assistait \u00e0 France-Allemagne.<\/p>\n<p>&#8220;Notre premi\u00e8re mission a donc \u00e9t\u00e9 de r\u00e9diger les d\u00e9crets, qui ont \u00e9t\u00e9 adopt\u00e9s en Conseil des ministres \u00e0 minuit.&#8221;\u00a0Le gouvernement a valid\u00e9 cette option en moins de deux heures, sans m\u00eame attendre le d\u00e9nouement de l&#8217;assaut lanc\u00e9 au Bataclan, une vingtaine de minutes plus tard.<\/p>\n<\/div>\n<\/blockquote>\n<p><\/p>\n<p>Le site du groupe public audiovisuel ne s&#8217;attarde pas, en revanche, sur le\u00a0profil singulier de l&#8217;interview\u00e9.<\/p>\n<p><a href=\"https:\/\/www.alterinfo.net\/L-homme-charge-de-mettre-en-place-l-etat-d-urgence-est-un-proche-de-la-mouvance-sioniste_a119190.html\" target=\"_blank\" rel=\"noopener noreferrer\">Continuer la lecture sur alterinfo.net \u27f6<\/a><\/p>\n","protected":false},"excerpt":{"rendered":"<p>INFO PANAMZA. Qui est le haut-fonctionnaire du minist\u00e8re de l&#8217;Int\u00e9rieur en charge de la mise en place de l&#8217;\u00e9tat d&#8217;urgence voulu\u00a0par Fran\u00e7ois Hollande? Le membre d&#8217;une famille\u00a0engag\u00e9e en faveur d&#8217;Isra\u00ebl. R\u00e9v\u00e9lations. Le lundi 30 novembre, une agence de presse d\u00e9nomm\u00e9 AEF et dirig\u00e9e par Raymond Soubie (un conseiller du milliardaire isra\u00e9lien Patrick Drahi)\u00a0a mis en [&hellip;]<\/p>\n","protected":false},"author":1,"featured_media":0,"comment_status":"open","ping_status":"open","sticky":false,"template":"","format":"standard","meta":[],"categories":[4,134],"tags":[126,56],"_links":{"self":[{"href":"https:\/\/aitia.fr\/erd\/wp-json\/wp\/v2\/posts\/5284"}],"collection":[{"href":"https:\/\/aitia.fr\/erd\/wp-json\/wp\/v2\/posts"}],"about":[{"href":"https:\/\/aitia.fr\/erd\/wp-json\/wp\/v2\/types\/post"}],"author":[{"embeddable":true,"href":"https:\/\/aitia.fr\/erd\/wp-json\/wp\/v2\/users\/1"}],"replies":[{"embeddable":true,"href":"https:\/\/aitia.fr\/erd\/wp-json\/wp\/v2\/comments?post=5284"}],"version-history":[{"count":13,"href":"https:\/\/aitia.fr\/erd\/wp-json\/wp\/v2\/posts\/5284\/revisions"}],"predecessor-version":[{"id":13624,"href":"https:\/\/aitia.fr\/erd\/wp-json\/wp\/v2\/posts\/5284\/revisions\/13624"}],"wp:attachment":[{"href":"https:\/\/aitia.fr\/erd\/wp-json\/wp\/v2\/media?parent=5284"}],"wp:term":[{"taxonomy":"category","embeddable":true,"href":"https:\/\/aitia.fr\/erd\/wp-json\/wp\/v2\/categories?post=5284"},{"taxonomy":"post_tag","embeddable":true,"href":"https:\/\/aitia.fr\/erd\/wp-json\/wp\/v2\/tags?post=5284"}],"curies":[{"name":"wp","href":"https:\/\/api.w.org\/{rel}","templated":true}]}}