{"id":5240,"date":"2015-12-01T13:50:34","date_gmt":"2015-12-01T12:50:34","guid":{"rendered":"https:\/\/aitia.fr\/erd\/?p=5240"},"modified":"2015-12-01T13:50:34","modified_gmt":"2015-12-01T12:50:34","slug":"le-jour-ou-dieudonne-a-marche-sur-une-mine-er","status":"publish","type":"post","link":"https:\/\/aitia.fr\/erd\/le-jour-ou-dieudonne-a-marche-sur-une-mine-er\/","title":{"rendered":"Le jour o\u00f9 Dieudonn\u00e9 a march\u00e9 sur une mine (E&#038;R)"},"content":{"rendered":"<p style=\"text-align: justify;\"><strong><a href=\"https:\/\/aitia.fr\/erd\/wp-content\/uploads\/2015\/12\/01-12-2003.jpg\"><img decoding=\"async\" loading=\"lazy\" class=\"alignleft size-full wp-image-5242\" src=\"https:\/\/aitia.fr\/erd\/wp-content\/uploads\/2015\/12\/01-12-2003.jpg\" alt=\"01-12-2003\" width=\"250\" height=\"211\" \/><\/a>C\u2019\u00e9tait le 1er d\u00e9cembre 2003, chez Fogiel. Ce jour-l\u00e0, Dieudonn\u00e9 ne le sait pas encore, mais il va marcher sur une mine. Pas une petite mine antipersonnel, qui fait sauter une jambe, non\u00a0: une mine thermonucl\u00e9aire, dont la t\u00e9l\u00e9, puis la soci\u00e9t\u00e9 fran\u00e7aise, ne se sont pas encore remises. <\/strong><\/p>\n<p style=\"text-align: justify;\">Fogiel, lui, a disparu dans les limbes du PAF, r\u00e9apparaissant en radio pour faire du <i>hard news<\/i>, tandis que Dieudonn\u00e9, transform\u00e9 en <a href=\"https:\/\/fr.wikipedia.org\/wiki\/Marronnage\" target=\"_blank\">n\u00e8g\u2019marron<\/a> malgr\u00e9 lui, prenait le maquis. On conna\u00eet tous l\u2019histoire, mais ce qui d\u00e9chire la France aujourd\u2019hui, la fracture sioniste en France, pourrait-on dire, vient de l\u00e0. On ne parle plus en termes d\u2019opposition droite\/gauche, fondue dans un lib\u00e9ralisme transcourant de bon aloi, mais d\u2019opposition syst\u00e8me\/antisyst\u00e8me. Et comme le syst\u00e8me semble \u00e9minemment sioniste, ou prosioniste, alors la faille politique fran\u00e7aise est bien sionisme\/antisionisme.<\/p>\n<p style=\"text-align: justify;\"><a href=\"https:\/\/www.egaliteetreconciliation.fr\/Le-jour-ou-Dieudonne-a-marche-sur-une-mine-36424.html\" target=\"_blank\">Continuer la lecture sur \u00c9galit\u00e9 &amp; R\u00e9conciliation \u27f6<\/a><\/p>\n<p style=\"text-align: justify;\">Sur Dieudonn\u00e9, terroriste du rire, militant d&#8217;extr\u00eame-distance, et humaniste radical, quelques articles de ce blog :<\/p>\n<ul>\n<li style=\"text-align: justify;\"><a href=\"https:\/\/aitia.fr\/erd\/quand-dieudonne-derape\/\" target=\"_blank\">Quand Dieudonn\u00e9 d\u00e9rape<\/a><\/li>\n<li style=\"text-align: justify;\"><a href=\"https:\/\/aitia.fr\/erd\/dieudonne-a-pau-le-triomphe-dune-bete-sacree\/\" target=\"_blank\">Dieudonn\u00e9 \u00e0 Pau : le triomphe d&#8217;une b\u00eate sacr\u00e9e<\/a><\/li>\n<li style=\"text-align: justify;\"><a href=\"https:\/\/aitia.fr\/erd\/je-suis-dieudonne\/\" target=\"_blank\">Je suis Dieudonn\u00e9<\/a><\/li>\n<li style=\"text-align: justify;\"><a href=\"https:\/\/aitia.fr\/erd\/lantisemite\/\" target=\"_blank\">L&#8217;antis\u00e9mite<\/a><\/li>\n<\/ul>\n","protected":false},"excerpt":{"rendered":"<p>C\u2019\u00e9tait le 1er d\u00e9cembre 2003, chez Fogiel. Ce jour-l\u00e0, Dieudonn\u00e9 ne le sait pas encore, mais il va marcher sur une mine. Pas une petite mine antipersonnel, qui fait sauter une jambe, non\u00a0: une mine thermonucl\u00e9aire, dont la t\u00e9l\u00e9, puis la soci\u00e9t\u00e9 fran\u00e7aise, ne se sont pas encore remises. Fogiel, lui, a disparu dans les [&hellip;]<\/p>\n","protected":false},"author":1,"featured_media":0,"comment_status":"open","ping_status":"open","sticky":false,"template":"","format":"standard","meta":[],"categories":[134,29],"tags":[40,112,162,48,56],"_links":{"self":[{"href":"https:\/\/aitia.fr\/erd\/wp-json\/wp\/v2\/posts\/5240"}],"collection":[{"href":"https:\/\/aitia.fr\/erd\/wp-json\/wp\/v2\/posts"}],"about":[{"href":"https:\/\/aitia.fr\/erd\/wp-json\/wp\/v2\/types\/post"}],"author":[{"embeddable":true,"href":"https:\/\/aitia.fr\/erd\/wp-json\/wp\/v2\/users\/1"}],"replies":[{"embeddable":true,"href":"https:\/\/aitia.fr\/erd\/wp-json\/wp\/v2\/comments?post=5240"}],"version-history":[{"count":5,"href":"https:\/\/aitia.fr\/erd\/wp-json\/wp\/v2\/posts\/5240\/revisions"}],"predecessor-version":[{"id":5247,"href":"https:\/\/aitia.fr\/erd\/wp-json\/wp\/v2\/posts\/5240\/revisions\/5247"}],"wp:attachment":[{"href":"https:\/\/aitia.fr\/erd\/wp-json\/wp\/v2\/media?parent=5240"}],"wp:term":[{"taxonomy":"category","embeddable":true,"href":"https:\/\/aitia.fr\/erd\/wp-json\/wp\/v2\/categories?post=5240"},{"taxonomy":"post_tag","embeddable":true,"href":"https:\/\/aitia.fr\/erd\/wp-json\/wp\/v2\/tags?post=5240"}],"curies":[{"name":"wp","href":"https:\/\/api.w.org\/{rel}","templated":true}]}}