{"id":5224,"date":"2015-12-01T00:17:58","date_gmt":"2015-11-30T23:17:58","guid":{"rendered":"https:\/\/aitia.fr\/erd\/?p=5224"},"modified":"2020-01-05T15:23:01","modified_gmt":"2020-01-05T14:23:01","slug":"publicite-comparative-israel-iran","status":"publish","type":"post","link":"https:\/\/aitia.fr\/erd\/publicite-comparative-israel-iran\/","title":{"rendered":"Publicit\u00e9 comparative : Isra\u00ebl \/ Iran"},"content":{"rendered":"<p style=\"text-align: justify;\"><a href=\"https:\/\/aitia.fr\/erd\/wp-content\/uploads\/2015\/12\/Flag_of_Iran_Israel.svg_.png\" target=\"_blank\" rel=\"noopener noreferrer\"><img decoding=\"async\" loading=\"lazy\" class=\"alignleft wp-image-5236\" src=\"https:\/\/aitia.fr\/erd\/wp-content\/uploads\/2015\/12\/Flag_of_Iran_Israel.svg_.png\" alt=\"Flag_of_Iran_Israel.svg\" width=\"400\" height=\"229\" srcset=\"https:\/\/aitia.fr\/erd\/wp-content\/uploads\/2015\/12\/Flag_of_Iran_Israel.svg_.png 640w, https:\/\/aitia.fr\/erd\/wp-content\/uploads\/2015\/12\/Flag_of_Iran_Israel.svg_-300x172.png 300w, https:\/\/aitia.fr\/erd\/wp-content\/uploads\/2015\/12\/Flag_of_Iran_Israel.svg_-600x343.png 600w\" sizes=\"(max-width: 400px) 100vw, 400px\" \/><\/a>Dans un Occident o\u00f9 les mots <em>&#8220;ayatollah&#8221;<\/em> et <em>&#8220;jihad&#8221;<\/em> sont synonymes d&#8217;intol\u00e9rance et de violence terroriste (ce qu&#8217;ils sont tr\u00e8s loin de signifier dans leur langue d&#8217;origine, mais la dictature commence par le viol du langage), il est parfois difficile de prendre du recul avec la propagande, et de savoir qui sont les &#8220;m\u00e9chants&#8221; et les &#8220;gentils&#8221;. Aussi est-il conseill\u00e9 de remonter \u00e0 la source d&#8217;une information plut\u00f4t que de prendre pour argent comptant la pr\u00e9sentation m\u00e9diatique qui en est faite.<\/p>\n<p style=\"text-align: justify;\">Ci-dessous, vous trouverez deux textes en fran\u00e7ais \u00e9manant directement du likoud (le parti actuellement au pouvoir en Isra\u00ebl) et de l&#8217;Ayatollah Khamenei, guide supr\u00eame de la R\u00e9volution islamique d&#8217;Iran. \u00c0 vous de juger celui que vous trouvez le plus civilis\u00e9 et le plus fanatique, le plus pacifique et le plus belliqueux.<\/p>\n<p style=\"text-align: justify;\"><!--more--><\/p>\n<h3 style=\"text-align: justify;\">Texte \u00e9manant du site fran\u00e7ais du likoud (<a href=\"https:\/\/web.archive.org\/web\/20160201151256\/https:\/\/www.likoud.fr\/index.php?option=com_content&amp;task=view&amp;id=81\" target=\"_blank\" rel=\"noopener noreferrer\">lien<\/a>) :<\/h3>\n<h2 style=\"text-align: justify;\">VITRIFIER L\u2019IRAN\u2026<\/h2>\n<p style=\"text-align: justify;\" align=\"justify\"><a href=\"https:\/\/aitia.fr\/erd\/wp-content\/uploads\/2015\/11\/kupfer.jpg\" target=\"_blank\" rel=\"noopener noreferrer\"><img decoding=\"async\" loading=\"lazy\" class=\"alignright wp-image-5230\" src=\"https:\/\/aitia.fr\/erd\/wp-content\/uploads\/2015\/11\/kupfer.jpg\" alt=\"kupfer\" width=\"170\" height=\"198\" \/><\/a>Parmi tous les dangers qui guettent Isra\u00ebl et parmi tous les ennemis qui \u0153uvrent \u00e0 sa destruction ou en r\u00eavent, l\u2019Iran est certainement le p\u00e9ril le plus mena\u00e7ant. Sa volont\u00e9 d\u00e9sormais av\u00e9r\u00e9e m\u00eame pour les sceptiques d\u2019acqu\u00e9rir le nucl\u00e9aire militaire, impose \u00e0 Isra\u00ebl et \u00e0 ce qui reste \u00e9ventuellement du monde civilis\u00e9, une action d\u00e9fensive et pr\u00e9ventive. Certains th\u00e9oriciens voudraient nous faire croire que l\u2019\u00e9quilibre de la terreur permet d\u2019\u00e9viter toute confrontation.<\/p>\n<p style=\"text-align: justify;\" align=\"justify\">C\u2019\u00e9tait peut \u00eatre le cas d\u2019une certaine fa\u00e7on entre l\u2019Occident et le bloc sovi\u00e9tique o\u00f9 l\u2019\u00e9quilibre cr\u00e9\u00e9 par des armes de destruction massive \u00e9tait dissuasif pour les deux parties. Cette logique n\u2019est pas applicable pour un pays musulman o\u00f9 n\u2019existe aucune rationalit\u00e9 et o\u00f9 l\u2019esprit d\u2019analyse est embu\u00e9 par une religion-id\u00e9ologie de conqu\u00eate et de guerre. Les musulmans peuvent trouver dans l\u2019islam la volont\u00e9 de devenir tous des martyrs et de d\u00e9clencher une destruction catastrophique qui sera une \u00ab guerre sainte \u00bb. Ils peuvent estimer, et d\u2019ailleurs ils en sont persuad\u00e9s, que la mort de centaines de milliers de \u00ab shahid \u00bb pour prix de la destruction d\u2019Isra\u00ebl reste une op\u00e9ration viable. Une fois disparu le rempart que repr\u00e9sente Isra\u00ebl pour la d\u00e9fense d\u2019un occident \u00e9mascul\u00e9 et inconscient, l\u2019invasion de l\u2019islam pourra r\u00e9gler le sort de l\u2019Europe anciennement jud\u00e9o-chr\u00e9tienne.<\/p>\n<p align=\"justify\">Il est \u00e9vident et les impuissances occidentales le r\u00e9p\u00e8tent \u00e0 longueur de discours, qu\u2019il faut emp\u00eacher l\u2019accession de l\u2019Iran \u00e0 la capacit\u00e9 nucl\u00e9aire militaire. Ils le r\u00e9p\u00e8tent mais ne feront rien comme ils n\u2019ont rien fait de r\u00e9el jusqu\u2019\u00e0 maintenant. L\u2019Europe qui est n\u00e9e \u00e0 Munich n\u2019est pas morte \u00e0 Auschwitz. Elle perdure et son histoire est parsem\u00e9e de compromissions et de renoncements.<\/p>\n<p align=\"justify\">Daladier a laiss\u00e9 son empreinte et les m\u00e9tastases du quai d\u2019Orsay ont rong\u00e9 ce qui restait de sain \u00e0 l\u2019Elys\u00e9e.<\/p>\n<h4>Les sanctions\u2026<\/h4>\n<p align=\"justify\">Les sanctions \u00e9conomiques ont eu l\u2019effet d\u2019une piq\u00fbre de moustique sur un missile blind\u00e9 et n\u2019ont m\u00eame pas ralenti la progression iranienne. Seul un virus venu \u00e0 point nomm\u00e9 et le taux de mortalit\u00e9 curieusement \u00e9lev\u00e9 parmi les ing\u00e9nieurs iraniens ont permis de ralentir la marche vers l\u2019apocalypse islamique.<\/p>\n<p align=\"justify\">L\u2019Europe continuera \u00e0 pondre des d\u00e9clarations creuses, inutiles et surtout inefficaces, Obama continuera de tout faire pour freiner Isra\u00ebl et permettre ce qui pourrait \u00eatre son v\u00e9ritable dessein de doter l\u2019Islam d\u2019une puissance nucl\u00e9aire.<\/p>\n<p align=\"justify\">Le peuple juif, dans sa partie consciente, sait le tribut pay\u00e9 pour ne pas avoir cru de suite aux menaces \u00e0 son encontre. Ne pas avoir cru aux discours tenus \u00e0 Berlin a caus\u00e9 au peuple d\u2019Isra\u00ebl un holocauste et au monde un cataclysme sanglante et effroyable.<\/p>\n<p>Ne pas croire aux impr\u00e9cations de l\u2019Adolf de T\u00e9h\u00e9ran ne pas \u00e9couter la traduction de ses discours, ignorer ses promesses et ses menaces, oublier les foules en d\u00e9lire dans les rues iraniennes vocif\u00e9rant contre Isra\u00ebl et l\u2019Occident, risque de nous mener au d\u00e9sastre.<\/p>\n<p align=\"justify\">La presse ne cesse de d\u00e9crire les difficult\u00e9s que repr\u00e9senterait une attaque a\u00e9rienne isra\u00e9lienne pour d\u00e9truire l\u2019infrastructure nucl\u00e9aire iranienne. Un nombre impressionnant d\u2019avions de chasse et de bombardiers, le ravitaillement en vol, les bombes capables de percer les bunkers enfouis au plus profond, les radars et la d\u00e9fense anti-a\u00e9rienne, les r\u00e9actions des alli\u00e9s iraniens dans la r\u00e9gion ! Tout cela sans oublier les dizaines et centaines de milliers de missiles, roquettes et obus aux mains des terroristes du Hezbollah, du Hamas et de l\u2019OLP. Tout cela sans discourir sur la cinqui\u00e8me colonne et ces arabes qui se jucheront sur les toits pour esp\u00e9rer voir pleuvoir les obus sur Isra\u00ebl.<\/p>\n<p align=\"justify\">Supposons qu\u2019Isra\u00ebl ait assez de cerveaux, assez de volont\u00e9 et d\u2019exp\u00e9rience militaire pour pouvoir accomplir une attaque indispensable. Toutes ces th\u00e9ories et ces expos\u00e9s des difficult\u00e9s inh\u00e9rentes \u00e0 la destruction du potentiel l\u00e9tal iranien, ne font que refroidir les ardeurs et servir les int\u00e9r\u00eats des d\u00e9fenseurs de l\u2019Iran et de ces pacifistes toujours pr\u00eats \u00e0 \u00eatre vaincus.<\/p>\n<h4>L\u2019arme nucl\u00e9aire\u2026<\/h4>\n<p style=\"text-align: justify;\">Il existe pourtant un autre langage que nous pourrions utiliser. Imaginons un instant qu\u2019Isra\u00ebl soit dot\u00e9 de l\u2019arme nucl\u00e9aire ! Il est \u00e9vident que l\u2019utilisation d\u2019une bombe atomique serait parfaitement concevable en cas de danger mortel planant sur Isra\u00ebl.<\/p>\n<p align=\"justify\">Imaginons encore une d\u00e9claration de source \u00ab autoris\u00e9e \u00bb affirmant que, si Isra\u00ebl disposait de l\u2019arme nucl\u00e9aire, il l\u2019utiliserait contre l\u2019Iran. Mieux encore, il l\u2019utilisera contre l\u2019Iran. Apr\u00e8s tout, vitrifier l\u2019Iran serait dans la lign\u00e9e de la destruction justifi\u00e9e de Hambourg et Dresde aux mains des nazis, de la destruction d\u2019Hiroshima et Nagasaki aux mains des alli\u00e9s japonais du Reich.<\/p>\n<p align=\"justify\">Gageons qu\u2019une telle \u00ab fuite \u00bb aurait des effets b\u00e9n\u00e9fiques imm\u00e9diats.<\/p>\n<h4>\u00ab Mein Kampf \u00bb et le Coran\u2026<\/h4>\n<p align=\"justify\">Tout d\u2019abord le rat de T\u00e9h\u00e9ran irait se terrer dans le puits le plus profond emportant avec lui son livre de chevet \u00ab Mein Kampf \u00bb avec le Coran et la photo de Khomeiny \u00e0 Neauphle-le Ch\u00e2teau.<\/p>\n<p align=\"justify\">Les puissances occidentales, apr\u00e8s avoir condamn\u00e9 Isra\u00ebl et tent\u00e9 de lui lier les mains, commenceront vraiment \u00e0 agir pour \u00e9liminer le p\u00e9ril atomique iranien de mani\u00e8re concr\u00e8te. Non pas pour le salut d\u2019Isra\u00ebl mais pour \u00e9viter un embrasement qui leur fait peur. Il est m\u00eame probable que les avions isra\u00e9liens se verraient ouvrir certaines bases plus rapproch\u00e9es de la cible et qui lui restent ferm\u00e9es pour le moment \u00e0 condition d\u2019oublier toute option nucl\u00e9aire. L\u2019Onu et ses Ban ki Moon voteront des r\u00e9solutions d\u00e9clarant que l\u2019usage de la bombe atomique sera condamn\u00e9. Autant les d\u00e9clarations belliqueuses et antis\u00e9mites d\u2019Ahmedindjad (ou d\u2019un Mahmoud Abbas) ne provoqu\u00e8rent quasi aucune r\u00e9action car il est \u00ab concevable \u00bb de vouloir d\u00e9truire le peuple juif quand on est arabe ou musulman, autant cette petite phrase isra\u00e9lienne suscitera un toll\u00e9 g\u00e9n\u00e9ral. Et pourtant, la vitrification de l\u2019Iran doit \u00eatre prise en compte et si n\u00e9cessaire pour notre existence, doit \u00eatre effectu\u00e9e.<\/p>\n<p align=\"justify\">L\u2019Occident a toujours eu \u00e0 choisir entre un arabe fanatique et barbare et un bon juif civilis\u00e9 et sage. Le choix \u00e9tait \u00e9vident pour gagner la tranquillit\u00e9 d\u2019esprit : calmer le barbare. Mais si le choix sera entre ce m\u00eame barbare et un Juif furieux, d\u00e9chain\u00e9 et capable de prouesses technologiques, on peut estimer que les chancelleries choisiront de calmer le plus dangereusement efficace.<\/p>\n<p align=\"justify\">Si seulement l\u2019Etat d\u2019Isra\u00ebl avait une bombe atomique\u2026 et des dirigeants capables d\u2019exploiter son existence !<\/p>\n<p>Bien s\u00fbr, la meute des loups hurlera.<\/p>\n<p align=\"justify\">Et le silence se fera quand le Lion de Juda rugira.<\/p>\n<h4>Jacques Kupfer.<\/h4>\n<p>&nbsp;<\/p>\n<h3 style=\"text-align: justify;\">Texte \u00e9manant de l&#8217;Ayatollah Seyed Ali Khamenei (<a href=\"https:\/\/web.archive.org\/web\/20160913150048\/https:\/\/french.khamenei.ir\/\/index.php?option=com_content&amp;task=view&amp;id=2054\" target=\"_blank\" rel=\"noopener noreferrer\">lien<\/a>) :<\/h3>\n<h2>La seconde lettre du Guide Supr\u00eame aux jeunes d&#8217;Europe<\/h2>\n<p>29\/11\/2015<\/p>\n<p><a href=\"https:\/\/aitia.fr\/erd\/wp-content\/uploads\/2015\/11\/Khamenei.jpg\"><img decoding=\"async\" loading=\"lazy\" class=\"size-full wp-image-5229 alignright\" src=\"https:\/\/aitia.fr\/erd\/wp-content\/uploads\/2015\/11\/Khamenei.jpg\" alt=\"Khamenei\" width=\"250\" height=\"167\" \/><\/a>Gr\u00e2ce au nom de Dieu, Cl\u00e9ment et Mis\u00e9ricordieux<\/p>\n<p>\u00c0 tous les jeunes citoyens des pays occidentaux !<\/p>\n<p align=\"justify\">Les \u00e9v\u00e9nements amers que le terrorisme aveugle a provoqu\u00e9s en France m&#8217;ont pouss\u00e9 \u00e0 parler encore une fois \u00e0 vous, les jeunes. Personnellement, je trouve d\u00e9plorable que ce soit de tels \u00e9v\u00e9nements qui donnent lieu \u00e0 des \u00e9changes de paroles entre nous, mais la v\u00e9rit\u00e9 est que si de telles questions douloureuses ne pr\u00e9parent pas le terrain \u00e0 la recherche de solutions et \u00e0 des \u00e9changes d&#8217;id\u00e9es, les dommages en seront redoubl\u00e9s. La peine de tout \u00eatre humain est attristante pour ses fr\u00e8res. Des sc\u00e8nes comme celle d&#8217;un enfant qui perd la vie devant les yeux de ses parents, d&#8217;une m\u00e8re qui voit la joie de sa famille se transformer en deuil, d&#8217;un mari qui porte le corps agonisant de son \u00e9pouse esp\u00e9rant vainement quelques secours ou d&#8217;un spectateur qui ne sait pas qu&#8217;il est en train de passer les derniers moments de sa vie, ne sont pas des sc\u00e8nes qui ne provoquent pas d&#8217;\u00e9motions et de sentiments humains. Tous ceux qui poss\u00e8dent un minimum de compassion et d&#8217;humanit\u00e9, sont \u00e9mus et attrist\u00e9s de voir ces sc\u00e8nes que ce soit en France, en Palestine, en Irak, au Liban ou en Syrie. Certes, un milliard et demi de musulmans partagent ce sentiment et \u00e9prouvent un sentiment de r\u00e9pugnance et d&#8217;aversion \u00e0 l&#8217;\u00e9gard des responsables et des auteurs de ces crimes. Mais maintenant, la question est que si les peines d&#8217;aujourd&#8217;hui n&#8217;aboutissent pas \u00e0 construire un avenir meilleur et plus rassurant, elles se r\u00e9duiront \u00e0 de simples souvenirs amers et inutiles. Je suis persuad\u00e9 que seuls vous, les jeunes, avez la capacit\u00e9 de tirer des le\u00e7ons des \u00e9v\u00e9nements d\u00e9sagr\u00e9ables de ces derniers jours, afin de trouver de nouvelles voies pour construire l&#8217;avenir, et d&#8217;emp\u00eacher les d\u00e9viations qui ont conduit l&#8217;Occident \u00e0 sa situation actuelle.<\/p>\n<p align=\"justify\">Il est vrai qu&#8217;aujourd&#8217;hui, le terrorisme est un mal commun dont nous souffrons comme vous, mais il faut pourtant que vous sachiez que l&#8217;ins\u00e9curit\u00e9 et le stress que vous avez exp\u00e9riment\u00e9s lors de ces r\u00e9cents \u00e9v\u00e9nements, comportent deux diff\u00e9rences essentielles avec les peines qu&#8217;ont endur\u00e9es les peuples d&#8217;Irak, du Y\u00e9men, de Syrie et d&#8217;Afghanistan, pendant des ann\u00e9es cons\u00e9cutives. La premi\u00e8re diff\u00e9rence est que le monde de l&#8217;Islam a \u00e9t\u00e9 victime de la terreur et de la cruaut\u00e9 dans une plus large mesure, de mani\u00e8re plus intense et pendant une dur\u00e9e plus longue, et deuxi\u00e8mement, que ces cruaut\u00e9s sont soutenues de mani\u00e8re efficace et par diff\u00e9rents moyens, par certaines superpuissances du monde. Aujourd&#8217;hui, plus personne n&#8217;ignore le r\u00f4le des \u00c9tats-Unis dans la formation, le renforcement et l&#8217;armement d&#8217;Al-Qa\u00efda, des Talibans et de leurs successeurs n\u00e9fastes. \u00c0 c\u00f4t\u00e9 de ce soutien direct, les protecteurs r\u00e9v\u00e9l\u00e9s et bien connus du terrorisme takfiri, sont constamment sur la liste des alli\u00e9s de l&#8217;Occident et ce en d\u00e9pit de leurs r\u00e9gimes politiques les plus arri\u00e9r\u00e9s qui r\u00e9priment cruellement les id\u00e9es les plus avanc\u00e9es et les plus \u00e9clair\u00e9es des d\u00e9mocraties dynamiques dans la r\u00e9gion. L&#8217;attitude contradictoire de l&#8217;Occident par rapport \u00e0 l&#8217;\u00c9veil islamique au sein du monde de l&#8217;Islam, est un exemple significatif des contradictions qui existent dans les politiques occidentales.<\/p>\n<p align=\"justify\">Un autre exemple de ces contradictions est leur soutien inconditionnel au terrorisme gouvernemental d&#8217;Isra\u00ebl. Cela fait maintenant plus de soixante ans que le peuple opprim\u00e9 de Palestine subit le pire genre de terrorisme. Si c&#8217;est seulement depuis quelques jours que les Europ\u00e9ens se sont r\u00e9fugi\u00e9s dans leur maison et \u00e9vitent de fr\u00e9quenter les lieux publics, depuis des dizaines d&#8217;ann\u00e9es, les familles palestiniennes sont en danger, m\u00eame dans leur propre maison, face \u00e0 la machines de massacres et de destructions du r\u00e9gime sioniste. Actuellement, quelle cruaut\u00e9 est comparable en f\u00e9rocit\u00e9, \u00e0 la construction des colonies du r\u00e9gime sioniste ? Sans \u00eatre jamais r\u00e9primand\u00e9 de fa\u00e7on s\u00e9rieuse et efficace, par ses alli\u00e9s fortement influents, ou par les institutions internationales apparemment ind\u00e9pendantes, ce r\u00e9gime continue \u00e0 d\u00e9truire les maisons des Palestiniens, leurs champs et leurs vergers, sans leur permettre de rassembler leurs meubles ou de faire leur r\u00e9colte, et tout cela, devant les yeux effray\u00e9s et pleins de larmes des femmes et des enfants qui sont t\u00e9moins de la pers\u00e9cution et des atteintes aux membres de leur famille, et dans certains cas, de leur incarc\u00e9ration dans les prisons les plus effrayantes du monde. Connaissez-vous, dans le monde d&#8217;aujourd&#8217;hui, une f\u00e9rocit\u00e9 pareille \u00e0 celle-ci du point de vue de son \u00e9tendue, de son intensit\u00e9 et de sa dur\u00e9e ? Tirer sur une femme au milieu de la rue, pour la seule raison qu&#8217;elle s&#8217;est oppos\u00e9e \u00e0 un soldat arm\u00e9 jusqu&#8217;aux dents, si ce n&#8217;est pas du terrorisme, alors de quoi s&#8217;agit-il ? Cette barbarie ne doit-elle pas \u00eatre appel\u00e9e \u00ab extr\u00e9misme \u00bb pour la seule raison qu&#8217;elle est commise par la force militaire d&#8217;un gouvernement usurpateur ? Ou peut-\u00eatre que ces images diffus\u00e9es fr\u00e9quemment \u00e0 la t\u00e9l\u00e9 depuis soixante ans, n&#8217;arrivent-elles plus \u00e0 pr\u00e9occuper nos consciences !<\/p>\n<p align=\"justify\">Les exp\u00e9ditions militaires contre le monde de l&#8217;Islam ces derni\u00e8res ann\u00e9es, qui ont laiss\u00e9 d&#8217;innombrables victimes, sont un autre exemple de la logique contradictoire de l&#8217;Occident ! Les pays agress\u00e9s, en plus des pertes de leurs citoyens, ont perdu leurs infrastructures \u00e9conomiques et industrielles, et leur mouvement vers le progr\u00e8s et le d\u00e9veloppement s&#8217;est arr\u00eat\u00e9 ou a \u00e9t\u00e9 ralenti, et dans certains cas, ils ont subi un retard de dizaines d&#8217;ann\u00e9es. Cependant, on leur demande avec aplomb, de ne pas se consid\u00e9rer comme des opprim\u00e9s. Comment est-ce qu&#8217;on peut ruiner un pays et an\u00e9antir ses villes et ses villages, et ensuite, demander aux gens de ne pas se consid\u00e9rer comme opprim\u00e9s ! Au lieu d&#8217;inviter \u00e0 ignorer ou \u00e0 oublier ces catastrophes, ne serait-il pas mieux de pr\u00e9senter franchement des excuses ? Pendant toutes ces ann\u00e9es, les peines dont souffre le monde de l&#8217;Islam \u00e0 cause de l&#8217;hypocrisie et de la dissimulation des agresseurs, ne sont pas moindres que celles que ces dommages mat\u00e9riels lui ont inflig\u00e9es.<\/p>\n<p align=\"justify\">Chers jeunes ! J&#8217;esp\u00e8re que vous changerez \u00e0 pr\u00e9sent ou dans l&#8217;avenir cette mentalit\u00e9 impr\u00e9gn\u00e9e d&#8217;hypocrisie, dont l&#8217;art consiste \u00e0 la dissimulation des objectifs lointains et \u00e0 l&#8217;embellissement de buts sournois. \u00c0 mon avis, la premi\u00e8re \u00e9tape pour la restauration de la s\u00e9curit\u00e9 et de la paix, est la r\u00e9forme de cette mentalit\u00e9 belliqueuse. Tant que des crit\u00e8res contradictoires r\u00e8gneront dans la politique occidentale, tant que le terrorisme sera divis\u00e9, aux vues de ses puissants protecteurs, en bon et mauvais terrorisme, et que les int\u00e9r\u00eats des gouvernements pr\u00e9laveront sur les valeurs humaines et morales, il ne faudra pas chercher ailleurs les racines de cette cruaut\u00e9.<\/p>\n<p align=\"justify\">Malheureusement, au fil des ann\u00e9es, ces racines se sont enfonc\u00e9es dans les profondeurs des politiques culturelles de l&#8217;Occident, constituant ainsi une forme d&#8217;invasion douce et cach\u00e9e. Beaucoup de pays dans le monde, sont fiers de leur culture nationale, des cultures qui en se d\u00e9veloppant et en \u00e9tant la source d&#8217;autres cultures, ont nourri les communaut\u00e9s humaines pendant des si\u00e8cles. Le monde de l&#8217;Islam n&#8217;est pas exclu de cette r\u00e8gle, mais \u00e0 l&#8217;\u00e9poque contemporaine, le monde occidental, en exploitant ses moyens avanc\u00e9s, insiste sur l&#8217;identification et l&#8217;assimilation des cultures. Je qualifie de cruaut\u00e9 cach\u00e9e et tr\u00e8s nocive, l&#8217;imposition de la culture occidentale aux autres nations, l&#8217;humiliation des cultures ind\u00e9pendantes et riches, et l&#8217;offense \u00e0 leurs caract\u00e9ristiques les plus v\u00e9n\u00e9r\u00e9es, alors que la culture qui cherche \u00e0 les remplacer n&#8217;en a aucunement la capacit\u00e9. \u00c0 titre d&#8217;exemple, la \u00ab violence \u00bb et \u00ab la d\u00e9bauche morale \u00bb qui sont malheureusement, devenues des \u00e9l\u00e9ments principaux de la culture occidentale, sont devenues inadmissibles dans cette m\u00eame soci\u00e9t\u00e9. Maintenant la question est de savoir quelle est notre faute si nous ne voulons pas de cette culture belliqueuse, vulgaire et superficielle ? Est-ce que nous sommes coupables si nous essayons de barrer ce torrent destructif qui, sous des repr\u00e9sentations artistiques, tente d&#8217;emporter nos jeunes ? Je ne nie pas \u00e9videmment l&#8217;importance et la valeur des liens interculturels. Ces liens, quand ils ont \u00e9t\u00e9 cr\u00e9\u00e9s dans des conditions normales et de respect pour la soci\u00e9t\u00e9 cibl\u00e9e, ont donn\u00e9 lieu \u00e0 des progr\u00e8s, \u00e0 l&#8217;\u00e9panouissement et \u00e0 l&#8217;enrichissement. Par contre, des liens h\u00e9t\u00e9rog\u00e8nes et impos\u00e9s, sont vou\u00e9s \u00e0 l&#8217;\u00e9chec et sont nocifs. Avec beaucoup de regrets, je dois dire que ces groupes l\u00e2ches comme celui de Daech, sont les enfants de ces liens avort\u00e9s avec des cultures import\u00e9es de l&#8217;ext\u00e9rieur. Si le probl\u00e8me \u00e9tait vraiment de nature religieuse, de tels ph\u00e9nom\u00e8nes auraient du \u00e9galement exister \u00e0 l&#8217;\u00e9poque du colonialisme, alors que l&#8217;Histoire dit le contraire. Les documents historiques fiables montrent clairement comment la relation entre le colonialisme et une id\u00e9ologie extr\u00e9miste et rejet\u00e9e, et cela au sein d&#8217;une tribu primitive, a sem\u00e9 le grain de l&#8217;extr\u00e9misme dans la r\u00e9gion. Sinon, comment est-il possible que d&#8217;une des plus morales et des plus humanitaires \u00e9coles de pens\u00e9e du monde qui, dans son Texte fondamental, consid\u00e8re l&#8217;assassinat d&#8217;un \u00eatre comme l&#8217;assassinat de toute l&#8217;humanit\u00e9, naisse une ordure comme Daech.<\/p>\n<p align=\"justify\">D&#8217;autre part, il faut se demander pourquoi des gens qui sont n\u00e9s en Europe et qui ont \u00e9t\u00e9 instruits dans ce milieu id\u00e9ologiques et moral, adh\u00e8rent \u00e0 de tels groupes ? Peut-on croire que des individus, sous l&#8217;influence d&#8217;un ou deux voyages dans les zones de combat, deviennent tout \u00e0 coup des extr\u00e9mistes qui ouvrent le feu sur leurs concitoyens ? Il ne faut absolument pas oublier l&#8217;impact d&#8217;une vie men\u00e9e dans une atmosph\u00e8re culturelle malsaine et dans un milieu pervers, propice \u00e0 engendrer la cruaut\u00e9. Il faut faire une analyse compl\u00e8te qui mette \u00e0 d\u00e9couvert les impuret\u00e9s visibles et invisibles de la soci\u00e9t\u00e9. Il est possible que la rancune profonde qui, au cours de ces ann\u00e9es d&#8217;\u00e9panouissement industriel et \u00e9conomique, s&#8217;est install\u00e9e dans le c\u0153ur de certaines couches des soci\u00e9t\u00e9s occidentales, \u00e0 cause des in\u00e9galit\u00e9s et \u00e9ventuellement des discriminations l\u00e9gales et structurelles, ait form\u00e9 certains complexes qui de temps \u00e0 autre, se manifestent de cette mani\u00e8re maladive.<\/p>\n<p align=\"justify\">En tout cas, c&#8217;est vous qui devez d\u00e9couvrir les r\u00e9alit\u00e9s de votre soci\u00e9t\u00e9, les probl\u00e8mes et les rancunes, afin de les \u00e9liminer. Il faut rectifier les \u00e9carts au lieu de les approfondir. La grande erreur, dans les luttes contre le terrorisme, est qu&#8217;il s&#8217;agit de r\u00e9actions h\u00e2tives qui aggravent les \u00e9carts existants. Tout acte \u00e9motionnel et h\u00e2tif qui isolerait, effraierait ou angoisserait la communaut\u00e9 musulmane d&#8217;Europe et d&#8217;Am\u00e9rique qui compte des millions de gens actifs et engag\u00e9s, et qui les priverait encore plus que par le pass\u00e9 de leur droits naturels en les \u00e9cartant de la sc\u00e8ne sociale, non seulement ne r\u00e9soudrait en rien le probl\u00e8me, mais approfondirait les \u00e9carts. Des d\u00e9cisions prises \u00e0 la l\u00e9g\u00e8re et r\u00e9actionnelles, surtout quand elles prennent une allure l\u00e9gale, n&#8217;auront d&#8217;autre r\u00e9sultat que d&#8217;ouvrir la voie \u00e0 de prochaines crises, avec l&#8217;augmentation du nombre des blocs dans le monde.<\/p>\n<p align=\"justify\">Selon les informations que j&#8217;ai re\u00e7ues, dans certains pays europ\u00e9ens, on a \u00e9tabli des r\u00e8glements qui forcent les citoyens \u00e0 espionner les musulmans. Cette attitude est oppressive et tout le monde sait qu&#8217;une attitude oppressive, qu&#8217;on le veuille ou non, est r\u00e9versible. D&#8217;ailleurs, les musulmans ne m\u00e9ritent pas ce genre d&#8217;ingratitude. Depuis des si\u00e8cles, le monde occidental conna\u00eet bien les musulmans. Depuis le jour o\u00f9 les Occidentaux ont \u00e9t\u00e9 accueillis sur les territoires de l&#8217;Islam et ont plac\u00e9 leurs espoirs dans la g\u00e9n\u00e9rosit\u00e9 de leurs h\u00f4tes, et le jour o\u00f9 ils ont accueilli les musulmans et ont b\u00e9n\u00e9fici\u00e9 de leur activit\u00e9s et de leurs id\u00e9es, ils n&#8217;ont rien vu d&#8217;autre que de la gentillesse et de l&#8217;endurance. Je vous sollicite donc, chers jeunes, de b\u00e2tir les fondements d&#8217;une relation appropri\u00e9e et juste avec le monde de l&#8217;Islam, sur la base d&#8217;une connaissance correcte, d&#8217;une analyse profonde et d&#8217;une le\u00e7on des exp\u00e9riences d\u00e9sagr\u00e9ables. Dans ce cas, vous verrez dans un avenir proche, que le monument que vous avez b\u00e2ti sur une telle fondation, procurera une ambiance pleine de confiance et de s\u00fbret\u00e9 \u00e0 ses architectes, leur offrira la chaleur de la s\u00e9curit\u00e9 et de la paix, et leur ouvrira des perspectives prometteuses pour un avenir brillant dans le monde entier.<\/p>\n<h4 align=\"justify\">Sayed Ali Khamenei<\/h4>\n<p align=\"justify\">29 novembre 2015<\/p>\n<p><code><\/code><\/p>\n","protected":false},"excerpt":{"rendered":"<p>Dans un Occident o\u00f9 les mots &#8220;ayatollah&#8221; et &#8220;jihad&#8221; sont synonymes d&#8217;intol\u00e9rance et de violence terroriste (ce qu&#8217;ils sont tr\u00e8s loin de signifier dans leur langue d&#8217;origine, mais la dictature commence par le viol du langage), il est parfois difficile de prendre du recul avec la propagande, et de savoir qui sont les &#8220;m\u00e9chants&#8221; et [&hellip;]<\/p>\n","protected":false},"author":1,"featured_media":0,"comment_status":"open","ping_status":"open","sticky":false,"template":"","format":"standard","meta":[],"categories":[29,6],"tags":[112,53,162,12,56],"_links":{"self":[{"href":"https:\/\/aitia.fr\/erd\/wp-json\/wp\/v2\/posts\/5224"}],"collection":[{"href":"https:\/\/aitia.fr\/erd\/wp-json\/wp\/v2\/posts"}],"about":[{"href":"https:\/\/aitia.fr\/erd\/wp-json\/wp\/v2\/types\/post"}],"author":[{"embeddable":true,"href":"https:\/\/aitia.fr\/erd\/wp-json\/wp\/v2\/users\/1"}],"replies":[{"embeddable":true,"href":"https:\/\/aitia.fr\/erd\/wp-json\/wp\/v2\/comments?post=5224"}],"version-history":[{"count":15,"href":"https:\/\/aitia.fr\/erd\/wp-json\/wp\/v2\/posts\/5224\/revisions"}],"predecessor-version":[{"id":14213,"href":"https:\/\/aitia.fr\/erd\/wp-json\/wp\/v2\/posts\/5224\/revisions\/14213"}],"wp:attachment":[{"href":"https:\/\/aitia.fr\/erd\/wp-json\/wp\/v2\/media?parent=5224"}],"wp:term":[{"taxonomy":"category","embeddable":true,"href":"https:\/\/aitia.fr\/erd\/wp-json\/wp\/v2\/categories?post=5224"},{"taxonomy":"post_tag","embeddable":true,"href":"https:\/\/aitia.fr\/erd\/wp-json\/wp\/v2\/tags?post=5224"}],"curies":[{"name":"wp","href":"https:\/\/api.w.org\/{rel}","templated":true}]}}