{"id":4821,"date":"2015-10-19T22:05:04","date_gmt":"2015-10-19T20:05:04","guid":{"rendered":"https:\/\/aitia.fr\/erd\/?p=4821"},"modified":"2015-10-19T22:05:04","modified_gmt":"2015-10-19T20:05:04","slug":"la-turquie-prend-position-officiellement-pour-lemirat-islamique-reseau-voltaire","status":"publish","type":"post","link":"https:\/\/aitia.fr\/erd\/la-turquie-prend-position-officiellement-pour-lemirat-islamique-reseau-voltaire\/","title":{"rendered":"La Turquie prend position officiellement pour l\u2019\u00c9mirat islamique (r\u00e9seau Voltaire)"},"content":{"rendered":"<p class=\"lettrine\" style=\"text-align: justify;\"><a href=\"https:\/\/aitia.fr\/erd\/wp-content\/uploads\/2015\/10\/Hakan-Fidan.jpg\"><img decoding=\"async\" loading=\"lazy\" class=\"alignleft wp-image-4823 size-full\" src=\"https:\/\/aitia.fr\/erd\/wp-content\/uploads\/2015\/10\/Hakan-Fidan.jpg\" alt=\"Hakan Fidan\" width=\"400\" height=\"250\" srcset=\"https:\/\/aitia.fr\/erd\/wp-content\/uploads\/2015\/10\/Hakan-Fidan.jpg 400w, https:\/\/aitia.fr\/erd\/wp-content\/uploads\/2015\/10\/Hakan-Fidan-300x188.jpg 300w\" sizes=\"(max-width: 400px) 100vw, 400px\" \/><\/a>Le chef des services secrets turcs et homme de confiance du pr\u00e9sident Recep Tayyip Erdo\u011fan, Hakan Fidan, a pris la d\u00e9fense de l\u2019\u00c9mirat islamique dans un entretien \u00e0 l\u2019agence de presse officielle Anadoly, le 18 octobre 2015.<\/p>\n<p style=\"text-align: justify;\">M.\u00a0Fidan a d\u00e9clar\u00e9\u00a0: <em>\u00ab\u00a0L\u2019\u00c9mirat islamique est une r\u00e9alit\u00e9 et nous devons accepter ce que nous ne pouvons pas \u00e9radiquer une institution bien organis\u00e9e et populaire telle que l\u2019\u00c9tat islamique\u00a0; par cons\u00e9quent, je demande instamment \u00e0 mes coll\u00e8gues occidentaux de r\u00e9viser leur \u00e9tat d\u2019esprit sur les courants politiques islamiques, de mettre de c\u00f4t\u00e9 leur cynique mentalit\u00e9 et de contrecarrer les plans de Vladimir Poutine pour \u00e9craser les r\u00e9volutionnaires islamistes syriens\u00a0\u00bb<\/em>.<\/p>\n<p style=\"text-align: justify;\"><a href=\"https:\/\/www.voltairenet.org\/article189059.html\" target=\"_blank\">Continuer la lecture sur voltairenet.org\u00a0 \u27f6<\/a><\/p>\n<p style=\"text-align: justify;\">Commentaire personnel : <a href=\"https:\/\/aitia.fr\/erd\/documents-recemment-declassifies-du-gouvernement-des-usa-loccident-a-favorise-la-creation-de-letat-islamique\/\" target=\"_blank\">CQFD<\/a>. \u00catre &#8220;<a href=\"https:\/\/aitia.fr\/erd\/les-mots-creux-du-nouveau-maccarthysme\/\" target=\"_blank\">complotiste<\/a>&#8221; va devenir terriblement banal, il va falloir trouver autre chose pour se distinguer. Marcher sur les mains peut-\u00eatre ?<\/p>\n","protected":false},"excerpt":{"rendered":"<p>Le chef des services secrets turcs et homme de confiance du pr\u00e9sident Recep Tayyip Erdo\u011fan, Hakan Fidan, a pris la d\u00e9fense de l\u2019\u00c9mirat islamique dans un entretien \u00e0 l\u2019agence de presse officielle Anadoly, le 18 octobre 2015. M.\u00a0Fidan a d\u00e9clar\u00e9\u00a0: \u00ab\u00a0L\u2019\u00c9mirat islamique est une r\u00e9alit\u00e9 et nous devons accepter ce que nous ne pouvons pas [&hellip;]<\/p>\n","protected":false},"author":1,"featured_media":0,"comment_status":"open","ping_status":"open","sticky":false,"template":"","format":"standard","meta":[],"categories":[4,134,29],"tags":[112,155,152,48,71],"_links":{"self":[{"href":"https:\/\/aitia.fr\/erd\/wp-json\/wp\/v2\/posts\/4821"}],"collection":[{"href":"https:\/\/aitia.fr\/erd\/wp-json\/wp\/v2\/posts"}],"about":[{"href":"https:\/\/aitia.fr\/erd\/wp-json\/wp\/v2\/types\/post"}],"author":[{"embeddable":true,"href":"https:\/\/aitia.fr\/erd\/wp-json\/wp\/v2\/users\/1"}],"replies":[{"embeddable":true,"href":"https:\/\/aitia.fr\/erd\/wp-json\/wp\/v2\/comments?post=4821"}],"version-history":[{"count":5,"href":"https:\/\/aitia.fr\/erd\/wp-json\/wp\/v2\/posts\/4821\/revisions"}],"predecessor-version":[{"id":4827,"href":"https:\/\/aitia.fr\/erd\/wp-json\/wp\/v2\/posts\/4821\/revisions\/4827"}],"wp:attachment":[{"href":"https:\/\/aitia.fr\/erd\/wp-json\/wp\/v2\/media?parent=4821"}],"wp:term":[{"taxonomy":"category","embeddable":true,"href":"https:\/\/aitia.fr\/erd\/wp-json\/wp\/v2\/categories?post=4821"},{"taxonomy":"post_tag","embeddable":true,"href":"https:\/\/aitia.fr\/erd\/wp-json\/wp\/v2\/tags?post=4821"}],"curies":[{"name":"wp","href":"https:\/\/api.w.org\/{rel}","templated":true}]}}