{"id":4760,"date":"2015-10-16T17:41:23","date_gmt":"2015-10-16T15:41:23","guid":{"rendered":"https:\/\/aitia.fr\/erd\/?p=4760"},"modified":"2020-06-13T17:42:59","modified_gmt":"2020-06-13T15:42:59","slug":"prelude-a-leffondrement-general-du-systeme-partie-2","status":"publish","type":"post","link":"https:\/\/aitia.fr\/erd\/prelude-a-leffondrement-general-du-systeme-partie-2\/","title":{"rendered":"Pr\u00e9lude \u00e0 l&#8217;effondrement g\u00e9n\u00e9ral du syst\u00e8me (partie 2)"},"content":{"rendered":"<div id=\"attachment_4762\" style=\"width: 410px\" class=\"wp-caption alignleft\"><a href=\"https:\/\/aitia.fr\/erd\/wp-content\/uploads\/2015\/10\/Soral-F2-2-juin-2015.jpg\" target=\"_blank\" rel=\"noopener noreferrer\"><img aria-describedby=\"caption-attachment-4762\" decoding=\"async\" loading=\"lazy\" class=\"wp-image-4762\" src=\"https:\/\/aitia.fr\/erd\/wp-content\/uploads\/2015\/10\/Soral-F2-2-juin-2015.jpg\" alt=\"Soral F2 2 juin 2015\" width=\"400\" height=\"228\" srcset=\"https:\/\/aitia.fr\/erd\/wp-content\/uploads\/2015\/10\/Soral-F2-2-juin-2015.jpg 776w, https:\/\/aitia.fr\/erd\/wp-content\/uploads\/2015\/10\/Soral-F2-2-juin-2015-300x171.jpg 300w, https:\/\/aitia.fr\/erd\/wp-content\/uploads\/2015\/10\/Soral-F2-2-juin-2015-600x343.jpg 600w\" sizes=\"(max-width: 400px) 100vw, 400px\" \/><\/a><p id=\"caption-attachment-4762\" class=\"wp-caption-text\">Alain Soral interrog\u00e9 par France 2, le 2 juin 2015.<\/p><\/div>\n<p style=\"text-align: justify;\">(mise \u00e0 jour : 17 octobre 2015)<\/p>\n<p style=\"text-align: justify;\">Le premier d\u00e9cembre 2014, je relayais <a href=\"https:\/\/aitia.fr\/erd\/prelude-a-leffondrement-general-du-systeme\/\" target=\"_blank\" rel=\"noopener noreferrer\">la vid\u00e9o d&#8217;une interview<\/a> du pr\u00e9sident iranien Mahmoud Ahmadinejad par deux journalistes de France 2, jamais diffus\u00e9e telle quelle. Il \u00e9tait ais\u00e9 en la regardant de comprendre pourquoi : comme je l&#8217;\u00e9crivais alors, <em>&#8220;parce que le tyran fanatique que nos journalistes \u00e9taient cens\u00e9s nous pr\u00e9senter se r\u00e9v\u00e8le en d\u00e9finitive d&#8217;une humanit\u00e9 et d&#8217;une droiture morale d\u00e9sarmantes&#8221;<\/em>.<\/p>\n<p style=\"text-align: justify;\">Aujourd&#8217;hui, c&#8217;est le tour d&#8217;un autre &#8220;affreux&#8221;, un autre personnage dont tous les grands media sans exception font le maximum pour persuader leur public qu&#8217;il est soit raciste et antis\u00e9mite, soit fou et parano\u00efaque, soit dangereux, soit extr\u00eamement m\u00e9chant et violent, et de pr\u00e9f\u00e9rence, tout en m\u00eame temps.<\/p>\n<p style=\"text-align: justify;\"><!--more--><\/p>\n<p style=\"text-align: justify;\">Cependant, comme pour Ahmadinejad, il arrive que <a href=\"https:\/\/aitia.fr\/erd\/vu-a-la-tele\/\" target=\"_blank\" rel=\"noopener noreferrer\">la manipulation<\/a> que permet le montage n&#8217;arrive pas \u00e0 fonctionner : la seule issue est alors de mettre l&#8217;entretien \u00e0 la trappe ou de n&#8217;en reprendre qu&#8217;une infime partie (ce qui fut le cas pour le pr\u00e9sident iranien). Car la raison ne se laisse pas tordre si facilement.<\/p>\n<p style=\"text-align: justify;\">Mais alors, si les brutes d&#8217;extr\u00eame-droite racistes et violentes dont on nous dit d&#8217;avoir peur sont des gens plut\u00f4t intelligents, &#8220;de gauche&#8221;, d\u00e9fendant des valeurs universalistes et indign\u00e9es par l&#8217;injustice, se pourrait-il que ceux se proclamant antiracistes, de gauche et d\u00e9fenseurs des &#8220;valeurs r\u00e9publicaines&#8221; soient en r\u00e9alit\u00e9&#8230; ?<\/p>\n<p style=\"text-align: justify;\"><a href=\"https:\/\/aitia.fr\/erd\/linversion-de-paradigme\/\" target=\"_blank\" rel=\"noopener noreferrer\">C&#8217;est \u00e0 voir<\/a>.<\/p>\n<p style=\"text-align: justify;\"><strong>Pr\u00e9sentation d&#8217;ERTV :<\/strong><\/p>\n<p style=\"text-align: justify;\"><em>Le premier sujet de l\u2019\u00e9mission Envoy\u00e9 Sp\u00e9cial diffus\u00e9e sur France 2 ce jeudi 15 octobre 2015 s\u2019intitulait : <\/em><\/p>\n<p style=\"text-align: justify;\"><em>\u00ab Est-il dangereux de porter une kippa dans la rue en France ? \u00bb<\/em><\/p>\n<p style=\"text-align: justify;\"><em>Pour pr\u00e9parer son reportage, le journaliste Thierry Vincent avait r\u00e9alis\u00e9 une interview d\u2019Alain Soral le 2 juin 2015, mais aucune image de cet entretien n\u2019a \u00e9t\u00e9 retenue dans le montage final. Nous diffusons aujourd\u2019hui la vid\u00e9o de cet \u00e9change, film\u00e9 par ERTV.<\/em><\/p>\n<p style=\"text-align: center;\"><iframe loading=\"lazy\" src=\"\/\/www.dailymotion.com\/embed\/video\/x38904w\" width=\"640\" height=\"360\" frameborder=\"0\" allowfullscreen=\"allowfullscreen\"><\/iframe><br \/>\n<a href=\"https:\/\/www.dailymotion.com\/video\/x38904w_envoye-special-du-15-10-2015-l-entretien-avec-alain-soral-que-france-2-n-a-pas-diffuse_news\" target=\"_blank\" rel=\"noopener noreferrer\">Envoy\u00e9 Sp\u00e9cial du 15\/10\/2015 : l&#8217;entretien avec&#8230;<\/a> <i>par <a href=\"https:\/\/www.dailymotion.com\/ERTV\" target=\"_blank\" rel=\"noopener noreferrer\">ERTV<\/a><\/i><\/p>\n<p style=\"text-align: justify;\">Voir \u00e9galement un extrait du reportage <em>&#8220;Est-il dangereux de porter une kippa dans la rue en France ?&#8221;<\/em> diffus\u00e9 par France 2, ainsi que le documentaire de Yoav Shamir, <em>Defamation<\/em> (Diffamation), <a href=\"https:\/\/aitia.fr\/erd\/diffamation-yoav-shamir\/\" target=\"_blank\" rel=\"noopener noreferrer\">dans cet article<\/a>. Bravo donc au journaliste Thierry Vincent pour avoir d\u00e9montr\u00e9, malgr\u00e9 ses r\u00e9ticences affich\u00e9es, que les propos d&#8217;Alain Soral sur la fabrication artificielle du sentiment d&#8217;antis\u00e9mitisme par la propagande sioniste (et en cons\u00e9quence, la mont\u00e9e d&#8217;un r\u00e9el ras-le-bol de cette propagande et de ceux qui la fabriquent) sont justifi\u00e9s.<\/p>\n<p style=\"text-align: justify;\">Le reportage entier d&#8217;Envoy\u00e9 Sp\u00e9cial <a href=\"https:\/\/www.francetvinfo.fr\/replay-magazine\/france-2\/envoye-special\/video-envoye-special-est-il-dangereux-de-porter-une-kippa-dans-la-rue-en-france_1127611.html\" target=\"_blank\" rel=\"noopener noreferrer\">est disponible ici<\/a>.<\/p>\n","protected":false},"excerpt":{"rendered":"<p>(mise \u00e0 jour : 17 octobre 2015) Le premier d\u00e9cembre 2014, je relayais la vid\u00e9o d&#8217;une interview du pr\u00e9sident iranien Mahmoud Ahmadinejad par deux journalistes de France 2, jamais diffus\u00e9e telle quelle. Il \u00e9tait ais\u00e9 en la regardant de comprendre pourquoi : comme je l&#8217;\u00e9crivais alors, &#8220;parce que le tyran fanatique que nos journalistes \u00e9taient [&hellip;]<\/p>\n","protected":false},"author":1,"featured_media":0,"comment_status":"open","ping_status":"open","sticky":false,"template":"","format":"video","meta":[],"categories":[134,133,29],"tags":[150,20,48,56],"_links":{"self":[{"href":"https:\/\/aitia.fr\/erd\/wp-json\/wp\/v2\/posts\/4760"}],"collection":[{"href":"https:\/\/aitia.fr\/erd\/wp-json\/wp\/v2\/posts"}],"about":[{"href":"https:\/\/aitia.fr\/erd\/wp-json\/wp\/v2\/types\/post"}],"author":[{"embeddable":true,"href":"https:\/\/aitia.fr\/erd\/wp-json\/wp\/v2\/users\/1"}],"replies":[{"embeddable":true,"href":"https:\/\/aitia.fr\/erd\/wp-json\/wp\/v2\/comments?post=4760"}],"version-history":[{"count":18,"href":"https:\/\/aitia.fr\/erd\/wp-json\/wp\/v2\/posts\/4760\/revisions"}],"predecessor-version":[{"id":15261,"href":"https:\/\/aitia.fr\/erd\/wp-json\/wp\/v2\/posts\/4760\/revisions\/15261"}],"wp:attachment":[{"href":"https:\/\/aitia.fr\/erd\/wp-json\/wp\/v2\/media?parent=4760"}],"wp:term":[{"taxonomy":"category","embeddable":true,"href":"https:\/\/aitia.fr\/erd\/wp-json\/wp\/v2\/categories?post=4760"},{"taxonomy":"post_tag","embeddable":true,"href":"https:\/\/aitia.fr\/erd\/wp-json\/wp\/v2\/tags?post=4760"}],"curies":[{"name":"wp","href":"https:\/\/api.w.org\/{rel}","templated":true}]}}