{"id":4588,"date":"2015-10-04T17:32:00","date_gmt":"2015-10-04T15:32:00","guid":{"rendered":"https:\/\/aitia.fr\/erd\/?p=4588"},"modified":"2015-10-04T17:37:48","modified_gmt":"2015-10-04T15:37:48","slug":"le-choix-de-civilisation-de-la-russie-le-saker-francophone","status":"publish","type":"post","link":"https:\/\/aitia.fr\/erd\/le-choix-de-civilisation-de-la-russie-le-saker-francophone\/","title":{"rendered":"Le choix de civilisation de la Russie (le saker francophone)"},"content":{"rendered":"<div id=\"attachment_4590\" style=\"width: 510px\" class=\"wp-caption alignleft\"><a href=\"https:\/\/lesakerfrancophone.net\/le-choix-de-civilisation-de-la-russie\/\" target=\"_blank\"><img aria-describedby=\"caption-attachment-4590\" decoding=\"async\" loading=\"lazy\" class=\"wp-image-4590\" src=\"https:\/\/aitia.fr\/erd\/wp-content\/uploads\/2015\/10\/Moscow-Cathedral-Mosque-864x400_c.jpg\" alt=\"Moscow-Cathedral-Mosque-864x400_c\" width=\"500\" height=\"231\" srcset=\"https:\/\/aitia.fr\/erd\/wp-content\/uploads\/2015\/10\/Moscow-Cathedral-Mosque-864x400_c.jpg 864w, https:\/\/aitia.fr\/erd\/wp-content\/uploads\/2015\/10\/Moscow-Cathedral-Mosque-864x400_c-300x139.jpg 300w, https:\/\/aitia.fr\/erd\/wp-content\/uploads\/2015\/10\/Moscow-Cathedral-Mosque-864x400_c-600x278.jpg 600w\" sizes=\"(max-width: 500px) 100vw, 500px\" \/><\/a><p id=\"caption-attachment-4590\" class=\"wp-caption-text\">La mosqu\u00e9e-cath\u00e9drale de Moscou<\/p><\/div>\n<p style=\"text-align: justify;\">Cette semaine, Vladimir Poutine et un grand nombre de dignitaires et d\u2019invit\u00e9s russes et \u00e9trangers ont inaugur\u00e9 la plus grande mosqu\u00e9e en Europe\u00a0: la nouvelle <a href=\"https:\/\/thesaker.is\/moscow-inaugurates-the-biggest-mosque-in-europe\/\">mosqu\u00e9e-cath\u00e9drale de Moscou<\/a>. Ce fut un grand \u00e9v\u00e9nement, tr\u00e8s attendu par les plusieurs dizaines de milliers de musulmans russes qui vivent dans la capitale et qui, par le pass\u00e9, devaient prier dans les rues en raison de l\u2019absence d\u2019une mosqu\u00e9e assez grande pour les accueillir tous.<\/p>\n<p style=\"text-align: justify;\">La signification de cet \u00e9v\u00e9nement, toutefois, d\u00e9passe largement le manque local d\u2019espace. La v\u00e9rit\u00e9 est que la plupart des musulmans qui priaient dans le centre de la ville de Moscou voulaient davantage que seulement un b\u00e2timent plus grand \u2013 ils voulaient une reconnaissance officielle de leur existence et de leur importance pour la Russie. Maintenant, cette reconnaissance tr\u00e8s attendue est finalement venue et le c\u00e9l\u00e8bre centre de Moscou pr\u00e9sentera des minarets dor\u00e9s hauts de 240 pieds [<em>un peu plus de 73 m, NdT<\/em>] qui viendront compl\u00e9ter avec \u00e9l\u00e9gance les coupoles orthodoxes traditionnelles. Mais je ferais remarquer que cet \u00e9v\u00e9nement est m\u00eame plus grand que la seule reconnaissance du r\u00f4le que l\u2019islam joue dans la Russie moderne \u2013 je crois qu\u2019il est l\u2019expression d\u2019un choix civilisationnel profond.<\/p>\n<p style=\"text-align: justify;\"><a href=\"https:\/\/lesakerfrancophone.net\/le-choix-de-civilisation-de-la-russie\/\" target=\"_blank\">Continuer la lecture sur <em>le saker francophone<\/em> \u27f6<\/a><\/p>\n<p style=\"text-align: justify;\">Et pour un exemple oppos\u00e9 de m\u00e9pris de l&#8217;islam via la promotion m\u00e9diatico-politique d&#8217;un cr\u00e9tin analphab\u00e8te par le lobby sioniste fran\u00e7ais, voir <a href=\"https:\/\/aitia.fr\/erd\/guerre-a-lislam-la-preuve-par-chalghoumi\/\">le cas Chalghoumi<\/a>.<\/p>\n","protected":false},"excerpt":{"rendered":"<p>Cette semaine, Vladimir Poutine et un grand nombre de dignitaires et d\u2019invit\u00e9s russes et \u00e9trangers ont inaugur\u00e9 la plus grande mosqu\u00e9e en Europe\u00a0: la nouvelle mosqu\u00e9e-cath\u00e9drale de Moscou. Ce fut un grand \u00e9v\u00e9nement, tr\u00e8s attendu par les plusieurs dizaines de milliers de musulmans russes qui vivent dans la capitale et qui, par le pass\u00e9, devaient [&hellip;]<\/p>\n","protected":false},"author":1,"featured_media":0,"comment_status":"open","ping_status":"open","sticky":false,"template":"","format":"standard","meta":[],"categories":[4,134,3],"tags":[94,155,145,167],"_links":{"self":[{"href":"https:\/\/aitia.fr\/erd\/wp-json\/wp\/v2\/posts\/4588"}],"collection":[{"href":"https:\/\/aitia.fr\/erd\/wp-json\/wp\/v2\/posts"}],"about":[{"href":"https:\/\/aitia.fr\/erd\/wp-json\/wp\/v2\/types\/post"}],"author":[{"embeddable":true,"href":"https:\/\/aitia.fr\/erd\/wp-json\/wp\/v2\/users\/1"}],"replies":[{"embeddable":true,"href":"https:\/\/aitia.fr\/erd\/wp-json\/wp\/v2\/comments?post=4588"}],"version-history":[{"count":6,"href":"https:\/\/aitia.fr\/erd\/wp-json\/wp\/v2\/posts\/4588\/revisions"}],"predecessor-version":[{"id":4595,"href":"https:\/\/aitia.fr\/erd\/wp-json\/wp\/v2\/posts\/4588\/revisions\/4595"}],"wp:attachment":[{"href":"https:\/\/aitia.fr\/erd\/wp-json\/wp\/v2\/media?parent=4588"}],"wp:term":[{"taxonomy":"category","embeddable":true,"href":"https:\/\/aitia.fr\/erd\/wp-json\/wp\/v2\/categories?post=4588"},{"taxonomy":"post_tag","embeddable":true,"href":"https:\/\/aitia.fr\/erd\/wp-json\/wp\/v2\/tags?post=4588"}],"curies":[{"name":"wp","href":"https:\/\/api.w.org\/{rel}","templated":true}]}}