{"id":4512,"date":"2015-09-28T15:04:44","date_gmt":"2015-09-28T13:04:44","guid":{"rendered":"https:\/\/aitia.fr\/erd\/?p=4512"},"modified":"2018-12-08T21:32:09","modified_gmt":"2018-12-08T20:32:09","slug":"regis-chamagne-en-syrie-nous-sommes-les-toutous-des-americains-ail","status":"publish","type":"post","link":"https:\/\/aitia.fr\/erd\/regis-chamagne-en-syrie-nous-sommes-les-toutous-des-americains-ail\/","title":{"rendered":"R\u00e9gis Chamagne : en Syrie, nous sommes les toutous des Am\u00e9ricains ! (AIL)"},"content":{"rendered":"<p style=\"text-align: justify;\"><span style=\"color: #ff0000;\">[<strong>Remarque pr\u00e9liminaire de l&#8217;auteur de ce blog :<\/strong> le colonel \u00e0 la retraite R\u00e9gis Chamagne commence l&#8217;interview par un rappel utile, en citant le g\u00e9n\u00e9ral am\u00e9ricain <a style=\"color: #ff0000;\" href=\"https:\/\/fr.wikipedia.org\/wiki\/Wesley_Clark\" target=\"_blank\">Wesley Clark<\/a>, ancien commandant en chef de l&#8217;OTAN, qui dans une intervention sur CNN a d\u00e9clar\u00e9 que <strong>Daech avait \u00e9t\u00e9 cr\u00e9\u00e9 par la CIA et le Mossad<\/strong> dans le but de combattre le Hezbollah.]<\/span><\/p>\n<p style=\"text-align: justify;\"><a href=\"https:\/\/web.archive.org\/web\/20150926110702\/https:\/\/www.agenceinfolibre.fr:80\/regis-chamagne-en-syrie-nous-sommes-les-toutous-des-americains\/\" target=\"_blank\">L\u2019Agence Info Libre<\/a> a \u00e9t\u00e9 \u00e0 la rencontre de R\u00e9gis Chamagne, colonel (ER) de l\u2019arm\u00e9e de l\u2019air. L\u2019occasion de revenir sur les r\u00e9centes d\u00e9clarations de Manuel Valls \u00e0 l\u2019Assembl\u00e9e, \u00e0 propos de l\u2019\u00e9ventualit\u00e9 d\u2019une intervention fran\u00e7aise en Syrie.<\/p>\n<p style=\"text-align: justify;\">Nous avons pu \u00e9voquer \u00e9galement l\u2019\u00e9volution de l\u2019arm\u00e9e fran\u00e7aise, en parlant notamment de la prochaine fusion entre Nexter (ex-GIAC) et KMW, qui donnera naissance au futur \u00ab Airbus \u00bb de l\u2019armement terrestre.<\/p>\n<p style=\"text-align: center;\"><iframe loading=\"lazy\" src=\"https:\/\/www.youtube.com\/embed\/B7w34gXUmqs\" width=\"640\" height=\"360\" frameborder=\"0\" allowfullscreen=\"allowfullscreen\"><\/iframe><\/p>\n<p style=\"text-align: justify;\">La libert\u00e9 d&#8217;information a un co\u00fbt (ind\u00e9pendamment de son prix), l&#8217;Agence Info Libre a <a href=\"https:\/\/www.kisskissbankbank.com\/ail-un-regard-different-et-independant-sur-l-information\" target=\"_blank\">besoin de vous pour vivre<\/a>.<\/p>\n","protected":false},"excerpt":{"rendered":"<p>[Remarque pr\u00e9liminaire de l&#8217;auteur de ce blog : le colonel \u00e0 la retraite R\u00e9gis Chamagne commence l&#8217;interview par un rappel utile, en citant le g\u00e9n\u00e9ral am\u00e9ricain Wesley Clark, ancien commandant en chef de l&#8217;OTAN, qui dans une intervention sur CNN a d\u00e9clar\u00e9 que Daech avait \u00e9t\u00e9 cr\u00e9\u00e9 par la CIA et le Mossad dans le [&hellip;]<\/p>\n","protected":false},"author":1,"featured_media":0,"comment_status":"open","ping_status":"open","sticky":false,"template":"","format":"standard","meta":[],"categories":[4,134,133,29],"tags":[112,61,155,48,12],"_links":{"self":[{"href":"https:\/\/aitia.fr\/erd\/wp-json\/wp\/v2\/posts\/4512"}],"collection":[{"href":"https:\/\/aitia.fr\/erd\/wp-json\/wp\/v2\/posts"}],"about":[{"href":"https:\/\/aitia.fr\/erd\/wp-json\/wp\/v2\/types\/post"}],"author":[{"embeddable":true,"href":"https:\/\/aitia.fr\/erd\/wp-json\/wp\/v2\/users\/1"}],"replies":[{"embeddable":true,"href":"https:\/\/aitia.fr\/erd\/wp-json\/wp\/v2\/comments?post=4512"}],"version-history":[{"count":13,"href":"https:\/\/aitia.fr\/erd\/wp-json\/wp\/v2\/posts\/4512\/revisions"}],"predecessor-version":[{"id":11763,"href":"https:\/\/aitia.fr\/erd\/wp-json\/wp\/v2\/posts\/4512\/revisions\/11763"}],"wp:attachment":[{"href":"https:\/\/aitia.fr\/erd\/wp-json\/wp\/v2\/media?parent=4512"}],"wp:term":[{"taxonomy":"category","embeddable":true,"href":"https:\/\/aitia.fr\/erd\/wp-json\/wp\/v2\/categories?post=4512"},{"taxonomy":"post_tag","embeddable":true,"href":"https:\/\/aitia.fr\/erd\/wp-json\/wp\/v2\/tags?post=4512"}],"curies":[{"name":"wp","href":"https:\/\/api.w.org\/{rel}","templated":true}]}}