{"id":4343,"date":"2015-09-23T08:18:07","date_gmt":"2015-09-23T06:18:07","guid":{"rendered":"https:\/\/aitia.fr\/erd\/?p=4343"},"modified":"2019-03-30T09:37:06","modified_gmt":"2019-03-30T08:37:06","slug":"de-lordre-raisonnable-des-questions-et-de-lutilite-de-lignorance-temporaire","status":"publish","type":"post","link":"https:\/\/aitia.fr\/erd\/de-lordre-raisonnable-des-questions-et-de-lutilite-de-lignorance-temporaire\/","title":{"rendered":"De l&#8217;ordre raisonnable des questions et de l&#8217;utilit\u00e9 de l&#8217;ignorance temporaire"},"content":{"rendered":"<div id=\"attachment_4345\" style=\"width: 288px\" class=\"wp-caption alignleft\"><a href=\"https:\/\/aitia.fr\/erd\/wp-content\/uploads\/2015\/09\/Eratosthene.01.png\" target=\"_blank\" rel=\"noopener noreferrer\"><img aria-describedby=\"caption-attachment-4345\" decoding=\"async\" loading=\"lazy\" class=\"wp-image-4345 size-full\" src=\"https:\/\/aitia.fr\/erd\/wp-content\/uploads\/2015\/09\/Eratosthene.01.png\" alt=\"Eratosthene.01\" width=\"278\" height=\"275\" \/><\/a><p id=\"caption-attachment-4345\" class=\"wp-caption-text\">\u00c9ratosth\u00e8ne<\/p><\/div>\n<p style=\"text-align: justify;\">Dans l&#8217;Occident du d\u00e9but du vingt-et-uni\u00e8me si\u00e8cle, lorsqu&#8217;on vit dans une illusion de savoirs surpuissants et instantan\u00e9ment accessibles qui n&#8217;est en d\u00e9finitive qu&#8217;une orgie de propagande, il est utile de revenir \u00e0 quelques notions simples sur la construction, lente et patiente, de la connaissance rationnelle. J&#8217;avais d\u00e9j\u00e0 <a href=\"https:\/\/aitia.fr\/erd\/quest-ce-quune-connaissance-rationnelle\/\">tent\u00e9 ici<\/a> de d\u00e9finir par quelques exemples ce type de savoir ; je vais aujourd&#8217;hui montrer en quoi la pr\u00e9cipitation, en connaissance comme en alimentation, peut conduire \u00e0 des probl\u00e8mes digestifs voire \u00e0 des intoxications graves. Car pour devenir plus intelligent, il faut aussi savoir \u00eatre ignorant.<\/p>\n<p style=\"text-align: justify;\"><!--more--><\/p>\n<p style=\"text-align: justify;\">Beaucoup de gens croient aujourd&#8217;hui sinc\u00e8rement vivre dans un pays et \u00e0 une \u00e9poque &#8220;avanc\u00e9s&#8221;, par opposition \u00e0 des contr\u00e9es ou des \u00e9poques &#8220;arri\u00e9r\u00e9es&#8221;. Elles tirent ce sentiment non de la r\u00e9flexion et de la connaissance de ces contr\u00e9es et de ces \u00e9poques (qui les ferait tr\u00e8s probablement changer d&#8217;avis), mais de l&#8217;inconscience des limites de leur propre connaissance. Pour illustrer ceci, replongeons-nous de nombreux si\u00e8cles en arri\u00e8re, bien avant l&#8217;\u00e8re chr\u00e9tienne, dans l&#8217;Antiquit\u00e9 grecque.<\/p>\n<div id=\"attachment_4421\" style=\"width: 296px\" class=\"wp-caption alignright\"><a href=\"https:\/\/aitia.fr\/erd\/wp-content\/uploads\/2015\/09\/Macrobius_climatic_zones.jpg\" target=\"_blank\" rel=\"noopener noreferrer\"><img aria-describedby=\"caption-attachment-4421\" decoding=\"async\" loading=\"lazy\" class=\"wp-image-4421 size-medium\" src=\"https:\/\/aitia.fr\/erd\/wp-content\/uploads\/2015\/09\/Macrobius_climatic_zones-286x300.jpg\" alt=\"Macrobius,_climatic_zones\" width=\"286\" height=\"300\" srcset=\"https:\/\/aitia.fr\/erd\/wp-content\/uploads\/2015\/09\/Macrobius_climatic_zones-286x300.jpg 286w, https:\/\/aitia.fr\/erd\/wp-content\/uploads\/2015\/09\/Macrobius_climatic_zones.jpg 336w\" sizes=\"(max-width: 286px) 100vw, 286px\" \/><\/a><p id=\"caption-attachment-4421\" class=\"wp-caption-text\">Les 5 zones climatiques <br \/> (manuscrit du douzi\u00e8me si\u00e8cle)<\/p><\/div>\n<p style=\"text-align: justify;\">D\u00e8s le cinqui\u00e8me si\u00e8cle avant J\u00e9sus-Christ, <a href=\"https:\/\/www.babelio.com\/auteur\/Parmenide-dElee\/15651\" target=\"_blank\" rel=\"noopener noreferrer\">Parm\u00e9nide d&#8217;\u00c9l\u00e9e<\/a> affirmait que la Terre \u00e9tait ronde, et d\u00e9crivait m\u00eame ses diff\u00e9rentes zones climatiques : torride autour de l&#8217;\u00e9quateur, puis temp\u00e9r\u00e9es (les seules habitables selon lui), et enfin polaires. Au troisi\u00e8me si\u00e8cle avant notre \u00e8re, \u00c9ratosth\u00e8ne est devenu c\u00e9l\u00e8bre pour avoir \u00e9t\u00e9 un des premiers \u00e0 proposer une m\u00e9thode de mesure de la circonf\u00e9rence de la Terre, <a href=\"https:\/\/fr.wikipedia.org\/wiki\/%C3%89ratosth%C3%A8ne#Mesure_de_la_circonf.C3.A9rence_de_la_Terre\" target=\"_blank\" rel=\"noopener noreferrer\">purement g\u00e9om\u00e9trique<\/a>, en s&#8217;aidant de l&#8217;ombre d&#8217;un ob\u00e9lisque situ\u00e9 \u00e0 Alexandrie, au solstice d&#8217;\u00e9t\u00e9 \u00e0 midi, et de la constatation qu&#8217;il avait faite auparavant de l&#8217;absence d&#8217;ombre au fond d&#8217;un puits \u00e0 Sy\u00e8ne (Assouan), ville situ\u00e9e pratiquement sur le Tropique du Cancer.<\/p>\n<p style=\"text-align: justify;\">Cela fait donc bien longtemps que les hommes (ou au moins certains d&#8217;entre eux) savent que la Terre est ronde, et l&#8217;ont montr\u00e9 sans l&#8217;aide de quelque proth\u00e8se technologique que ce soit mais \u00e0 la seule force de leur raisonnement ; rappelons au passage que nombre de nos contemporains, m\u00eame \u00e9duqu\u00e9s, croient que Galil\u00e9e eut quelques soucis avec l&#8217;\u00c9glise \u00e0 cause de cela, alors que l&#8217;objet du diff\u00e9rend \u00e9tait la place de la Terre dans l&#8217;Univers et non sa forme (Galil\u00e9e ne faisant que reprendre l&#8217;<a href=\"https:\/\/fr.wikipedia.org\/wiki\/H%C3%A9liocentrisme\" target=\"_blank\" rel=\"noopener noreferrer\">h\u00e9liocentrisme<\/a> de Copernic, qui s&#8217;opposait au <a href=\"https:\/\/fr.wikipedia.org\/wiki\/G%C3%A9ocentrisme\" target=\"_blank\" rel=\"noopener noreferrer\">g\u00e9ocentrisme<\/a> de l&#8217;\u00c9glise). Et Copernic lui-m\u00eame eut de lointains pr\u00e9curseurs, comme <a href=\"https:\/\/fr.wikipedia.org\/wiki\/Aristarque_de_Samos\" target=\"_blank\" rel=\"noopener noreferrer\">Aristarque de Samos<\/a>, d\u00e9j\u00e0 au troisi\u00e8me si\u00e8cle avant J\u00e9sus-Christ&#8230;<\/p>\n<p style=\"text-align: justify;\">Il est pourtant probable qu&#8217;en ces \u00e9poques antiques, o\u00f9 la Terre \u00e9tait &#8220;\u00e9videmment&#8221; plate (aux montagnes pr\u00e8s&#8230;) pour tout le monde, affirmer qu&#8217;elle \u00e9tait ronde ne pouvait qu&#8217;attirer la moquerie des gens ordinaires, l&#8217;incompr\u00e9hension, et tout un tas de &#8220;r\u00e9futations&#8221; passant par des arguments de bon sens, comme celui-ci : comment font les habitants des contr\u00e9es situ\u00e9es de l&#8217;autre c\u00f4t\u00e9 pour vivre la t\u00eate en bas, ou, entre les deux, dans une position tr\u00e8s inconfortable ?<\/p>\n<div id=\"attachment_2473\" style=\"width: 310px\" class=\"wp-caption alignleft\"><a href=\"https:\/\/aitia.fr\/erd\/wp-content\/uploads\/2015\/03\/GodfreyKneller-IsaacNewton-1689.jpg\" target=\"_blank\" rel=\"noopener noreferrer\"><img aria-describedby=\"caption-attachment-2473\" decoding=\"async\" loading=\"lazy\" class=\"wp-image-2473\" src=\"https:\/\/aitia.fr\/erd\/wp-content\/uploads\/2015\/03\/GodfreyKneller-IsaacNewton-1689.jpg\" alt=\"Isaac Newton en 1689\" width=\"300\" height=\"412\" srcset=\"https:\/\/aitia.fr\/erd\/wp-content\/uploads\/2015\/03\/GodfreyKneller-IsaacNewton-1689.jpg 407w, https:\/\/aitia.fr\/erd\/wp-content\/uploads\/2015\/03\/GodfreyKneller-IsaacNewton-1689-218x300.jpg 218w\" sizes=\"(max-width: 300px) 100vw, 300px\" \/><\/a><p id=\"caption-attachment-2473\" class=\"wp-caption-text\">Isaac Newton (1642-1727) en 1689<\/p><\/div>\n<p style=\"text-align: justify;\">Si elle para\u00eet ridicule aujourd&#8217;hui, cette objection n&#8217;avait pourtant rien de stupide \u00e0 l&#8217;\u00e9poque de Parm\u00e9nide, d&#8217;\u00c9ratosth\u00e8ne ou m\u00eame de Copernic ou de Galil\u00e9e : en effet, d\u00e9montrer son absurdit\u00e9 n\u00e9cessite de savoir ce qu&#8217;est <em>r\u00e9ellement<\/em> une verticale, c&#8217;est-\u00e0-dire non pas une direction unique, mais un ensemble de directions qui passent toutes par le centre de gravit\u00e9 de la Terre&#8230; et ceci en raison de l&#8217;attraction gravitationnelle qui s&#8217;exerce entre tous les objets ayant une masse comme, par exemple, un \u00eatre humain et la Terre. Or, une <a href=\"https:\/\/fr.wikipedia.org\/wiki\/Isaac_Newton#La_loi_universelle_de_la_gravitation\" target=\"_blank\" rel=\"noopener noreferrer\">description satisfaisante de la gravitation<\/a> ne sera donn\u00e9e que par Newton, \u00e0 la fin du dix-septi\u00e8me si\u00e8cle. Ce qui signifie que ni Parm\u00e9nide, ni \u00c9ratosth\u00e8ne, ni Copernic, ni Galil\u00e9e, ni bien d&#8217;autres, n&#8217;\u00e9taient capables de r\u00e9pondre \u00e0 cette objection autrement que par un <em>&#8220;Eh bien, le poids maintient toujours les choses au sol&#8230; parce que c&#8217;est comme \u00e7a \u00e9pic\u00e9tou.&#8221;<\/em><\/p>\n<p style=\"text-align: justify;\">Cet exemple trivial, sur lequel plus personne ne r\u00e9fl\u00e9chit aujourd&#8217;hui, nous montre que la progression des connaissances rationnelles doit parfois se faire <strong>au prix de l&#8217;impossibilit\u00e9 de r\u00e9pondre de fa\u00e7on satisfaisante<\/strong> aux nouvelles questions qu&#8217;elles ouvrent. Questions qui &#8220;n&#8217;existaient pas&#8221; auparavant tout simplement parce que personne n&#8217;avait eu l&#8217;intelligence de les formuler. Or la vision de la science et des &#8220;d\u00e9bats&#8221; que nous offrent g\u00e9n\u00e9ralement les media d&#8217;aujourd&#8217;hui est \u00e0 l&#8217;exact oppos\u00e9 : un &#8220;expert scientifique&#8221; n&#8217;est invit\u00e9 que s&#8217;il a r\u00e9ponse \u00e0 tout, et passe g\u00e9n\u00e9ralement pour incomp\u00e9tent d\u00e8s qu&#8217;il avoue son impuissance ; d\u00e8s qu&#8217;une personne propose une vision de la r\u00e9alit\u00e9 diff\u00e9rente de la conception dominante, elle est somm\u00e9e de r\u00e9pondre \u00e0 toutes les questions que cette remise en cause entra\u00eene, et si elle ne le peut pas (ce qui est g\u00e9n\u00e9ralement le cas, <em>surtout<\/em> si elle est honn\u00eate), se retrouve imm\u00e9diatement disqualifi\u00e9e pour n&#8217;avoir pas su dans la minute proposer la Grande Th\u00e9orie Unifi\u00e9e de l&#8217;Explication du Monde.<\/p>\n<div id=\"attachment_4426\" style=\"width: 258px\" class=\"wp-caption alignright\"><a href=\"https:\/\/aitia.fr\/erd\/wp-content\/uploads\/2015\/09\/complotiste.jpg\" target=\"_blank\" rel=\"noopener noreferrer\"><img aria-describedby=\"caption-attachment-4426\" decoding=\"async\" loading=\"lazy\" class=\"wp-image-4426 size-medium\" src=\"https:\/\/aitia.fr\/erd\/wp-content\/uploads\/2015\/09\/complotiste-248x300.jpg\" alt=\"complotiste\" width=\"248\" height=\"300\" srcset=\"https:\/\/aitia.fr\/erd\/wp-content\/uploads\/2015\/09\/complotiste-248x300.jpg 248w, https:\/\/aitia.fr\/erd\/wp-content\/uploads\/2015\/09\/complotiste-600x727.jpg 600w, https:\/\/aitia.fr\/erd\/wp-content\/uploads\/2015\/09\/complotiste.jpg 601w\" sizes=\"(max-width: 248px) 100vw, 248px\" \/><\/a><p id=\"caption-attachment-4426\" class=\"wp-caption-text\">Futur complotiste<\/p><\/div>\n<p style=\"text-align: justify;\">Cette attitude boulimique, cette injonction \u00e0 r\u00e9pondre sur-le-champ &#8211; tr\u00e8s calcul\u00e9e chez certains &#8220;animateurs de d\u00e9bats&#8221; &#8211; a un effet : paralyser la pens\u00e9e, qui a besoin d&#8217;incertitude et parfois m\u00eame de contradiction <em>temporaire<\/em> pour avancer. \u00c0 un point o\u00f9, terroris\u00e9 par l&#8217;infini potentiel des questions ouvertes, on finit par ne percevoir les difficult\u00e9s logiques que dans les nouveaux discours, mais n&#8217;\u00e9prouve, par la force de l&#8217;habitude, aucune difficult\u00e9 avec celles du discours ambiant, aussi grosses soit-elles. Comme, par exemple, lorsqu&#8217;on nous demande de croire qu&#8217;un gros objet rigide arrive \u00e0 p\u00e9n\u00e9trer dans un autre via un trou plus petit, ce qui pourtant est une contradiction logique enseign\u00e9e d\u00e8s le plus jeune \u00e2ge.<\/p>\n<p style=\"text-align: justify;\">L&#8217;ignorance reconnue est \u00e0 la pens\u00e9e ce que le jeu est \u00e0 la m\u00e9canique : la condition n\u00e9cessaire du fonctionnement. Seule la pens\u00e9e totalitaire cherche \u00e0 l&#8217;\u00e9radiquer ou \u00e0 en faire un signe de faiblesse.<\/p>\n","protected":false},"excerpt":{"rendered":"<p>Dans l&#8217;Occident du d\u00e9but du vingt-et-uni\u00e8me si\u00e8cle, lorsqu&#8217;on vit dans une illusion de savoirs surpuissants et instantan\u00e9ment accessibles qui n&#8217;est en d\u00e9finitive qu&#8217;une orgie de propagande, il est utile de revenir \u00e0 quelques notions simples sur la construction, lente et patiente, de la connaissance rationnelle. J&#8217;avais d\u00e9j\u00e0 tent\u00e9 ici de d\u00e9finir par quelques exemples ce [&hellip;]<\/p>\n","protected":false},"author":1,"featured_media":0,"comment_status":"open","ping_status":"open","sticky":false,"template":"","format":"standard","meta":[],"categories":[3],"tags":[150,83,55,204],"_links":{"self":[{"href":"https:\/\/aitia.fr\/erd\/wp-json\/wp\/v2\/posts\/4343"}],"collection":[{"href":"https:\/\/aitia.fr\/erd\/wp-json\/wp\/v2\/posts"}],"about":[{"href":"https:\/\/aitia.fr\/erd\/wp-json\/wp\/v2\/types\/post"}],"author":[{"embeddable":true,"href":"https:\/\/aitia.fr\/erd\/wp-json\/wp\/v2\/users\/1"}],"replies":[{"embeddable":true,"href":"https:\/\/aitia.fr\/erd\/wp-json\/wp\/v2\/comments?post=4343"}],"version-history":[{"count":25,"href":"https:\/\/aitia.fr\/erd\/wp-json\/wp\/v2\/posts\/4343\/revisions"}],"predecessor-version":[{"id":12480,"href":"https:\/\/aitia.fr\/erd\/wp-json\/wp\/v2\/posts\/4343\/revisions\/12480"}],"wp:attachment":[{"href":"https:\/\/aitia.fr\/erd\/wp-json\/wp\/v2\/media?parent=4343"}],"wp:term":[{"taxonomy":"category","embeddable":true,"href":"https:\/\/aitia.fr\/erd\/wp-json\/wp\/v2\/categories?post=4343"},{"taxonomy":"post_tag","embeddable":true,"href":"https:\/\/aitia.fr\/erd\/wp-json\/wp\/v2\/tags?post=4343"}],"curies":[{"name":"wp","href":"https:\/\/api.w.org\/{rel}","templated":true}]}}