{"id":4071,"date":"2015-09-11T01:11:32","date_gmt":"2015-09-10T23:11:32","guid":{"rendered":"https:\/\/aitia.fr\/erd\/?p=4071"},"modified":"2015-09-10T23:05:03","modified_gmt":"2015-09-10T21:05:03","slug":"sequence-nostalgie-la-france-avant-le-11-septembre","status":"publish","type":"post","link":"https:\/\/aitia.fr\/erd\/sequence-nostalgie-la-france-avant-le-11-septembre\/","title":{"rendered":"S\u00e9quence nostalgie : la France, avant le 11 septembre"},"content":{"rendered":"<p style=\"text-align: justify;\">Visite du commandant Massoud \u00e0 Paris, le 4 avril 2001, avant que les sph\u00e8res de pouvoir fran\u00e7aises ne soient compl\u00e8tement occup\u00e9es par des pantins am\u00e9ricano-isra\u00e9lo-compatibles.<\/p>\n<p style=\"text-align: center;\"><iframe loading=\"lazy\" src=\"https:\/\/www.youtube.com\/embed\/VJdbxx48TAU\" width=\"420\" height=\"315\" frameborder=\"0\" allowfullscreen=\"allowfullscreen\"><\/iframe><\/p>\n<p style=\"text-align: justify;\">Le commandant Massoud a \u00e9t\u00e9 assassin\u00e9 le 9 septembre 2001. Sur les raisons de la disparition m\u00e9diatique de Claude S\u00e9rillon&#8230; <a href=\"https:\/\/aitia.fr\/erd\/manuel-valls-et-la-liberte-dexpression\/\" target=\"_blank\">c&#8217;est ici<\/a>.<\/p>\n","protected":false},"excerpt":{"rendered":"<p>Visite du commandant Massoud \u00e0 Paris, le 4 avril 2001, avant que les sph\u00e8res de pouvoir fran\u00e7aises ne soient compl\u00e8tement occup\u00e9es par des pantins am\u00e9ricano-isra\u00e9lo-compatibles. Le commandant Massoud a \u00e9t\u00e9 assassin\u00e9 le 9 septembre 2001. Sur les raisons de la disparition m\u00e9diatique de Claude S\u00e9rillon&#8230; c&#8217;est ici.<\/p>\n","protected":false},"author":1,"featured_media":0,"comment_status":"open","ping_status":"open","sticky":false,"template":"","format":"video","meta":[],"categories":[133],"tags":[117,156,155,162],"_links":{"self":[{"href":"https:\/\/aitia.fr\/erd\/wp-json\/wp\/v2\/posts\/4071"}],"collection":[{"href":"https:\/\/aitia.fr\/erd\/wp-json\/wp\/v2\/posts"}],"about":[{"href":"https:\/\/aitia.fr\/erd\/wp-json\/wp\/v2\/types\/post"}],"author":[{"embeddable":true,"href":"https:\/\/aitia.fr\/erd\/wp-json\/wp\/v2\/users\/1"}],"replies":[{"embeddable":true,"href":"https:\/\/aitia.fr\/erd\/wp-json\/wp\/v2\/comments?post=4071"}],"version-history":[{"count":7,"href":"https:\/\/aitia.fr\/erd\/wp-json\/wp\/v2\/posts\/4071\/revisions"}],"predecessor-version":[{"id":4127,"href":"https:\/\/aitia.fr\/erd\/wp-json\/wp\/v2\/posts\/4071\/revisions\/4127"}],"wp:attachment":[{"href":"https:\/\/aitia.fr\/erd\/wp-json\/wp\/v2\/media?parent=4071"}],"wp:term":[{"taxonomy":"category","embeddable":true,"href":"https:\/\/aitia.fr\/erd\/wp-json\/wp\/v2\/categories?post=4071"},{"taxonomy":"post_tag","embeddable":true,"href":"https:\/\/aitia.fr\/erd\/wp-json\/wp\/v2\/tags?post=4071"}],"curies":[{"name":"wp","href":"https:\/\/api.w.org\/{rel}","templated":true}]}}