{"id":3819,"date":"2015-12-03T03:54:29","date_gmt":"2015-12-03T02:54:29","guid":{"rendered":"https:\/\/aitia.fr\/erd\/?p=3819"},"modified":"2023-05-26T21:00:06","modified_gmt":"2023-05-26T19:00:06","slug":"eloge-du-handicap","status":"publish","type":"post","link":"https:\/\/aitia.fr\/erd\/eloge-du-handicap\/","title":{"rendered":"\u00c9loge du handicap"},"content":{"rendered":"<div id=\"attachment_5265\" style=\"width: 310px\" class=\"wp-caption alignleft\"><a href=\"https:\/\/aitia.fr\/erd\/wp-content\/uploads\/2015\/12\/Songboythermal.jpg\"><img aria-describedby=\"caption-attachment-5265\" decoding=\"async\" loading=\"lazy\" class=\"wp-image-5265 size-medium\" src=\"https:\/\/aitia.fr\/erd\/wp-content\/uploads\/2015\/12\/Songboythermal-300x210.jpg\" alt=\"Songboythermal\" width=\"300\" height=\"210\" srcset=\"https:\/\/aitia.fr\/erd\/wp-content\/uploads\/2015\/12\/Songboythermal-300x210.jpg 300w, https:\/\/aitia.fr\/erd\/wp-content\/uploads\/2015\/12\/Songboythermal-600x419.jpg 600w, https:\/\/aitia.fr\/erd\/wp-content\/uploads\/2015\/12\/Songboythermal.jpg 620w\" sizes=\"(max-width: 300px) 100vw, 300px\" \/><\/a><p id=\"caption-attachment-5265\" class=\"wp-caption-text\">L&#8217;invit\u00e9-myst\u00e8re<\/p><\/div>\n<p style=\"text-align: justify;\">Dans notre monde de c\u00e9l\u00e9brations obligatoires et de superficialit\u00e9 collective tenant lieu de m\u00e9moire et de solidarit\u00e9, nous marquons aujourd&#8217;hui la <a href=\"https:\/\/www.un.org\/fr\/events\/disabilitiesday\/\" target=\"_blank\" rel=\"noopener noreferrer\">journ\u00e9e internationale des personnes handicap\u00e9es<\/a>. Il y a des journ\u00e9es mondiales <a href=\"https:\/\/fr.wikipedia.org\/wiki\/Journ%C3%A9e_internationale\" target=\"_blank\" rel=\"noopener noreferrer\">pour tout<\/a> : les c\u00e2lins (21 janvier), les zones humides (2 f\u00e9vrier, rien \u00e0 voir avec la pr\u00e9c\u00e9dente), les femmes (8 mars, idem), les Roms (8 avril), les travailleurs (premier mai, logique), l&#8217;oc\u00e9an (8 juin), la dignit\u00e9 des victimes de la traite d&#8217;\u00eatres humains (30 juillet), la bi\u00e8re (premier vendredi d&#8217;ao\u00fbt), la paix (21 septembre, en m\u00eame temps que la journ\u00e9e mondiale pour la maladie d&#8217;Alzheimer, peut-\u00eatre une raison de l&#8217;\u00e9tat actuel du monde), l&#8217;\u00e9limination de la pauvret\u00e9 (17 octobre, qui d\u00e9montre chaque ann\u00e9e davantage son efficacit\u00e9), la solidarit\u00e9 avec le peuple palestinien (29 novembre, le voil\u00e0 donc rassur\u00e9, on pense \u00e0 lui), l&#8217;orgasme (au solstice d&#8217;hiver de l&#8217;h\u00e9misph\u00e8re nord, il faut bien compenser la froidure).<\/p>\n<p style=\"text-align: justify;\"><!--more--><\/p>\n<p style=\"text-align: justify;\">Ces journ\u00e9es ont, d&#8217;une part, tendance \u00e0 nous \u00e9viter de penser vraiment aux gens concern\u00e9s en dehors du cr\u00e9neau qui leur est attribu\u00e9, et d&#8217;autre part, sont g\u00e9n\u00e9ralement c\u00e9l\u00e9br\u00e9es dans un esprit de victimisation et de n\u00e9gation des diff\u00e9rences ; ainsi, les personnes handicap\u00e9es (terme tr\u00e8s vague) doivent pouvoir faire tout exactement comme tout le monde pour profiter pleinement de la vie. Ce qui sous-entend que nous, les valides, savons r\u00e9ellement en profiter et utilisons nos yeux et nos oreilles pour regarder et \u00e9couter (jamais pour \u00eatre intoxiqu\u00e9s par des \u00e9missions de t\u00e9l\u00e9 avilissantes ou \u00eatre intoxiqu\u00e9s par des publicit\u00e9s), nos jambes pour \u00eatre libres (et non pour nous pr\u00e9cipiter dans des centres commerciaux en p\u00e9riode de soldes), notre intellect pour cultiver la sagesse (et non pour trouver le moyen d&#8217;accumuler de la richesse mat\u00e9rielle au-del\u00e0 du raisonnable). Rarement, on entendra dire que celui ou celle qui ne <em>peut<\/em> pas tout faire comme tout le monde dispose, en r\u00e9alit\u00e9, d&#8217;une chance de se d\u00e9marquer du troupeau et qu&#8217;il serait stupide de le consid\u00e9rer comme une victime.<\/p>\n<p style=\"text-align: justify;\">Certes, les normes de plus en plus contraignantes pour l&#8217;accueil des &#8220;personnes handicap\u00e9es&#8221;, voire des &#8220;personnes en situation de handicap&#8221;, pour employer cette affreuse novlangue qui ne manipule la r\u00e9alit\u00e9 qu&#8217;avec les pincettes de l&#8217;hypocrisie, ont le m\u00e9rite de rendre possible l&#8217;autonomie de ces m\u00eames personnes&#8230; mais aussi trahissent l&#8217;\u00e9tat d&#8217;une soci\u00e9t\u00e9 o\u00f9 l&#8217;entraide n&#8217;est plus naturelle, o\u00f9 chacun doit se d\u00e9brouiller tout seul pour tout faire et o\u00f9 il est inconvenant d&#8217;appeler \u00e0 l&#8217;aide. Chacun son plan inclin\u00e9, chacun ses proth\u00e8ses \u00e9lectriques, chacun son synth\u00e9tiseur vocal&#8230; et si l&#8217;humain valide pouvait tout aussi bien se charger de r\u00e9parer les injustices de la vie, avec la chaleur en plus ?<\/p>\n<p style=\"text-align: justify;\">Mais puisqu&#8217;il faut aujourd&#8217;hui faire une bonne action pour le handicap, envisageons plut\u00f4t de montrer en quoi il peut procurer une <em>sup\u00e9riorit\u00e9<\/em> \u00e0 ceux qui en sont porteurs. Qui peut-\u00eatre en souffriront, mais aussi se montreront nettement plus performants que des valides ordinaires dans des domaines bien particuliers. Chacun conna\u00eet les cas d&#8217;<a href=\"https:\/\/terrain.revues.org\/1703\" target=\"_blank\" rel=\"noopener noreferrer\">autistes<\/a> &#8220;surdou\u00e9s&#8221; pour des t\u00e2ches mentales particuli\u00e8res, touchant souvent aux nombres et aux langues ; ainsi, <a href=\"https:\/\/fr.wikipedia.org\/wiki\/Daniel_Tammet\" target=\"_blank\" rel=\"noopener noreferrer\">Daniel Tammett<\/a> put r\u00e9citer les 22 514 premi\u00e8res d\u00e9cimales de <img decoding=\"async\" loading=\"lazy\" src=\"https:\/\/aitia.fr\/erd\/wp-content\/ql-cache\/quicklatex.com-9c249f12589d70e1e6fceeaa494a78e9_l3.png\" class=\"ql-img-inline-formula quicklatex-auto-format\" alt=\"&#92;&#112;&#105;\" title=\"Rendered by QuickLaTeX.com\" height=\"7\" width=\"9\" style=\"vertical-align: 0px;\"\/> le 14 mars 2004, et ma\u00eetrise douze langues, \u00e0 36 ans&#8230; Au-del\u00e0 de ce genre de prouesse spectaculaire et parfois st\u00e9rile, il est int\u00e9ressant de savoir \u00e0 quel point des personnages marquants de l&#8217;histoire des id\u00e9es ont souvent pr\u00e9sent\u00e9, sur de nombreux plans, des &#8220;handicaps&#8221; les mettant en r\u00e9el d\u00e9calage avec leurs contemporains &#8211; mais un d\u00e9calage qui fut aussi leur richesse et leur force.<\/p>\n<p style=\"text-align: justify;\">Donnons-en ici trois exemples, g\u00e9n\u00e9ralement peu connus, du c\u00f4t\u00e9 des handicaps mentaux.<\/p>\n<h2>Paul Adrien Maurice Dirac<\/h2>\n<div id=\"attachment_5256\" style=\"width: 213px\" class=\"wp-caption alignleft\"><a href=\"https:\/\/fr.wikipedia.org\/wiki\/Paul_Dirac\" target=\"_blank\" rel=\"noopener noreferrer\"><img aria-describedby=\"caption-attachment-5256\" decoding=\"async\" loading=\"lazy\" class=\"wp-image-5256 size-medium\" src=\"https:\/\/aitia.fr\/erd\/wp-content\/uploads\/2015\/12\/325px-Dirac_4-203x300.jpg\" alt=\"325px-Dirac_4\" width=\"203\" height=\"300\" srcset=\"https:\/\/aitia.fr\/erd\/wp-content\/uploads\/2015\/12\/325px-Dirac_4-203x300.jpg 203w, https:\/\/aitia.fr\/erd\/wp-content\/uploads\/2015\/12\/325px-Dirac_4.jpg 325w\" sizes=\"(max-width: 203px) 100vw, 203px\" \/><\/a><p id=\"caption-attachment-5256\" class=\"wp-caption-text\">Paul Adrien Maurice Dirac<br \/>(1902-1984)<\/p><\/div>\n<p style=\"text-align: justify;\">Ce physicien et math\u00e9maticien britannique est aujourd&#8217;hui connu de tous les \u00e9tudiants en sciences par <a href=\"https:\/\/fr.wikipedia.org\/wiki\/Distribution_de_Dirac\" target=\"_blank\" rel=\"noopener noreferrer\">la distribution<\/a> qui porte son nom, sorte de fonction cumulant les tares puisque nulle partout sauf en z\u00e9ro o\u00f9 elle est infinie, et d&#8217;int\u00e9grale \u00e9gale \u00e0 l&#8217;unit\u00e9. C&#8217;est aussi un des p\u00e8res de la physique quantique, cette branche de la physique que l&#8217;on commence \u00e0 comprendre lorsque l&#8217;on comprend qu&#8217;il n&#8217;y a rien \u00e0 comprendre mais juste un effort \u00e0 faire pour s&#8217;habituer. Il re\u00e7ut en 1933 le <a href=\"https:\/\/www.nobelprize.org\/nobel_prizes\/physics\/laureates\/1933\/dirac-facts.html\" target=\"_blank\" rel=\"noopener noreferrer\">Prix Nobel de physique<\/a>, qu&#8217;il partagea avec <a href=\"https:\/\/www.nobelprize.org\/nobel_prizes\/physics\/laureates\/1933\/schrodinger-facts.html\" target=\"_blank\" rel=\"noopener noreferrer\">Erwin Schr\u00f6dinger<\/a> (celui du <a href=\"https:\/\/fr.wikipedia.org\/wiki\/Chat_de_Schr%C3%B6dinger\" target=\"_blank\" rel=\"noopener noreferrer\">chat<\/a>).<\/p>\n<p style=\"text-align: justify;\">Dirac souffrait clairement d&#8217;un gros handicap relationnel directement li\u00e9 \u00e0 son extr\u00eame rigueur de raisonnement. Il \u00e9tait si peu loquace, n&#8217;ouvrant la bouche que pour dire quelque chose de r\u00e9ellement important et de pr\u00e9cis, que ses coll\u00e8gues de Cambridge avaient par d\u00e9rision invent\u00e9 une unit\u00e9 de d\u00e9bit de parole, le Dirac, qui valait un mot par heure. Son mutisme n&#8217;avait rien d&#8217;une attitude hostile ou d&#8217;une profonde timidit\u00e9, mais tout d&#8217;une application extr\u00eame des r\u00e8gles de la logique conduisant \u00e0 une incapacit\u00e9 pathologique aux rapports humains ordinaires. Lors d&#8217;un congr\u00e8s, apr\u00e8s la pr\u00e9sentation de son travail un coll\u00e8gue leva la main et lui dit : <em>&#8220;Je ne comprends pas bien le sens de cette \u00e9quation en haut \u00e0 droite du tableau.&#8221;<\/em> Apr\u00e8s un long silence de Dirac, le <em>chairman<\/em> demanda \u00e0 celui-ci s&#8217;il voulait bien r\u00e9pondre, \u00e0 quoi il r\u00e9pliqua : <em>&#8220;Ce n&#8217;\u00e9tait pas une question, mais une affirmation.&#8221;<\/em><\/p>\n<p style=\"text-align: justify;\">Cet extra-terrestre, probablement atteint du <a href=\"https:\/\/web.archive.org\/web\/20190330142548\/http:\/\/www.autisme-france.fr\/577_p_25361\/le-syndrome-d-asperger.html\" target=\"_blank\" rel=\"noopener noreferrer\">syndrome d&#8217;Asperger<\/a>, ne se contenta pas d&#8217;\u00eatre un des p\u00e8res (alors tr\u00e8s jeune) de la physique quantique ; il pr\u00e9dit aussi de fa\u00e7on rigoureuse l&#8217;existence de l&#8217;antimati\u00e8re. Une bizarrerie th\u00e9orique, voire une h\u00e9r\u00e9sie pour beaucoup de ses contemporains ; la simple cons\u00e9quence logique de <a href=\"https:\/\/fr.wikipedia.org\/wiki\/%C3%89quation_de_Dirac\" target=\"_blank\" rel=\"noopener noreferrer\">son \u00e9quation<\/a>, pour Dirac. Une d\u00e9couverte qui trouve aujourd&#8217;hui des applications tr\u00e8s concr\u00e8tes, par exemple en m\u00e9decine dans la <a href=\"https:\/\/fr.wikipedia.org\/wiki\/Tomographie_par_%C3%A9mission_de_positons\" target=\"_blank\" rel=\"noopener noreferrer\">tomographie par \u00e9mission de positons<\/a>.<\/p>\n<h2>Alain Bonnet dit Soral<\/h2>\n<p style=\"text-align: justify;\"><a href=\"https:\/\/aitia.fr\/erd\/wp-content\/uploads\/2015\/12\/soral_400x400.jpg\" target=\"_blank\" rel=\"noopener noreferrer\"><img decoding=\"async\" loading=\"lazy\" class=\"alignleft wp-image-5263 size-medium\" src=\"https:\/\/aitia.fr\/erd\/wp-content\/uploads\/2015\/12\/soral_400x400-300x300.jpg\" alt=\"soral_400x400\" width=\"300\" height=\"300\" srcset=\"https:\/\/aitia.fr\/erd\/wp-content\/uploads\/2015\/12\/soral_400x400-300x300.jpg 300w, https:\/\/aitia.fr\/erd\/wp-content\/uploads\/2015\/12\/soral_400x400-150x150.jpg 150w, https:\/\/aitia.fr\/erd\/wp-content\/uploads\/2015\/12\/soral_400x400.jpg 400w\" sizes=\"(max-width: 300px) 100vw, 300px\" \/><\/a>Si le concept d&#8217;antiparticule pouvait \u00eatre g\u00e9n\u00e9ralis\u00e9 aux \u00eatres humains, Alain Soral aurait des chances d&#8217;\u00eatre l&#8217;antiparticule de Paul Dirac. Aussi volubile que Dirac \u00e9tait muet, d&#8217;une \u00e9motivit\u00e9 \u00e0 fleur de peau quand Dirac paraissait insensible aux autres, souvent m\u00e9galomane au contraire de Dirac qui brillait par sa modestie, maladivement <a href=\"https:\/\/www.youtube.com\/watch?v=yRmDGtWSOcU\" target=\"_blank\" rel=\"noopener noreferrer\">s\u00e9ducteur et dragueur<\/a> alors que Dirac souffrait le martyre d&#8217;engager la conversation avec une femme (il se maria pourtant, mais avec la s\u0153ur du physicien Eugene Wigner, ce qui simplifia grandement les choses), Alain Soral a mis sa boulimie d&#8217;exp\u00e9riences humaines et son extr\u00eame lucidit\u00e9 des strat\u00e9gies de domination entre humains au service d&#8217;une sociologie qu&#8217;on pourrait qualifier de &#8220;punk&#8221;.<\/p>\n<p style=\"text-align: justify;\">N&#8217;\u00e9tant pas, et de loin, suffisamment lisse pour \u00eatre compatible avec les cadres universitaires, il laissera pourtant la trace d&#8217;un v\u00e9ritable chercheur et d\u00e9mystificateur des rapports de pouvoir, en retournant comme des cr\u00eapes des concepts politiques qu&#8217;il analyse comme des mystifications : le f\u00e9minisme vu comme un moyen de domination des femmes pauvres par des hommes riches, l&#8217;antiracisme vu comme un moyen de d\u00e9truire les soci\u00e9t\u00e9s de l&#8217;int\u00e9rieur en attisant les tensions interethniques, la gauche vue comme l&#8217;alli\u00e9e ultime de l&#8217;ultra-lib\u00e9ralisme capitaliste&#8230; M\u00eame s&#8217;il n&#8217;est parfois que le relais d&#8217;id\u00e9es qu&#8217;il n&#8217;a pas conceptualis\u00e9es, il les rend grandement visibles et accessibles au plus grand nombre ; ce qui lui vaut naturellement d&#8217;\u00eatre ha\u00ef et calomni\u00e9 avec une rare violence par les d\u00e9tenteurs de ce pouvoir dont il d\u00e9monte les rouages.<\/p>\n<p style=\"text-align: justify;\">Si le handicap de Dirac \u00e9tait de ne pas pouvoir comprendre les rapports humains, celui d&#8217;Alain Soral est sans doute de les comprendre trop bien, d&#8217;en souffrir par une conscience aigu\u00eb des m\u00e9canismes tragiques conduisant aux conflits arm\u00e9s (ses <a href=\"https:\/\/www.kontrekulture.com\/produit\/chroniques-davant-guerre\" target=\"_blank\" rel=\"noopener noreferrer\">chroniques d&#8217;avant-guerre<\/a>, \u00e9crites entre 2008 et 2011, paraissent aujourd&#8217;hui pr\u00e9monitoires) et d&#8217;exposer publiquement cette compr\u00e9hension sans la moindre pr\u00e9caution oratoire. D&#8217;une violence sans bornes avec ses adversaires de d\u00e9bat, &#8220;brutalement honn\u00eate&#8221; comme le qualifie son ami Gilad Atzmon, c&#8217;est un \u00e9corch\u00e9 vif qui illustre \u00e0 merveille la phrase d&#8217;Edgar Morin : <em>&#8220;la seule pens\u00e9e qui vive est celle qui se maintient \u00e0 la temp\u00e9rature de sa propre destruction&#8221;<\/em>. Et puisque ce 3 d\u00e9cembre est la journ\u00e9e du handicap, on peut avec int\u00e9r\u00eat \u00e9couter son analyse des jeux paralympiques, m\u00e9lange de brutalit\u00e9 oratoire, d&#8217;intelligence et de profond humanisme :<\/p>\n<p style=\"text-align: center;\"><iframe loading=\"lazy\" width=\"640\" height=\"360\" src=\"\/\/www.dailymotion.com\/embed\/video\/x183thn\" frameborder=\"0\" allowfullscreen=\"allowfullscreen\"><\/iframe><br \/>\n<a href=\"https:\/\/www.dailymotion.com\/video\/x183thn_extrait-alain-soral-sur-les-jeux-paralympiques-et-l-inversion-des-valeurs-entretiens-d-octobre-et-n_news\" target=\"_blank\" rel=\"noopener noreferrer\">[Extrait] Alain Soral sur les jeux&#8230;<\/a> <i>par <a href=\"https:\/\/www.dailymotion.com\/ERTV\" target=\"_blank\" rel=\"noopener noreferrer\">ERTV<\/a><\/i><\/p>\n<h2>Alexander Collin<\/h2>\n<p style=\"text-align: justify;\"><a href=\"https:\/\/aitia.fr\/erd\/wp-content\/uploads\/2015\/12\/Ace-Baker.jpg\" target=\"_blank\" rel=\"noopener noreferrer\"><img decoding=\"async\" loading=\"lazy\" class=\"alignleft wp-image-5266 size-medium\" src=\"https:\/\/aitia.fr\/erd\/wp-content\/uploads\/2015\/12\/Ace-Baker-300x271.jpg\" alt=\"Ace Baker\" width=\"300\" height=\"271\" srcset=\"https:\/\/aitia.fr\/erd\/wp-content\/uploads\/2015\/12\/Ace-Baker-300x271.jpg 300w, https:\/\/aitia.fr\/erd\/wp-content\/uploads\/2015\/12\/Ace-Baker.jpg 491w\" sizes=\"(max-width: 300px) 100vw, 300px\" \/><\/a>Moins connu que les deux pr\u00e9c\u00e9dents, Alexander Collin le sera, certainement, tout autant voire davantage dans un futur proche. Ce musicien californien &#8211; de nom d&#8217;artiste <a href=\"https:\/\/acebaker.blogspot.com\/\" target=\"_blank\" rel=\"noopener noreferrer\">Ace Baker<\/a> &#8211; anarchiste et pacifiste, n&#8217;a pourtant rien <em>a priori<\/em> d&#8217;une b\u00eate de science ou d&#8217;un provocateur-agitateur d&#8217;id\u00e9es. C&#8217;est m\u00eame tout le contraire. Honn\u00eate musicien plut\u00f4t tourn\u00e9 vers l&#8217;univers pop\/rock et la musique de film ou de t\u00e9l\u00e9vision, ma\u00eetrisant fort bien les techniques vid\u00e9o, il n&#8217;a jamais ambitionn\u00e9 non plus de r\u00e9volutionner la cr\u00e9ation artistique dans son domaine, mais seulement d&#8217;en vivre ; sans doute tr\u00e8s correctement si l&#8217;on en croit <a href=\"https:\/\/www.acebaker.com\/#!tv-credits\/c1a7v\" target=\"_blank\" rel=\"noopener noreferrer\">ses r\u00e9f\u00e9rences<\/a>. Jusqu&#8217;au jour o\u00f9 une op\u00e9ration chirurgicale ayant mal tourn\u00e9 &#8211; il s&#8217;agit donc dans son cas d&#8217;un handicap acquis &#8211; a boulevers\u00e9 sa vie.<\/p>\n<p style=\"text-align: justify;\">L&#8217;histoire commence comme une mauvaise s\u00e9rie t\u00e9l\u00e9vis\u00e9e : souffrant dans certaines situations de stress d&#8217;une transpiration excessive au niveau du visage, Alexander se mit en qu\u00eate des moyens de r\u00e9duire ce d\u00e9sagr\u00e9ment, et tomba sur diverses publicit\u00e9s de chirurgiens promettant de traiter la &#8220;maladie&#8221; par une simple intervention de chirurgie ambulatoire, efficace et sans risque. Il d\u00e9cida donc de confier son corps \u00e0 l&#8217;un d&#8217;entre eux, le Dr. Rick Fischel, pour une op\u00e9ration de &#8220;<a href=\"https:\/\/fr.wikipedia.org\/wiki\/Sympathectomie\" target=\"_blank\" rel=\"noopener noreferrer\">sympathectomie<\/a>&#8221; consistant \u00e0 l&#8217;ablation de plusieurs ganglions sympathiques. Loin d&#8217;\u00eatre une r\u00e9ussite, l&#8217;op\u00e9ration fut une catastrophe et le d\u00e9but d&#8217;un v\u00e9ritable calvaire pour Alexander.<\/p>\n<p style=\"text-align: justify;\">Cons\u00e9quence de l&#8217;arr\u00eat de la transpiration, le tiers sup\u00e9rieur de son corps devint ainsi beaucoup plus chaud que le reste (c&#8217;est l&#8217;effet visible sur la thermographie en t\u00eate de cet article), et sa peau extr\u00eamement s\u00e8che et douloureuse, en particulier sur les mains. Alexander souffrait dor\u00e9navant du &#8220;syndrome du corps dissoci\u00e9&#8221;, dont les d\u00e9sagr\u00e9ments n&#8217;\u00e9taient pas seulement d&#8217;ordre physique, loin s&#8217;en faut. D\u00e8s le r\u00e9veil apr\u00e8s l&#8217;op\u00e9ration, Alexander se sentit &#8220;d\u00e9tach\u00e9 de lui-m\u00eame&#8221;, comme si ses \u00e9motions ne lui appartenaient plus ; il se rendit compte rapidement que l&#8217;ensemble de ses comportements avaient chang\u00e9, parfois de mani\u00e8re dangereuse, comme lorsqu&#8217;il se mettait \u00e0 conduire sans la moindre appr\u00e9hension du danger alors qu&#8217;il \u00e9tait auparavant un conducteur prudent. Cette catastrophe personnelle conduisit Alexander \u00e0 r\u00e9diger une <a href=\"https:\/\/corposcindosis.blogspot.fr\/\" target=\"_blank\" rel=\"noopener noreferrer\">documentation extr\u00eamement fouill\u00e9e<\/a> sur ce syndrome du corps dissoci\u00e9, afin d&#8217;apprendre dans une certaine mesure \u00e0 le compenser mais aussi d&#8217;alerter d&#8217;\u00e9ventuels candidats \u00e0 la sympathectomie sur les risques \u00e9normes qu&#8217;ils encourent.<\/p>\n<p style=\"text-align: justify;\">Apr\u00e8s ce travail d&#8217;envergure, Alexander se mit \u00e0 \u00e9tudier, vers 2006, les \u00e9v\u00e9nements du 11 septembre 2001, toujours avec cette sensation de d\u00e9tachement complet d&#8217;avec lui-m\u00eame, et cette incapacit\u00e9 \u00e0 ressentir la peur. Ses comp\u00e9tences en vid\u00e9o l&#8217;amen\u00e8rent \u00e0 s&#8217;int\u00e9resser aux images t\u00e9l\u00e9vis\u00e9es des avions percutant les tours (en fait, uniquement la tour sud, celui de la tour nord n&#8217;ayant \u00e9t\u00e9 enregistr\u00e9, avec une tr\u00e8s faible d\u00e9finition, que par les <a href=\"https:\/\/fr.wikipedia.org\/wiki\/Jules_Naudet\" target=\"_blank\" rel=\"noopener noreferrer\">fr\u00e8res Naudet<\/a>). Et parce que son raisonnement n&#8217;\u00e9tait pollu\u00e9 par aucune appr\u00e9hension, il finit par d\u00e9couvrir des \u00e9vidences que personne ou presque avant lui n&#8217;avait remarqu\u00e9es &#8211; ou avait aussit\u00f4t rejet\u00e9es pour ne pas \u00eatre confront\u00e9 au vertige de leurs cons\u00e9quences :<\/p>\n<ul>\n<li style=\"text-align: justify;\">les avions s&#8217;encastrent dans les tours comme un couteau dans une brioche &#8211; or un avion est une structure l\u00e9g\u00e8re et tr\u00e8s d\u00e9formable (\u00e0 l&#8217;exception de certaines parties <a href=\"https:\/\/aitia.fr\/erd\/jerome-quirant-et-le-gros-navion\/\" target=\"_blank\" rel=\"noopener noreferrer\">comme les trains ou les moteurs<\/a>), alors que les gratte-ciel sont faits de <a href=\"https:\/\/www.nist.gov\/customcf\/get_pdf.cfm?pub_id=101013\" target=\"_blank\" rel=\"noopener noreferrer\">colonnes d&#8217;acier<\/a>, int\u00e9rieures et ext\u00e9rieures, r\u00e9alis\u00e9es avec des t\u00f4les de plus de 2 cm d&#8217;\u00e9paisseur au niveau de l&#8217;impact ;<\/li>\n<\/ul>\n<ul>\n<li style=\"text-align: justify;\">les explosions dans les tours produisent des volutes de fum\u00e9e tout \u00e0 fait ordinaires pour des explosions, or le passage d&#8217;un avion entra\u00eene automatiquement dans l&#8217;air une <a href=\"https:\/\/fr.wikipedia.org\/wiki\/Turbulence_de_sillage\" target=\"_blank\" rel=\"noopener noreferrer\">turbulence de sillage<\/a> dont les vortex devraient \u00eatre rendus visibles par la fum\u00e9e ;<\/li>\n<\/ul>\n<ul>\n<li style=\"text-align: justify;\">toute image vid\u00e9o comprend de l\u00e9gers soubresauts li\u00e9s aux vibrations de la cam\u00e9ra ; en cons\u00e9quence, le mouvement r\u00e9gulier d&#8217;un objet film\u00e9 (comme un avion) fait appara\u00eetre des soubresauts inverses par rapport au cadre de l&#8217;image. Or pour les vid\u00e9os transmises par les cha\u00eenes de t\u00e9l\u00e9vision, l&#8217;avion-suicide de la tour sud se caract\u00e9rise par un mouvement parfaitement r\u00e9gulier par rapport au cadre, et non par rapport au monde ext\u00e9rieur o\u00f9 il \u00e9volue ;<\/li>\n<\/ul>\n<ul>\n<li style=\"text-align: justify;\">aucune vid\u00e9o des attaques dans les tours jumelles n&#8217;a \u00e9t\u00e9 diffus\u00e9e en direct ; m\u00eame les reportages estampill\u00e9s &#8220;direct&#8221; ont en effet un d\u00e9calage &#8220;de s\u00e9curit\u00e9&#8221; d&#8217;une dizaine ou vingtaine de secondes ;<\/li>\n<\/ul>\n<ul>\n<li style=\"text-align: justify;\">l&#8217;ordre d&#8217;apparition des vid\u00e9os des attaques diffus\u00e9es par les cha\u00eenes de t\u00e9l\u00e9vision est conforme aux possibilit\u00e9s techniques d&#8217;une incrustation vid\u00e9o dans une s\u00e9quence authentique : simple silhouette d&#8217;avion en contre-jour pour les images en faux direct, puis bien plus tard diffusion d&#8217;images &#8220;amateur&#8221; beaucoup plus d\u00e9taill\u00e9es ;<\/li>\n<\/ul>\n<ul>\n<li style=\"text-align: justify;\">tout vid\u00e9aste sait que l&#8217;on synchronise des prises par un signal sonore ou visuel ; or les vid\u00e9os des deux attaques-suicides font appara\u00eetre un flash lumineux myst\u00e9rieux dans les tours \u00e0 l&#8217;instant et \u00e0 l&#8217;endroit pr\u00e9cis o\u00f9 le nez des avions vient percuter les tours.<\/li>\n<\/ul>\n<p style=\"text-align: justify;\">La conclusion s&#8217;impose d&#8217;elle-m\u00eame \u00e0 Alexander Collin, par la logique la plus \u00e9l\u00e9mentaire : les vid\u00e9os des avions-suicides transmises par les grands media am\u00e9ricains d\u00e9peignent une r\u00e9alit\u00e9 impossible, une physique de dessin anim\u00e9. <strong>Ce sont donc des dessins anim\u00e9s<\/strong>, pour au moins les avions qui y figurent. Il n&#8217;y a pas eu d&#8217;avions, et <strong>la preuve de leur absence r\u00e9side pr\u00e9cis\u00e9ment dans les images de ces avions, impossibles \u00e0 concilier avec les lois de la physique<\/strong>. Bel exemple d&#8217;<a href=\"https:\/\/aitia.fr\/erd\/linversion-de-paradigme\/\" target=\"_blank\" rel=\"noopener noreferrer\">inversion de paradigme<\/a>.<\/p>\n<p style=\"text-align: justify;\">Cette vision r\u00e9volutionnaire &#8211; mais parfaitement rationnelle et argument\u00e9e &#8211; des \u00e9v\u00e9nements du 11 septembre 2001 est \u00e9videmment, aujourd&#8217;hui encore, combattue avec la plus extr\u00eame vigueur, y compris par ceux qui <a href=\"https:\/\/aitia.fr\/erd\/les-associations-pour-la-verite-sur-le-11-septembre-la-cherchent-elles-vraiment\/\" target=\"_blank\" rel=\"noopener noreferrer\">pr\u00e9tendent rechercher la v\u00e9rit\u00e9<\/a> sur ces attentats. Car elle change radicalement la donne :<\/p>\n<ul>\n<li style=\"text-align: justify;\">il n&#8217;y a pas eu le moindre pirate de l&#8217;air islamiste se pr\u00e9cipitant sur Manhattan, pour la bonne raison qu&#8217;il n&#8217;y a pas eu d&#8217;avion ;<\/li>\n<\/ul>\n<ul>\n<li style=\"text-align: justify;\">s&#8217;il n&#8217;y a pas eu d&#8217;avions, il y a eu n\u00e9cessairement une pr\u00e9paration des tours avec des explosifs afin de reproduire la silhouette &#8220;fa\u00e7on dessin anim\u00e9&#8221; de ces avions dans les tours, et Alexander Collin montre justement par quel moyen cela put \u00eatre fait, notamment via de myst\u00e9rieux &#8220;artistes&#8221; ayant occup\u00e9 des \u00e9tages entiers peu avant les attentats ;<\/li>\n<\/ul>\n<ul>\n<li style=\"text-align: justify;\">les coupables de ces attentats, ou au moins une partie d&#8217;entre eux, sont connus et peuvent \u00eatre arr\u00eat\u00e9s puisque les personnes ayant particip\u00e9 \u00e0 la diffusion de ces images l&#8217;on fait ouvertement et ont m\u00eame parfois particip\u00e9 \u00e0 des reportages sur le 11 septembre 2001 ;<\/li>\n<\/ul>\n<ul>\n<li style=\"text-align: justify;\">la compr\u00e9hension de cette gigantesque imposture signe l&#8217;arr\u00eat de mort des grands media am\u00e9ricains (et bien au-del\u00e0) et la prise de conscience par l&#8217;humanit\u00e9 toute enti\u00e8re de leur nocivit\u00e9 et de leur immoralit\u00e9.<\/li>\n<\/ul>\n<p style=\"text-align: justify;\">Alexander Collin a rassembl\u00e9 le fruit de son travail dans une s\u00e9rie de vid\u00e9os intitul\u00e9e <em>&#8220;<a href=\"https:\/\/www.youtube.com\/playlist?list=PLEA05F393EC843D80\" target=\"_blank\" rel=\"noopener noreferrer\">The Great American Psy-Opera<\/a>&#8221; <\/em>, <em>La grande op\u00e9ration psychologique am\u00e9ricaine<\/em> (avec probablement un jeu de mots sur l&#8217;op\u00e9ra&#8230;). La forme de cette \u0153uvre, qui se permet la fantaisie d\u00e9brid\u00e9e d&#8217;une com\u00e9die musicale, est en elle-m\u00eame un message : prenant le contrepied complet des experts encravat\u00e9s venant nous expliquer doctement pourquoi nous devons croire \u00e0 l&#8217;impossible, l&#8217;artiste Ace Baker (qui fait jouer son propre r\u00f4le par un acteur) nous met en face de notre cr\u00e9dulit\u00e9 et de notre addiction \u00e0 des cha\u00eenes &#8220;d&#8217;information&#8221; qui ne sont que des armes de distraction massive. En se situant pr\u00e9cis\u00e9ment \u00e0 l&#8217;int\u00e9rieur m\u00eame de l&#8217;<em>entertainment<\/em>, non seulement Ace Baker exerce son m\u00e9tier ordinaire mais il nous montre dans un renversement complet que le s\u00e9rieux est de son c\u00f4t\u00e9, et l&#8217;irrationnel du c\u00f4t\u00e9 des &#8220;gens s\u00e9rieux&#8221;.<\/p>\n<p style=\"text-align: justify;\">Certaines de ces vid\u00e9os ont \u00e9t\u00e9 sous-titr\u00e9es en fran\u00e7ais par Laurent Guy\u00e9not, que je remercie grandement pour ce travail : il s&#8217;agit des parties 6 (<a href=\"https:\/\/www.dailymotion.com\/video\/x2546ic_9-11-the-great-american-psy-opera-6-8-quels-avions_webcam\" target=\"_blank\" rel=\"noopener noreferrer\">quels avions ?<\/a>), 7 (<a href=\"https:\/\/www.dailymotion.com\/video\/x25ff9k_9-11-the-great-american-psy-opera-7-8-la-cle_webcam\" target=\"_blank\" rel=\"noopener noreferrer\">la cl\u00e9<\/a>) et 8 (<a href=\"https:\/\/www.dailymotion.com\/video\/x254kr6_9-11-the-great-american-psy-opera-8-8-l-opera-psy_webcam\" target=\"_blank\" rel=\"noopener noreferrer\">l&#8217;op\u00e9ra psy<\/a>). Malheureusement, les autres sont pour l&#8217;instant inaccessibles aux non-anglophones, \u00e0 ma connaissance ; elles sont pourtant fort int\u00e9ressantes, en particulier la premi\u00e8re, qui pose bien le probl\u00e8me du &#8220;mur de verre&#8221; des media d&#8217;information. La voici :<\/p>\n<p style=\"text-align: center;\">\n<div style=\"position:relative;padding-bottom:56.25%;height:0;overflow:hidden;\"> <iframe loading=\"lazy\" style=\"width:100%;height:100%;position:absolute;left:0px;top:0px;overflow:hidden\" frameborder=\"0\" type=\"text\/html\" src=\"https:\/\/www.dailymotion.com\/embed\/video\/x81nvfu\" width=\"100%\" height=\"100%\" allowfullscreen title=\"Dailymotion Video Player\" > <\/iframe> <\/div>\n<\/p>\n<p style=\"text-align: justify;\">Un musicien de l&#8217;industrie de l&#8217;<em>entertainment<\/em> qui donne des le\u00e7ons de rigueur &#8211; intellectuelle et morale &#8211; aux universitaires de tout poil, dont la plupart ont juste oubli\u00e9 de penser mais dont certains se sont <a href=\"https:\/\/www.purdue.edu\/uns\/x\/2007a\/070612HoffmannWTC.html\" target=\"_blank\" rel=\"noopener noreferrer\">ouvertement compromis<\/a> dans la diffusion de la tromperie, voil\u00e0 qui est \u00e0 la fois jouissif et r\u00e9volutionnaire.<\/p>\n<p style=\"text-align: justify;\">Chapeau, l&#8217;artiste. Ton handicap, qui te fait chaque jour souffrir dans ta chair, aura rendu un grand service \u00e0 l&#8217;humanit\u00e9. Tu ne pouvais pas lui trouver un meilleur usage.<\/p>\n","protected":false},"excerpt":{"rendered":"<p>Dans notre monde de c\u00e9l\u00e9brations obligatoires et de superficialit\u00e9 collective tenant lieu de m\u00e9moire et de solidarit\u00e9, nous marquons aujourd&#8217;hui la journ\u00e9e internationale des personnes handicap\u00e9es. Il y a des journ\u00e9es mondiales pour tout : les c\u00e2lins (21 janvier), les zones humides (2 f\u00e9vrier, rien \u00e0 voir avec la pr\u00e9c\u00e9dente), les femmes (8 mars, idem), [&hellip;]<\/p>\n","protected":false},"author":1,"featured_media":0,"comment_status":"open","ping_status":"open","sticky":false,"template":"","format":"standard","meta":[],"categories":[3,29],"tags":[78,247,83,118,204],"_links":{"self":[{"href":"https:\/\/aitia.fr\/erd\/wp-json\/wp\/v2\/posts\/3819"}],"collection":[{"href":"https:\/\/aitia.fr\/erd\/wp-json\/wp\/v2\/posts"}],"about":[{"href":"https:\/\/aitia.fr\/erd\/wp-json\/wp\/v2\/types\/post"}],"author":[{"embeddable":true,"href":"https:\/\/aitia.fr\/erd\/wp-json\/wp\/v2\/users\/1"}],"replies":[{"embeddable":true,"href":"https:\/\/aitia.fr\/erd\/wp-json\/wp\/v2\/comments?post=3819"}],"version-history":[{"count":38,"href":"https:\/\/aitia.fr\/erd\/wp-json\/wp\/v2\/posts\/3819\/revisions"}],"predecessor-version":[{"id":20878,"href":"https:\/\/aitia.fr\/erd\/wp-json\/wp\/v2\/posts\/3819\/revisions\/20878"}],"wp:attachment":[{"href":"https:\/\/aitia.fr\/erd\/wp-json\/wp\/v2\/media?parent=3819"}],"wp:term":[{"taxonomy":"category","embeddable":true,"href":"https:\/\/aitia.fr\/erd\/wp-json\/wp\/v2\/categories?post=3819"},{"taxonomy":"post_tag","embeddable":true,"href":"https:\/\/aitia.fr\/erd\/wp-json\/wp\/v2\/tags?post=3819"}],"curies":[{"name":"wp","href":"https:\/\/api.w.org\/{rel}","templated":true}]}}