{"id":3787,"date":"2015-08-30T13:08:01","date_gmt":"2015-08-30T11:08:01","guid":{"rendered":"https:\/\/aitia.fr\/erd\/?p=3787"},"modified":"2018-03-19T20:56:05","modified_gmt":"2018-03-19T19:56:05","slug":"sapir-met-en-emoi-le-poulailler-dacajou-boulevard-voltaire","status":"publish","type":"post","link":"https:\/\/aitia.fr\/erd\/sapir-met-en-emoi-le-poulailler-dacajou-boulevard-voltaire\/","title":{"rendered":"Sapir met en \u00e9moi le poulailler d\u2019acajou (Boulevard Voltaire)"},"content":{"rendered":"<div id=\"attachment_3789\" style=\"width: 310px\" class=\"wp-caption alignleft\"><a href=\"https:\/\/www.les-crises.fr\/quel-futur-pour-la-zone-euro\/\" target=\"_blank\"><img aria-describedby=\"caption-attachment-3789\" decoding=\"async\" loading=\"lazy\" class=\"wp-image-3789 size-medium\" src=\"https:\/\/aitia.fr\/erd\/wp-content\/uploads\/2015\/08\/jacques_sapir-300x226.jpg\" alt=\"jacques_sapir\" width=\"300\" height=\"226\" srcset=\"https:\/\/aitia.fr\/erd\/wp-content\/uploads\/2015\/08\/jacques_sapir-300x226.jpg 300w, https:\/\/aitia.fr\/erd\/wp-content\/uploads\/2015\/08\/jacques_sapir.jpg 400w\" sizes=\"(max-width: 300px) 100vw, 300px\" \/><\/a><p id=\"caption-attachment-3789\" class=\"wp-caption-text\"><a href=\"https:\/\/russeurope.hypotheses.org\/\" target=\"_blank\">Jacques Sapir<\/a><\/p><\/div>\n<p style=\"text-align: justify;\">Jacques Sapir a propos\u00e9 \u00e0 moyen terme la formation d\u2019un \u00ab\u00a0Front de lib\u00e9ration nationale anti-euro\u00a0\u00bb englobant tous les partis souverainistes jusqu\u2019au Front national.<\/p>\n<p style=\"text-align: justify;\">Souvenons-nous de cette chanson d\u2019Alain Souchon qui d\u00e9crit le caqu\u00e8tement de \u00ab\u00a0la volaille qui fait l\u2019opinion\u00a0\u00bb depuis son \u00ab\u00a0poulailler d\u2019acajou\u00a0\u00bb. L\u2019artiste y met en sc\u00e8ne \u00ab\u00a0les belles basses-cours \u00e0 bijoux\u00a0\u00bb aux id\u00e9es convenues. En bon artiste qu\u2019il est, Souchon fait mine de croire que cette volaille est conservatrice. Ce n\u2019\u00e9tait d\u00e9j\u00e0 plus tellement vrai en 1977, l\u2019ann\u00e9e o\u00f9 il composa sa chanson, mais aujourd\u2019hui, cette volaille est pratiquement \u00e0 100\u00a0% membre de la gauche lib\u00e9rale soci\u00e9tale p\u00e9dante qu\u2019incarne si bien Daniel Cohn-Bendit.<\/p>\n<p style=\"text-align: justify;\">Continuer la lecture sur voxnr.com \u27f6<\/p>\n","protected":false},"excerpt":{"rendered":"<p>Jacques Sapir a propos\u00e9 \u00e0 moyen terme la formation d\u2019un \u00ab\u00a0Front de lib\u00e9ration nationale anti-euro\u00a0\u00bb englobant tous les partis souverainistes jusqu\u2019au Front national. Souvenons-nous de cette chanson d\u2019Alain Souchon qui d\u00e9crit le caqu\u00e8tement de \u00ab\u00a0la volaille qui fait l\u2019opinion\u00a0\u00bb depuis son \u00ab\u00a0poulailler d\u2019acajou\u00a0\u00bb. L\u2019artiste y met en sc\u00e8ne \u00ab\u00a0les belles basses-cours \u00e0 bijoux\u00a0\u00bb aux id\u00e9es [&hellip;]<\/p>\n","protected":false},"author":1,"featured_media":0,"comment_status":"open","ping_status":"open","sticky":false,"template":"","format":"standard","meta":[],"categories":[4,134],"tags":[112,169,48,118],"_links":{"self":[{"href":"https:\/\/aitia.fr\/erd\/wp-json\/wp\/v2\/posts\/3787"}],"collection":[{"href":"https:\/\/aitia.fr\/erd\/wp-json\/wp\/v2\/posts"}],"about":[{"href":"https:\/\/aitia.fr\/erd\/wp-json\/wp\/v2\/types\/post"}],"author":[{"embeddable":true,"href":"https:\/\/aitia.fr\/erd\/wp-json\/wp\/v2\/users\/1"}],"replies":[{"embeddable":true,"href":"https:\/\/aitia.fr\/erd\/wp-json\/wp\/v2\/comments?post=3787"}],"version-history":[{"count":8,"href":"https:\/\/aitia.fr\/erd\/wp-json\/wp\/v2\/posts\/3787\/revisions"}],"predecessor-version":[{"id":10891,"href":"https:\/\/aitia.fr\/erd\/wp-json\/wp\/v2\/posts\/3787\/revisions\/10891"}],"wp:attachment":[{"href":"https:\/\/aitia.fr\/erd\/wp-json\/wp\/v2\/media?parent=3787"}],"wp:term":[{"taxonomy":"category","embeddable":true,"href":"https:\/\/aitia.fr\/erd\/wp-json\/wp\/v2\/categories?post=3787"},{"taxonomy":"post_tag","embeddable":true,"href":"https:\/\/aitia.fr\/erd\/wp-json\/wp\/v2\/tags?post=3787"}],"curies":[{"name":"wp","href":"https:\/\/api.w.org\/{rel}","templated":true}]}}