{"id":3593,"date":"2015-09-18T07:35:33","date_gmt":"2015-09-18T05:35:33","guid":{"rendered":"https:\/\/aitia.fr\/erd\/?p=3593"},"modified":"2020-06-13T17:22:13","modified_gmt":"2020-06-13T15:22:13","slug":"les-sixmillions","status":"publish","type":"post","link":"https:\/\/aitia.fr\/erd\/les-sixmillions\/","title":{"rendered":"Les <i><b>sixmillions<\/b><\/i>"},"content":{"rendered":"<p style=\"text-align: justify;\"><a href=\"https:\/\/www.babelio.com\/livres\/Finkelstein-LIndustrie-de-lHolocauste--reflexions-sur-lexp\/117087\" target=\"_blank\" rel=\"noopener noreferrer\"><img decoding=\"async\" loading=\"lazy\" class=\"alignleft wp-image-4314 size-full\" src=\"https:\/\/aitia.fr\/erd\/wp-content\/uploads\/2015\/09\/Logo-Qui-veut-gagner-des-millions.png\" alt=\"Logo-Qui-veut-gagner-des-millions\" width=\"240\" height=\"240\" srcset=\"https:\/\/aitia.fr\/erd\/wp-content\/uploads\/2015\/09\/Logo-Qui-veut-gagner-des-millions.png 240w, https:\/\/aitia.fr\/erd\/wp-content\/uploads\/2015\/09\/Logo-Qui-veut-gagner-des-millions-150x150.png 150w\" sizes=\"(max-width: 240px) 100vw, 240px\" \/><\/a>[<em><strong>Mise \u00e0 jour du 9 octobre 2018 :<\/strong> les lecteurs peu inform\u00e9s sur la question qui penseraient (\u00e0 tort) que l&#8217;introduction qui suit s&#8217;inspire de lectures catalogu\u00e9es &#8220;n\u00e9gationnistes&#8221; pourront avec profit se reporter \u00e0 l&#8217;excellent livre de Jean Bricmont <a href=\"https:\/\/www.editionsdelherne.com\/publication\/la-republique-des-censeurs\/\" target=\"_blank\" rel=\"noopener noreferrer\">&#8220;La R\u00e9publique des censeurs&#8221;<\/a> ou, \u00e0 d\u00e9faut, \u00e0 <a href=\"https:\/\/aitia.fr\/erd\/la-republique-des-censeurs\/\" target=\"_blank\" rel=\"noopener noreferrer\">la fiche de lecture<\/a> que je lui ai consacr\u00e9e. <\/em><\/p>\n<p style=\"text-align: justify;\"><em>Les anglophones pourront \u00e9galement constater qu&#8217;aux USA, <a href=\"https:\/\/www.unz.com\/runz\/american-pravda-holocaust-denial\/\" target=\"_blank\" rel=\"noopener noreferrer\">la discussion sur ce sujet<\/a> est beaucoup plus libre qu&#8217;en France.<\/em>]<\/p>\n<hr \/>\n<p style=\"text-align: justify;\">C&#8217;est un nombre magique, quasiment mythologique, que les d\u00e9fenseurs d&#8217;une Shoah davantage sacralis\u00e9e qu&#8217;historiquement \u00e9tudi\u00e9e psalmodient devant les micros qui leur sont tendus. <em>Six millions<\/em>, le nombre de victimes juives de la barbarie nazie. Pourtant, aucun historien s\u00e9rieux n&#8217;oserait aujourd&#8217;hui l&#8217;avancer, tant il semble davantage relever de la tradition orale que de bilans humains &#8211; et macabres &#8211; pr\u00e9cis. \u00c9videmment pas une invention \u00e0 partir du n\u00e9ant, comme le cas d&#8217; <a href=\"https:\/\/www.egaliteetreconciliation.fr\/Le-grand-pere-de-Frederic-Haziza-a-t-il-connu-Edith-Frolla-31818.html\" target=\"_blank\" rel=\"noopener noreferrer\">\u00c9dith Frolla<\/a> \u00e0 Yad Vashem, mais un nombre plus \u00e9motif que quantitatif.<\/p>\n<p style=\"text-align: justify;\">Ce n&#8217;est pas tr\u00e8s \u00e9tonnant, quand on conna\u00eet la volont\u00e9 des Alli\u00e9s de faire porter \u00e0 l&#8217;Allemagne la responsabilit\u00e9 int\u00e9grale des atrocit\u00e9s de la guerre, et de la soumettre psychologiquement &#8211; donc politiquement &#8211; par un fardeau moral de culpabilit\u00e9 maximale ; et surtout quand on sait comment le tribunal de Nuremberg <a href=\"http:\/\/perspective.usherbrooke.ca\/bilan\/servlet\/BMDictionnaire?iddictionnaire=1658\" target=\"_blank\" rel=\"noopener noreferrer\">s&#8217;\u00e9tait autoris\u00e9 \u00e0 travailler<\/a> :<\/p>\n<p style=\"text-align: justify;\"><em><!--more--><\/em><\/p>\n<blockquote><p><em><strong>Article 19<\/strong><\/em><\/p>\n<p style=\"text-align: justify;\"><em>Le Tribunal ne sera pas li\u00e9 par les r\u00e8gles techniques relatives \u00e0 l\u2019administration des preuves. Il adoptera et appliquera autant que possible une proc\u00e9dure rapide et non formaliste et admettra tout moyen qu\u2019il estimera avoir une valeur probante.<\/em><\/p>\n<\/blockquote>\n<p>&nbsp;<\/p>\n<blockquote><p><em><strong>Article 20<\/strong><\/em><\/p>\n<p style=\"text-align: justify;\"><em>Le Tribunal pourra exiger d\u2019\u00eatre inform\u00e9 du caract\u00e8re de tout moyen de preuve avant qu\u2019il ne soit pr\u00e9sent\u00e9, afin de pouvoir statuer sur sa pertinence.<\/em><\/p>\n<\/blockquote>\n<p>&nbsp;<\/p>\n<blockquote><p><em><strong>Article 21<\/strong><\/em><\/p>\n<p style=\"text-align: justify;\"><em>Le Tribunal n\u2019exigera pas que soit rapport\u00e9e la preuve de faits de notori\u00e9t\u00e9 publique, mais les tiendra pour acquis. Il consid\u00e8rera \u00e9galement comme preuves authentiques les documents et rapports officiels des Gouvernements des Nations Unies, y compris ceux dress\u00e9s par les Commissions \u00e9tablies dans les divers pays alli\u00e9s pour les enqu\u00eates sur les crimes de guerre ainsi que les proc\u00e8s verbaux des audiences et les d\u00e9cisions des tribunaux militaires ou autres tribunaux de l\u2019une quelconque des Nations Unies.<\/em><\/p>\n<\/blockquote>\n<p>&nbsp;<\/p>\n<p style=\"text-align: justify;\">Soit en r\u00e9sum\u00e9 un article 19 qui pr\u00e9cise que l&#8217;on peut appeler preuve absolument ce que l&#8217;on veut, un article 20 qui stipule que toute v\u00e9ritable preuve pourra \u00eatre \u00e9cart\u00e9e si elle ne pla\u00eet pas au tribunal, et un article 21 qui officialise le caract\u00e8re de preuve des ragots et rumeurs. On est assez loin de la m\u00e9thode scientifique&#8230;<\/p>\n<p style=\"text-align: justify;\">Mais au-del\u00e0 des chiffres, toujours trop \u00e9lev\u00e9s quand il s&#8217;agit de morts innocents, la notion m\u00eame de <em>g\u00e9nocide <\/em>des juifs d&#8217;Europe, c&#8217;est-\u00e0-dire d&#8217;extermination <em>intentionnelle<\/em> et <em>pr\u00e9m\u00e9dit\u00e9e<\/em> d&#8217;une population enti\u00e8re, n&#8217;a toujours pas trouv\u00e9 sa confirmation historique factuelle : pas d&#8217;ordre \u00e9crit, pas de budget, des chambres \u00e0 gaz dont les plans portent l&#8217;inscription <em>Leichenkeller<\/em> (litt\u00e9ralement &#8220;cave \u00e0 cadavres&#8221;, c&#8217;est-\u00e0-dire morgue)&#8230; et la fameuse expression &#8220;<em>solution finale<\/em>&#8221; &#8211; bien pr\u00e9sente dans les documents et discours nazis &#8211; qui n&#8217;est que la version abr\u00e9g\u00e9e de &#8220;<em>solution finale <strong>territoriale<\/strong> de la question juive<\/em>&#8221; (<em>territoriale Endl\u00f6sung der Judenfrage<\/em>), r\u00e9sumant les intentions criminelles des nazis de forcer tous les juifs d&#8217;Europe \u00e0 en partir (par exemple en les envoyant de force <a href=\"https:\/\/fr.wikipedia.org\/wiki\/Plan_Madagascar\" target=\"_blank\" rel=\"noopener noreferrer\">\u00e0 Madagascar<\/a>).<\/p>\n<p style=\"text-align: justify;\">Ces introuvables preuves \u00e9crites d&#8217;une extermination industrielle planifi\u00e9e ont m\u00eame conduit certaines &#8220;grosses pointures&#8221; de l&#8217;histoire des pers\u00e9cutions juives sous le r\u00e9gime nazi, comme <a href=\"https:\/\/fr.wikipedia.org\/wiki\/Raul_Hilberg\" target=\"_blank\" rel=\"noopener noreferrer\">Raul Hilberg<\/a>, \u00e0 inaugurer une version la\u00efque de l&#8217;op\u00e9ration du Saint-Esprit :<\/p>\n<blockquote>\n<p style=\"text-align: justify;\"><em>&#8220;But what began in 1941 was a process of destruction not planned in advance, not organized centrally by any agency. There was no blueprint and there was no budget for destructive measures. [&#8230;] Thus came about not so much a plan being carried out, but an incredible meeting of minds, a consensus-mind reading by a far-flung bureaucracy.&#8221; &#8211; <\/em>Raul Hilberg, Newsday (Long Island, New York), 23 f\u00e9vrier 1983<em><br \/>\n<\/em><\/p>\n<p style=\"text-align: justify;\">ce qu&#8217;on peut traduire par :<\/p>\n<p style=\"text-align: justify;\"><em>&#8220;Mais ce qui commen\u00e7a en 1941, ce fut un processus de destruction qui n&#8217;\u00e9tait ni planifi\u00e9 pr\u00e9alablement, ni centralis\u00e9 par aucune agence. Il n\u2019y eut pas de projet et il n\u2019y eut pas de budget pour ces mesures de destruction. [&#8230;] Ainsi ce qui arriva ne fut pas r\u00e9ellement un plan mis \u00e0 ex\u00e9cution, mais une incroyable rencontre des esprits, un consensus de nature t\u00e9l\u00e9pathique au sein d\u2019un vaste appareil bureaucratique.&#8221;<\/em><\/p>\n<\/blockquote>\n<p>&nbsp;<\/p>\n<p style=\"text-align: justify;\">La science historique version Hilberg officialise donc la croyance dans le surnaturel, et les lois m\u00e9morielles qui interdisent d&#8217;en douter criminalisent par cons\u00e9quent l&#8217;exercice de la raison.<\/p>\n<p style=\"text-align: justify;\">Par contre, est av\u00e9r\u00e9e l&#8217;existence un projet juif d&#8217;extermination de six millions d&#8217;Allemands au lendemain de la seconde guerre mondiale, en repr\u00e9sailles aux pr\u00e9sum\u00e9es six millions de victimes juives. C&#8217;est ce que relatait, en 1998, un hebdomadaire juif de Californie sobrement intitul\u00e9 &#8220;J.&#8221;, et diffus\u00e9 via le site <a href=\"https:\/\/www.jweekly.com\/page\/about\/\" target=\"_blank\" rel=\"noopener noreferrer\">jweekly.com<\/a>. Je vous propose aujourd&#8217;hui la traduction de <a href=\"https:\/\/www.jweekly.com\/article\/full\/7899\/survivor-reveals-1945-plan-to-kill-6-million-germans\/\" target=\"_blank\" rel=\"noopener noreferrer\">l&#8217;article correspondant<\/a> de Douglas Davis.<\/p>\n<p style=\"text-align: center;\">\u2014\u2014\u2014\u2014\u2014\u2014\u2014\u2014\u2014\u2014\u2014\u00a0 D\u00e9but de la traduction\u00a0 \u2014\u2014\u2014\u2014\u2014\u2014\u2014\u2014\u2014\u2014\u2014<\/p>\n<h2 style=\"text-align: justify;\">Un survivant r\u00e9v\u00e8le un projet de 1945 pour tuer 6 millions d&#8217;Allemands<\/h2>\n<p>par Douglas Davis, <em>Jewish Telegraphic Agency<\/em><\/p>\n<p style=\"text-align: justify;\">LONDRES &#8211; Le premier pr\u00e9sident d&#8217;Isra\u00ebl a soutenu le projet d&#8217;un groupe de juifs de massacrer des Allemands imm\u00e9diatement apr\u00e8s la seconde guerre mondiale, selon le chef des vengeurs.<\/p>\n<p style=\"text-align: justify;\">Les d\u00e9tails du projet, qui comprenait l&#8217;empoisonnement de pain dans une boulangerie, ont \u00e9t\u00e9 r\u00e9v\u00e9l\u00e9s par Joseph Harmatz, 73 ans, originaire de Lituanie, dans une interview <a href=\"https:\/\/www.theguardian.com\/world\/2008\/jul\/26\/second.world.war\" target=\"_blank\" rel=\"noopener noreferrer\">publi\u00e9e r\u00e9cemment<\/a> [<em>NdT : cette version est dat\u00e9e de 2008 alors que l&#8217;article de jweekly.com est dat\u00e9 de 1998&#8230;<\/em>] dans le journal britannique <em>The Observer<\/em>.<\/p>\n<p style=\"text-align: justify;\">Harmatz, qui avait perdu deux fr\u00e8res dans l&#8217;Holocauste, dirigeait une organisation &#8211; <em>Din<\/em>, ou le Jugement [<em>NdT : \u00e9galement l&#8217;acronyme de<\/em> Dam Yisrael Noter<i>, &#8220;le sang d&#8217;Isra\u00ebl se venge&#8221;, et encore connue sous le nom de Nakam<\/i>] &#8211; constitu\u00e9e de survivants du ghetto de Vilnius. Leur objectif : la mort de 6 millions d&#8217;Allemands comme vengeance pour les juifs qui \u00e9taient morts dans l&#8217;Holocauste.<\/p>\n<p style=\"text-align: justify;\">L&#8217;id\u00e9e de cette organisation est apparemment venue du po\u00e8te <a href=\"https:\/\/fr.wikipedia.org\/wiki\/Abba_Kovner\" target=\"_blank\" rel=\"noopener noreferrer\">Abba Kovner<\/a> &#8211; un leader des partisans lituaniens qui a d\u00e9crit les juifs comme <em>&#8220;\u00e9tant conduits \u00e0 l&#8217;abattage comme des agneaux&#8221;<\/em> &#8211; et de Vitka, sa compagne de combat politique et plus tard sa femme.<\/p>\n<p style=\"text-align: justify;\">Dans un premier temps, Kovner fut envoy\u00e9 \u00e0 Tel Aviv pour obtenir le soutien des leaders juifs, dans l&#8217;embryon d&#8217;\u00c9tat d&#8217;Isra\u00ebl, sur un projet d&#8217;empoisonnement d&#8217;Allemands.<\/p>\n<p style=\"text-align: justify;\">David Ben-Gourion, alors \u00e0 la t\u00eate de l&#8217;Agence Juive et plus tard le premier Premier Ministre d&#8217;Isra\u00ebl, fut \u00e9pouvant\u00e9 par cette id\u00e9e et s&#8217;inqui\u00e9tait des risques qu&#8217;elle faisait peser sur l&#8217;\u00e9tablissement d&#8217;un \u00c9tat.<\/p>\n<p style=\"text-align: justify;\">Salman Shazar, qui plus tard deviendrait le troisi\u00e8me pr\u00e9sident d&#8217;Isra\u00ebl, \u00e9tait \u00e9galement hostile au projet.<\/p>\n<p style=\"text-align: justify;\">Harmatz, qui de 1960 \u00e0 1994 \u00e9tait \u00e0 la t\u00eate du r\u00e9seau de <a href=\"https:\/\/web.archive.org\/web\/20190520012951\/http:\/\/www.ort.org:80\/about-us\/\" target=\"_blank\" rel=\"noopener noreferrer\"><em>World ORT<\/em><\/a>, une agence d&#8217;\u00e9ducation et de professionnalisation juive, d\u00e9clara : <em>&#8220;Son id\u00e9e de vengeance correspondait aux r\u00e9parations qu&#8217;Isra\u00ebl parviendrait plus tard \u00e0 arracher&#8221;<\/em> \u00e0 l&#8217;Allemagne.<\/p>\n<p style=\"text-align: justify;\">Mais le pr\u00e9sident isra\u00e9lien Chaim Weizmann \u00e9tait plus r\u00e9ceptif.<\/p>\n<p style=\"text-align: justify;\"><em>&#8220;Il a approuv\u00e9 notre projet&#8221;<\/em>, d\u00e9clara Harmatz, <em>&#8220;et nous recommanda un scientifique qui fabriquerait un poison pour nous.&#8221;<\/em> Le scientifique travaillait \u00e0 l&#8217;Institut Sieff \u00e0 Rehovot &#8211; plus tard rebaptis\u00e9 Institut Weizmann.<\/p>\n<p style=\"text-align: justify;\">En r\u00e9alit\u00e9, Weizmann n&#8217;a pas \u00e9t\u00e9 identifi\u00e9 explicitement par Harmatz dans son livre <em>&#8220;From the Wings&#8221;<\/em>, dont la diffusion est pr\u00e9vue en mai par la Guilde du Livre en Angleterre. Dans son livre, Harmatz fait r\u00e9f\u00e9rence \u00e0 Weizmann seulement en parlant <em>&#8220;d&#8217;un a\u00een\u00e9&#8221;<\/em>.<\/p>\n<p style=\"text-align: justify;\">Mais Harmatz reconnut lors de l&#8217;interview avec <em>The Observer<\/em> que &#8220;l&#8217;a\u00een\u00e9&#8221; \u00e9tait en r\u00e9alit\u00e9 Weizmann et que le leader sioniste faisait partie int\u00e9grante du projet de Din.<\/p>\n<p style=\"text-align: justify;\">Kovner dit \u00e0 Weizmann que le groupe pr\u00e9parait l&#8217;empoisonnement de quelques milliers de miches de pain, destin\u00e9es \u00e0 d&#8217;anciens gardes SS qui \u00e9taient d\u00e9tenus dans les prisons et les camps de concentrations o\u00f9 ils avaient servi durant la guerre.<\/p>\n<p style=\"text-align: justify;\">L&#8217;histoire \u00e9tait seulement partiellement vraie &#8211; il y avait un projet suppl\u00e9mentaire. Din voulait \u00e9galement empoisonner l&#8217;alimentation en eau de la ville allemande de Nuremberg. Mais Harmatz d\u00e9clara qu&#8217;il n&#8217;en avait pas parl\u00e9 \u00e0 Weizmann parce que <em>&#8220;nous ne voulions pas l&#8217;effrayer&#8221;<\/em>.<\/p>\n<p style=\"text-align: justify;\">Finalement, le professeur de Rehovot recommand\u00e9 par Weizmann fabriqua une substance incolore et inodore qui selon lui \u00e9tait suffisante pour empoisonner une nuit de production de pain \u00e0 la boulangerie qui fournissait quatre prisons et camps de concentration, incluant Dachau.<\/p>\n<p style=\"text-align: justify;\">Mais Kovner ne parvint pas \u00e0 rentrer en Europe avec sa cargaison l\u00e9tale. En retournant en Europe sur un bateau britannique, Kovner fut arr\u00eat\u00e9 par la police britannique qui apparemment avait eu vent du complot. Le poison, cach\u00e9 dans des bo\u00eetes de lait concentr\u00e9 dans la cabine de Kovner, fut jet\u00e9 par-dessus bord par d&#8217;autres membres du groupe, mais Kovner fut arr\u00eat\u00e9 et envoy\u00e9 dans une prison \u00e9gyptienne.<\/p>\n<p style=\"text-align: justify;\">Harmatz prit la rel\u00e8ve de la direction de Din. Aujourd&#8217;hui encore, il ne sait pas avec certitude qui a trahi le projet, mais soup\u00e7onne des dirigeants sionistes de l&#8217;avoir fait car ils avaient peur que le succ\u00e8s de Din mettrait en danger leurs espoirs d&#8217;\u00c9tat.<\/p>\n<p style=\"text-align: justify;\">Avec les stocks du poison de Rehovot gisant au fond de la M\u00e9diterran\u00e9e, Harmatz abandonna l&#8217;id\u00e9e d&#8217;empoisonner l&#8217;approvisionnement en eau de Nuremberg. Le groupe fit l&#8217;acquisition d&#8217;une petite quantit\u00e9 d&#8217;arsenic et retourna au projet plus modeste d&#8217;empoisonnement de pain.<\/p>\n<p style=\"text-align: justify;\">Un samedi soir d&#8217;avril 1945, des membres de Din p\u00e9n\u00e9tr\u00e8rent par effraction dans le Stalag 13 \u00e0 Nuremberg et, avec un pinceau, Harmatz badigeonna 3000 miches de pain noir avec du poison.<\/p>\n<p style=\"text-align: justify;\">\u00c0 ce moment-l\u00e0, il estimait que 12 000 personnes seraient tu\u00e9es. Pour Harmatz, le jour d&#8217;apr\u00e8s fut merveilleux : <em>&#8220;Ce matin-l\u00e0, j&#8217;ai pens\u00e9 \u00e0 ma famille,&#8221;<\/em> dit-il. <em>&#8220;Je me sentais vraiment bien \u00e0 l&#8217;id\u00e9e que ce travail \u00e9tait en train d&#8217;\u00eatre accompli.&#8221;<\/em><\/p>\n<p style=\"text-align: justify;\">Le projet pr\u00e9voyait qu&#8217;ils se r\u00e9fugient ensuite en Tch\u00e9coslovaquie. Mais il ne r\u00e9ussit pas compl\u00e8tement : ils parvinrent bien dans le pays, mais le poison n&#8217;\u00e9tait pas aussi fort que pr\u00e9vu.<\/p>\n<p style=\"text-align: justify;\">Seulement environ 300 \u00e0 400 anciens gardes de prisons nazies et de camps de concentrations furent tu\u00e9s, selon Harmatz.<\/p>\n<p style=\"text-align: justify;\">Peu apr\u00e8s cela, l&#8217;organisation abandonna ses projets.<\/p>\n<p style=\"text-align: justify;\">Le chef de l&#8217;institut de recherche du mus\u00e9e de Yad Vashem \u00e0 J\u00e9rusalem \u00e9met des doutes sur les souvenirs racont\u00e9s par Harmatz.<\/p>\n<p style=\"text-align: justify;\">Yehuda Bauer, un professeur retrait\u00e9 de l&#8217;histoire de l&#8217;Holocauste \u00e0 l&#8217;Universit\u00e9 H\u00e9bra\u00efque de J\u00e9rusalem, d\u00e9clare : <em>&#8220;Cela s&#8217;est r\u00e9ellement produit et il est probable que de nombreuses personnes soient tomb\u00e9es malades. Mais je pense que le nombre de personnes qui furent tu\u00e9es a \u00e9t\u00e9 exag\u00e9r\u00e9.&#8221;<\/em><\/p>\n<p style=\"text-align: justify;\">Apr\u00e8s l&#8217;\u00e9tablissement de l&#8217;\u00c9tat, Harmatz d\u00e9cida que les responsabilit\u00e9s incombaient maintenant aux nouveaux dirigeants d&#8217;Isra\u00ebl, et d\u00e9clina la proposition de Kovner de lancer une nouvelle op\u00e9ration de vengeance. Kovner se rangea \u00e0 son avis et abandonna ses r\u00eaves de vengeance, devenant un des grands po\u00e8tes du nouvel \u00c9tat. Il mourut il y a environ dix ans [<em>NdT : en 1987<\/em>].<\/p>\n<p style=\"text-align: justify;\">Harmatz s&#8217;installa finalement en Isra\u00ebl. Il \u00e9tudia le droit et dirigea la filiale isra\u00e9lienne d&#8217;une compagnie maritime fran\u00e7aise.<\/p>\n<p style=\"text-align: justify;\">Harmatz, qui vit aujourd&#8217;hui [<em>NdT : en 1998, date de l&#8217;article<\/em>] dans une banlieue de Tel Aviv, nourrit des regrets.<\/p>\n<p style=\"text-align: justify;\"><em>&#8220;\u00c7a n&#8217;a pas march\u00e9,&#8221;<\/em> dit-il. <em>&#8220;Les 300 ou 400 que nous avons empoisonn\u00e9s n&#8217;\u00e9taient rien par rapport \u00e0 ce que nous voulions r\u00e9ellement faire.&#8221;<\/em><\/p>\n<p style=\"text-align: center;\">\u2014\u2014\u2014\u2014\u2014\u2014\u2014\u2014\u2014\u2014\u2014\u2014\u00a0 Fin de la traduction\u00a0 \u2014\u2014\u2014\u2014\u2014\u2014\u2014\u2014\u2014\u2014\u2014\u2014<\/p>\n<p style=\"text-align: justify;\">N.B. : Merci \u00e0 Isra\u00ebl Adam Shamir pour avoir rappel\u00e9 r\u00e9cemment, dans <a href=\"https:\/\/plumenclume.org\/blog\/21-le-veto-russe-sur-srebrenica-par-israel-adam-shamir\" target=\"_blank\" rel=\"noopener noreferrer\">un article comme toujours lumineux<\/a>, cet \u00e9pisode que nos media sous contr\u00f4le sioniste se garderont bien de mettre en lumi\u00e8re.<\/p>\n<p style=\"text-align: justify;\">Vestige historique d&#8217;une haine tribale maintenant apais\u00e9e ? H\u00e9las non. Aujourd&#8217;hui encore, le <a href=\"https:\/\/web.archive.org\/web\/20160110161140\/https:\/\/likoud.fr\/\" target=\"_blank\" rel=\"noopener noreferrer\">Likoud<\/a> propose ouvertement et explicitement de r\u00e9aliser le g\u00e9nocide, non de 6 millions d&#8217;Allemands coupables par h\u00e9ritage des crimes nazis, mais de <a href=\"https:\/\/web.archive.org\/web\/20160201151256\/https:\/\/www.likoud.fr\/index.php?option=com_content&amp;task=view&amp;id=81\" target=\"_blank\" rel=\"noopener noreferrer\">80 millions d&#8217;Iraniens<\/a> coupables de hanter les d\u00e9lires parano\u00efaques (ou les mensonges tactiques) des dirigeants sionistes, ces pauvres victimes de <a href=\"https:\/\/www.palestine-solidarite.org\/analyses.Gilad_Atzmon.170906.htm\" target=\"_blank\" rel=\"noopener noreferrer\">stress pr\u00e9-traumatique<\/a>, pour reprendre l&#8217;heureuse expression de Gilad Atzmon. L&#8217;Iran, dont la seule faute est de n&#8217;avoir agress\u00e9 aucun pays depuis au moins aussi longtemps que les \u00c9tats-unis d&#8217;Am\u00e9rique existent &#8211; et donc de ridiculiser par la simple logique les pr\u00e9visions apocalyptiques des sionistes &#8211; est coupable de crime par anticipation ; anticipation dans les esprits sionistes bien entendu.<\/p>\n<p style=\"text-align: justify;\">De m\u00eame, l&#8217;islam, dont la seule faute est de vouloir r\u00e9sister \u00e0 sa destruction par les <a href=\"https:\/\/editions.sigest.net\/page00010156.html\" target=\"_blank\" rel=\"noopener noreferrer\">fanatiques wahabbites<\/a> financ\u00e9s, entra\u00een\u00e9s, approvisionn\u00e9s en armes et mat\u00e9riel et soign\u00e9s par des criminels sionistes et leurs complices am\u00e9ricains (on peut inverser l&#8217;ordre des adjectifs), est d\u00e9sign\u00e9 par le Likoud comme <a href=\"https:\/\/web.archive.org\/web\/20160201131922\/https:\/\/www.likoud.fr\/index.php?option=com_content&amp;task=view&amp;id=80\" target=\"_blank\" rel=\"noopener noreferrer\">l&#8217;ennemi \u00e0 abattre<\/a> par tous les moyens, projet dont on per\u00e7oit quasi-quotidiennement en France les dommages collat\u00e9raux comiques dans la promotion m\u00e9diatique (donc sioniste, vu le contr\u00f4le m\u00e9diatique qu&#8217;ils exercent), comme d\u00e9fenseur d&#8217;un islam &#8220;mod\u00e9r\u00e9&#8221;, de <a href=\"https:\/\/nos-medias.fr\/video\/hassen-chalgoumi-le-bouffon-du-ramadan\" target=\"_blank\" rel=\"noopener noreferrer\">l&#8217;analphab\u00e8te<\/a> et ancien pr\u00e9dicateur salafiste <a href=\"https:\/\/aitia.fr\/erd\/guerre-a-lislam-la-preuve-par-chalghoumi\/\" target=\"_blank\" rel=\"noopener noreferrer\">Hassen Chalghoumi<\/a>. Rien de tel qu&#8217;un <a href=\"https:\/\/www.panamza.com\/071114-chalghoumi-best-of\/\" target=\"_blank\" rel=\"noopener noreferrer\">extr\u00e9miste retourn\u00e9<\/a> par l&#8217;argent et les &#8220;honneurs&#8221; (passages mediatiques, d\u00eeners du CRIF, voyages en Isra\u00ebl&#8230;), rep\u00e9r\u00e9 et &#8220;tenu&#8221; par les services secrets, pour d\u00e9fendre les &#8220;valeurs humanistes&#8221; et la &#8220;tol\u00e9rance&#8221;. Envers <a href=\"https:\/\/www.les-crises.fr\/propagande-le-ministre-des-affaires-etrangeres-israelien-veut-decapiter-ses-citoyens-et-nos-medias-nen-parlent-pas\/\" target=\"_blank\" rel=\"noopener noreferrer\">les criminels<\/a>.<\/p>\n<p style=\"text-align: justify;\">Mais que fait la LICRA ? Apparemment pas grand-chose. Pourtant, elle n&#8217;a m\u00eame pas l&#8217;excuse (un peu grosse, mais elle <a href=\"https:\/\/aitia.fr\/erd\/wp-content\/uploads\/2015\/06\/Lettre-Jean-YvesLeDrian.pdf\" target=\"_blank\" rel=\"noopener noreferrer\">nous a habitu\u00e9s<\/a> \u00e0 un niveau de <a href=\"https:\/\/fr.wikipedia.org\/wiki\/Chutzpah\" target=\"_blank\" rel=\"noopener noreferrer\"><em>chutzpah<\/em><\/a> olympique) de ne pas conna\u00eetre les propos diffus\u00e9s par le site fran\u00e7ais du Likoud : l&#8217;humble auteur de ces lignes les lui a signal\u00e9s (sans illusion) d\u00e8s mai 2015.<\/p>\n<p style=\"text-align: justify;\"><a href=\"https:\/\/aitia.fr\/erd\/wp-content\/uploads\/2015\/06\/LICRA-AR.png\"><img decoding=\"async\" loading=\"lazy\" class=\"size-full wp-image-2930 aligncenter\" src=\"https:\/\/aitia.fr\/erd\/wp-content\/uploads\/2015\/06\/LICRA-AR.png\" alt=\"accus\u00e9 de r\u00e9ception de la LICRA\" width=\"835\" height=\"530\" srcset=\"https:\/\/aitia.fr\/erd\/wp-content\/uploads\/2015\/06\/LICRA-AR.png 835w, https:\/\/aitia.fr\/erd\/wp-content\/uploads\/2015\/06\/LICRA-AR-300x190.png 300w, https:\/\/aitia.fr\/erd\/wp-content\/uploads\/2015\/06\/LICRA-AR-600x381.png 600w\" sizes=\"(max-width: 835px) 100vw, 835px\" \/><\/a><\/p>\n","protected":false},"excerpt":{"rendered":"<p>[Mise \u00e0 jour du 9 octobre 2018 : les lecteurs peu inform\u00e9s sur la question qui penseraient (\u00e0 tort) que l&#8217;introduction qui suit s&#8217;inspire de lectures catalogu\u00e9es &#8220;n\u00e9gationnistes&#8221; pourront avec profit se reporter \u00e0 l&#8217;excellent livre de Jean Bricmont &#8220;La R\u00e9publique des censeurs&#8221; ou, \u00e0 d\u00e9faut, \u00e0 la fiche de lecture que je lui ai [&hellip;]<\/p>\n","protected":false},"author":1,"featured_media":0,"comment_status":"open","ping_status":"open","sticky":false,"template":"","format":"standard","meta":[],"categories":[1],"tags":[112,162,48,56,71],"_links":{"self":[{"href":"https:\/\/aitia.fr\/erd\/wp-json\/wp\/v2\/posts\/3593"}],"collection":[{"href":"https:\/\/aitia.fr\/erd\/wp-json\/wp\/v2\/posts"}],"about":[{"href":"https:\/\/aitia.fr\/erd\/wp-json\/wp\/v2\/types\/post"}],"author":[{"embeddable":true,"href":"https:\/\/aitia.fr\/erd\/wp-json\/wp\/v2\/users\/1"}],"replies":[{"embeddable":true,"href":"https:\/\/aitia.fr\/erd\/wp-json\/wp\/v2\/comments?post=3593"}],"version-history":[{"count":98,"href":"https:\/\/aitia.fr\/erd\/wp-json\/wp\/v2\/posts\/3593\/revisions"}],"predecessor-version":[{"id":15259,"href":"https:\/\/aitia.fr\/erd\/wp-json\/wp\/v2\/posts\/3593\/revisions\/15259"}],"wp:attachment":[{"href":"https:\/\/aitia.fr\/erd\/wp-json\/wp\/v2\/media?parent=3593"}],"wp:term":[{"taxonomy":"category","embeddable":true,"href":"https:\/\/aitia.fr\/erd\/wp-json\/wp\/v2\/categories?post=3593"},{"taxonomy":"post_tag","embeddable":true,"href":"https:\/\/aitia.fr\/erd\/wp-json\/wp\/v2\/tags?post=3593"}],"curies":[{"name":"wp","href":"https:\/\/api.w.org\/{rel}","templated":true}]}}