{"id":3579,"date":"2015-08-18T09:56:31","date_gmt":"2015-08-18T07:56:31","guid":{"rendered":"https:\/\/aitia.fr\/erd\/?p=3579"},"modified":"2015-08-18T13:01:28","modified_gmt":"2015-08-18T11:01:28","slug":"en-europe-cest-lete-israel-adam-shamir","status":"publish","type":"post","link":"https:\/\/aitia.fr\/erd\/en-europe-cest-lete-israel-adam-shamir\/","title":{"rendered":"En Europe, c&#8217;est l&#8217;\u00e9t\u00e9 (Isra\u00ebl Adam Shamir)"},"content":{"rendered":"<div id=\"attachment_3581\" style=\"width: 410px\" class=\"wp-caption alignleft\"><a href=\"https:\/\/aitia.fr\/erd\/wp-content\/uploads\/2015\/08\/Shamir.jpg\"><img aria-describedby=\"caption-attachment-3581\" decoding=\"async\" loading=\"lazy\" class=\"wp-image-3581\" src=\"https:\/\/aitia.fr\/erd\/wp-content\/uploads\/2015\/08\/Shamir.jpg\" alt=\"Shamir\" width=\"400\" height=\"300\" srcset=\"https:\/\/aitia.fr\/erd\/wp-content\/uploads\/2015\/08\/Shamir.jpg 640w, https:\/\/aitia.fr\/erd\/wp-content\/uploads\/2015\/08\/Shamir-300x225.jpg 300w, https:\/\/aitia.fr\/erd\/wp-content\/uploads\/2015\/08\/Shamir-600x450.jpg 600w\" sizes=\"(max-width: 400px) 100vw, 400px\" \/><\/a><p id=\"caption-attachment-3581\" class=\"wp-caption-text\">Isra\u00ebl Adam Shamir (\u00e0 droite).<br \/> La personne \u00e0 gauche <b>n&#8217;est pas<\/b> Maria Poumier.<\/p><\/div>\n<p style=\"text-align: justify;\">L&#8217;\u00e9t\u00e9 r\u00e8gne sur toute l\u2019Europe, de la Gr\u00e8ce jusqu\u2019\u00e0 la Su\u00e8de. Les vacances ont vid\u00e9 les bureaux, et rempli les plages. Des fleurs partout, des fleuves de parfums. Des festivals sans fin, des performances et autres installations artistiques agr\u00e9mentent les anciennes cit\u00e9s d\u00e9su\u00e8tes. Mais \u00e7a ne se passe pas comme d\u2019habitude. Le vieux continent est malade. La vie est belle, mais pas pour vous. Les bonnes choses vous passent sous le nez, et le ch\u00f4mage est au plus haut.<\/p>\n<p style=\"text-align: justify;\">L\u2019aust\u00e9rit\u00e9 pour tous sauf les banquiers et les politiques corrompus, c\u2019est le mot d\u2019ordre. La protection sociale r\u00e9tr\u00e9cit, mais les budgets militaires grossissent, et l\u2019Otan n\u2019en finit pas de s\u2019\u00e9tendre. En dehors de l\u2019Allemagne, les pays europ\u00e9ens membres sont d\u00e9sindustrialis\u00e9s, leurs travailleurs perdent leur savoir-faire et finissent dans les services. Un caddie de golf risque moins de cr\u00e9er des probl\u00e8mes qu\u2019un ouvrier de l\u2019industrie, certes. La d\u00e9mocratie n\u2019est jamais tomb\u00e9e aussi bas.<\/p>\n<p style=\"text-align: justify;\"><a href=\"https:\/\/plumenclume.org\/blog\/30-en-europe-c-est-l-ete-par-israel-adam-shamir\" target=\"_blank\">Continuer la lecture sur <em>Entre la plume et l&#8217;enclume<\/em> \u27f6<\/a><\/p>\n<p style=\"text-align: justify;\"><strong>Remarques :<\/strong><\/p>\n<ul>\n<li style=\"text-align: justify;\">Isra\u00ebl Adam Shamir est l&#8217;auteur de l&#8217;admirable et tonifiant ouvrage &#8220;<a href=\"https:\/\/aitia.fr\/erd\/la-bataille-du-discours\/\" target=\"_blank\">La Bataille du Discours<\/a>&#8221; dont j&#8217;ai d\u00e9j\u00e0 parl\u00e9 ici ;<\/li>\n<\/ul>\n<ul>\n<li style=\"text-align: justify;\">Maria Poumier, la traductrice, a r\u00e9alis\u00e9 le documentaire &#8220;<a href=\"https:\/\/plumenclume.org\/home\/32-amia-repetita.html\" target=\"_blank\">Amia Repetita<\/a>&#8221; sur l&#8217;attentat ayant frapp\u00e9 un centre communautaire juif \u00e0 Buenos Aires en 1994, faisant 85 morts. Oeuvre particuli\u00e8rement utile pour tous ceux qui pensent, na\u00efvement et en privil\u00e9giant <a href=\"https:\/\/lejournal.cnrs.fr\/articles\/danger-nos-emotions-prennent-le-pouvoir\" target=\"_blank\">l&#8217;\u00e9motion<\/a> sur <a href=\"https:\/\/aitia.fr\/erd\/quest-ce-quune-connaissance-rationnelle\/\" target=\"_blank\">la raison<\/a>, qu&#8217;un attentat faisant des victimes juives ne peut pas \u00eatre commis par des terroristes juifs.<\/li>\n<\/ul>\n","protected":false},"excerpt":{"rendered":"<p>L&#8217;\u00e9t\u00e9 r\u00e8gne sur toute l\u2019Europe, de la Gr\u00e8ce jusqu\u2019\u00e0 la Su\u00e8de. Les vacances ont vid\u00e9 les bureaux, et rempli les plages. Des fleurs partout, des fleuves de parfums. Des festivals sans fin, des performances et autres installations artistiques agr\u00e9mentent les anciennes cit\u00e9s d\u00e9su\u00e8tes. Mais \u00e7a ne se passe pas comme d\u2019habitude. Le vieux continent est [&hellip;]<\/p>\n","protected":false},"author":1,"featured_media":0,"comment_status":"open","ping_status":"open","sticky":false,"template":"","format":"standard","meta":[],"categories":[4,134,29],"tags":[169,155,162,48,56],"_links":{"self":[{"href":"https:\/\/aitia.fr\/erd\/wp-json\/wp\/v2\/posts\/3579"}],"collection":[{"href":"https:\/\/aitia.fr\/erd\/wp-json\/wp\/v2\/posts"}],"about":[{"href":"https:\/\/aitia.fr\/erd\/wp-json\/wp\/v2\/types\/post"}],"author":[{"embeddable":true,"href":"https:\/\/aitia.fr\/erd\/wp-json\/wp\/v2\/users\/1"}],"replies":[{"embeddable":true,"href":"https:\/\/aitia.fr\/erd\/wp-json\/wp\/v2\/comments?post=3579"}],"version-history":[{"count":10,"href":"https:\/\/aitia.fr\/erd\/wp-json\/wp\/v2\/posts\/3579\/revisions"}],"predecessor-version":[{"id":3591,"href":"https:\/\/aitia.fr\/erd\/wp-json\/wp\/v2\/posts\/3579\/revisions\/3591"}],"wp:attachment":[{"href":"https:\/\/aitia.fr\/erd\/wp-json\/wp\/v2\/media?parent=3579"}],"wp:term":[{"taxonomy":"category","embeddable":true,"href":"https:\/\/aitia.fr\/erd\/wp-json\/wp\/v2\/categories?post=3579"},{"taxonomy":"post_tag","embeddable":true,"href":"https:\/\/aitia.fr\/erd\/wp-json\/wp\/v2\/tags?post=3579"}],"curies":[{"name":"wp","href":"https:\/\/api.w.org\/{rel}","templated":true}]}}