{"id":3473,"date":"2015-08-06T14:20:10","date_gmt":"2015-08-06T12:20:10","guid":{"rendered":"https:\/\/aitia.fr\/erd\/?p=3473"},"modified":"2015-08-06T14:20:10","modified_gmt":"2015-08-06T12:20:10","slug":"le-crif-a-enclenche-une-violente-campagne-de-persecutions-contre-les-dissidents-er","status":"publish","type":"post","link":"https:\/\/aitia.fr\/erd\/le-crif-a-enclenche-une-violente-campagne-de-persecutions-contre-les-dissidents-er\/","title":{"rendered":"Le CRIF a enclench\u00e9 une violente campagne de pers\u00e9cutions contre les dissidents (E&#038;R)"},"content":{"rendered":"<p><em><a href=\"https:\/\/aitia.fr\/erd\/wp-content\/uploads\/2015\/08\/Blic_amis_de_la_republique_s.jpg\"><img decoding=\"async\" loading=\"lazy\" class=\" size-full wp-image-3475 aligncenter\" src=\"https:\/\/aitia.fr\/erd\/wp-content\/uploads\/2015\/08\/Blic_amis_de_la_republique_s.jpg\" alt=\"Blic_amis_de_la_republique_s\" width=\"600\" height=\"345\" srcset=\"https:\/\/aitia.fr\/erd\/wp-content\/uploads\/2015\/08\/Blic_amis_de_la_republique_s.jpg 600w, https:\/\/aitia.fr\/erd\/wp-content\/uploads\/2015\/08\/Blic_amis_de_la_republique_s-300x173.jpg 300w\" sizes=\"(max-width: 600px) 100vw, 600px\" \/><\/a>Article publi\u00e9 initialement en anglais <a href=\"https:\/\/thesaker.is\/frances-crif-run-regime-has-unleashed-a-vicious-persecutions-campaign-against-dissidents\/\" target=\"_blank\">sur le site thesaker.is<\/a>.<\/em><\/p>\n<p style=\"text-align: justify;\">Cela fait plusieurs mois que la situation politique en France a \u00e9t\u00e9 largement supplant\u00e9e par les \u00e9v\u00e9nements en Gr\u00e8ce ou en Ukraine. Sur ce blog, j\u2019ai beaucoup parl\u00e9 de la France par rapport au d\u00e9sastre de la vente des porte-h\u00e9licopt\u00e8res Mistral \u00e0 la Russie. Mais cela ne signifie pas pour autant que la situation politique fran\u00e7aise ne s\u2019est pas modifi\u00e9e au cours de l\u2019ann\u00e9e \u00e9coul\u00e9e\u2026 en fait, elle s\u2019est d\u00e9t\u00e9rior\u00e9e consid\u00e9rablement ; et pour le pire.<\/p>\n<p style=\"text-align: justify;\"><a href=\"https:\/\/www.egaliteetreconciliation.fr\/Le-CRIF-a-enclenche-une-violente-campagne-de-persecutions-contre-les-dissidents-34353.html\" target=\"_blank\">Continuer la lecture sur \u00c9galit\u00e9 &amp; R\u00e9conciliation \u27f6<\/a><\/p>\n","protected":false},"excerpt":{"rendered":"<p>Article publi\u00e9 initialement en anglais sur le site thesaker.is. Cela fait plusieurs mois que la situation politique en France a \u00e9t\u00e9 largement supplant\u00e9e par les \u00e9v\u00e9nements en Gr\u00e8ce ou en Ukraine. Sur ce blog, j\u2019ai beaucoup parl\u00e9 de la France par rapport au d\u00e9sastre de la vente des porte-h\u00e9licopt\u00e8res Mistral \u00e0 la Russie. Mais cela [&hellip;]<\/p>\n","protected":false},"author":1,"featured_media":0,"comment_status":"open","ping_status":"open","sticky":false,"template":"","format":"standard","meta":[],"categories":[4,134,29],"tags":[40,20,48,12,56],"_links":{"self":[{"href":"https:\/\/aitia.fr\/erd\/wp-json\/wp\/v2\/posts\/3473"}],"collection":[{"href":"https:\/\/aitia.fr\/erd\/wp-json\/wp\/v2\/posts"}],"about":[{"href":"https:\/\/aitia.fr\/erd\/wp-json\/wp\/v2\/types\/post"}],"author":[{"embeddable":true,"href":"https:\/\/aitia.fr\/erd\/wp-json\/wp\/v2\/users\/1"}],"replies":[{"embeddable":true,"href":"https:\/\/aitia.fr\/erd\/wp-json\/wp\/v2\/comments?post=3473"}],"version-history":[{"count":3,"href":"https:\/\/aitia.fr\/erd\/wp-json\/wp\/v2\/posts\/3473\/revisions"}],"predecessor-version":[{"id":3477,"href":"https:\/\/aitia.fr\/erd\/wp-json\/wp\/v2\/posts\/3473\/revisions\/3477"}],"wp:attachment":[{"href":"https:\/\/aitia.fr\/erd\/wp-json\/wp\/v2\/media?parent=3473"}],"wp:term":[{"taxonomy":"category","embeddable":true,"href":"https:\/\/aitia.fr\/erd\/wp-json\/wp\/v2\/categories?post=3473"},{"taxonomy":"post_tag","embeddable":true,"href":"https:\/\/aitia.fr\/erd\/wp-json\/wp\/v2\/tags?post=3473"}],"curies":[{"name":"wp","href":"https:\/\/api.w.org\/{rel}","templated":true}]}}