{"id":3305,"date":"2015-07-31T14:36:00","date_gmt":"2015-07-31T12:36:00","guid":{"rendered":"https:\/\/aitia.fr\/erd\/?p=3305"},"modified":"2015-09-11T01:13:06","modified_gmt":"2015-09-10T23:13:06","slug":"du-bon-usage-du-terrorisme-ou-la-doctrine-fabius-bruno-guigue-cercle-des-volontaires","status":"publish","type":"post","link":"https:\/\/aitia.fr\/erd\/du-bon-usage-du-terrorisme-ou-la-doctrine-fabius-bruno-guigue-cercle-des-volontaires\/","title":{"rendered":"Du bon usage du terrorisme, ou la &#8220;doctrine Fabius&#8221; (Bruno Guigue \/ Cercle des Volontaires)"},"content":{"rendered":"<p style=\"text-align: justify;\"><em><a href=\"https:\/\/www.cercledesvolontaires.fr\/2015\/07\/27\/du-bon-usage-du-terrorisme-ou-la-doctrine-fabius-par-bruno-guigue\/\"><img decoding=\"async\" loading=\"lazy\" class=\"alignleft wp-image-3307 size-medium\" src=\"https:\/\/aitia.fr\/erd\/wp-content\/uploads\/2015\/07\/LAURENT-FABIUS-V2-e1438341019456-300x253.jpg\" alt=\"LAURENT-FABIUS-V2\" width=\"300\" height=\"253\" srcset=\"https:\/\/aitia.fr\/erd\/wp-content\/uploads\/2015\/07\/LAURENT-FABIUS-V2-e1438341019456-300x253.jpg 300w, https:\/\/aitia.fr\/erd\/wp-content\/uploads\/2015\/07\/LAURENT-FABIUS-V2-e1438341019456.jpg 400w\" sizes=\"(max-width: 300px) 100vw, 300px\" \/><\/a>Dipl\u00f4m\u00e9 de l\u2019\u00e9cole Normale Sup\u00e9rieure, de l\u2019ENA et ancien haut fonctionnaire, Bruno Guigue est aujourd\u2019hui professeur de philosophie, essayiste et politologue. Il est l\u2019auteur de plusieurs ouvrages, dont \u00ab\u00a0<\/em>Aux origines du conflit isra\u00e9lo-arabe, l\u2019invisible remords de l\u2019Occident<em>\u00a0\u00bb (L\u2019Harmattan, 2002).<\/em><\/p>\n<p style=\"text-align: justify;\">Elev\u00e9e \u00e0 la dimension d\u2019une crise plan\u00e9taire depuis l\u2019ascension fulgurante du pr\u00e9tendu \u00ab\u00a0Etat islamique\u00a0\u00bb, la crise syrienne a fait l\u2019effet d\u2019un r\u00e9v\u00e9lateur chimique. Des protagonistes de cette conflagration majeure, elle dissipe peu \u00e0 peu les faux-semblants en projetant une lumi\u00e8re inaccoutum\u00e9e sur leurs strat\u00e9gies les plus retorses. Derni\u00e8re en date des supercheries dont la politique occidentale est coutumi\u00e8re\u00a0: la transformation suppos\u00e9e de la branche syrienne d\u2019Al-Qaida en respectable organisation combattante. Le Front Al-Nosra, lit-on dans la presse fran\u00e7aise et internationale, se \u00ab\u00a0normaliserait\u00a0\u00bb, il oscillerait d\u00e9sormais \u00ab\u00a0entre terrorisme et pragmatisme\u00a0\u00bb. Son affiliation revendiqu\u00e9e \u00e0 Al-Qaida, son id\u00e9ologie haineuse et sectaire, sa pratique r\u00e9p\u00e9t\u00e9e des attentats aveugles frappant civils et militaires ? Ce seraient de lointains souvenirs. Cette mutation g\u00e9n\u00e9tique vaudrait \u00e0 l\u2019organisation jihadiste concurrente de \u00ab\u00a0l\u2019Etat islamique\u00a0\u00bb, en somme, un v\u00e9ritable brevet de respectabilit\u00e9.<\/p>\n<p style=\"text-align: justify;\"><a href=\"https:\/\/www.cercledesvolontaires.fr\/2015\/07\/27\/du-bon-usage-du-terrorisme-ou-la-doctrine-fabius-par-bruno-guigue\/\" target=\"_blank\">Continuer la lecture sur le Cercle des Volontaires \u27f6<\/a><\/p>\n<p style=\"text-align: justify;\">Voir aussi, sur ce blog, <a href=\"https:\/\/aitia.fr\/erd\/fabius-le-golf-et-le-badminton\/\" target=\"_blank\">cet article,<\/a> cet <a href=\"https:\/\/aitia.fr\/erd\/la-bataille-du-discours\/\" target=\"_blank\">autre article<\/a> ou encore <a href=\"https:\/\/aitia.fr\/erd\/apologie-du-terrorisme-2\/\" target=\"_blank\">ce rappel<\/a> du dessinateur Krapo.<\/p>\n","protected":false},"excerpt":{"rendered":"<p>Dipl\u00f4m\u00e9 de l\u2019\u00e9cole Normale Sup\u00e9rieure, de l\u2019ENA et ancien haut fonctionnaire, Bruno Guigue est aujourd\u2019hui professeur de philosophie, essayiste et politologue. Il est l\u2019auteur de plusieurs ouvrages, dont \u00ab\u00a0Aux origines du conflit isra\u00e9lo-arabe, l\u2019invisible remords de l\u2019Occident\u00a0\u00bb (L\u2019Harmattan, 2002). Elev\u00e9e \u00e0 la dimension d\u2019une crise plan\u00e9taire depuis l\u2019ascension fulgurante du pr\u00e9tendu \u00ab\u00a0Etat islamique\u00a0\u00bb, la crise [&hellip;]<\/p>\n","protected":false},"author":1,"featured_media":0,"comment_status":"open","ping_status":"open","sticky":false,"template":"","format":"standard","meta":[],"categories":[4,134,29],"tags":[112,48,12,129,71],"_links":{"self":[{"href":"https:\/\/aitia.fr\/erd\/wp-json\/wp\/v2\/posts\/3305"}],"collection":[{"href":"https:\/\/aitia.fr\/erd\/wp-json\/wp\/v2\/posts"}],"about":[{"href":"https:\/\/aitia.fr\/erd\/wp-json\/wp\/v2\/types\/post"}],"author":[{"embeddable":true,"href":"https:\/\/aitia.fr\/erd\/wp-json\/wp\/v2\/users\/1"}],"replies":[{"embeddable":true,"href":"https:\/\/aitia.fr\/erd\/wp-json\/wp\/v2\/comments?post=3305"}],"version-history":[{"count":6,"href":"https:\/\/aitia.fr\/erd\/wp-json\/wp\/v2\/posts\/3305\/revisions"}],"predecessor-version":[{"id":3312,"href":"https:\/\/aitia.fr\/erd\/wp-json\/wp\/v2\/posts\/3305\/revisions\/3312"}],"wp:attachment":[{"href":"https:\/\/aitia.fr\/erd\/wp-json\/wp\/v2\/media?parent=3305"}],"wp:term":[{"taxonomy":"category","embeddable":true,"href":"https:\/\/aitia.fr\/erd\/wp-json\/wp\/v2\/categories?post=3305"},{"taxonomy":"post_tag","embeddable":true,"href":"https:\/\/aitia.fr\/erd\/wp-json\/wp\/v2\/tags?post=3305"}],"curies":[{"name":"wp","href":"https:\/\/api.w.org\/{rel}","templated":true}]}}