{"id":3289,"date":"2015-07-30T10:44:00","date_gmt":"2015-07-30T08:44:00","guid":{"rendered":"https:\/\/aitia.fr\/erd\/?p=3289"},"modified":"2017-03-14T16:26:04","modified_gmt":"2017-03-14T15:26:04","slug":"les-frontieres-contre-la-tyrannie","status":"publish","type":"post","link":"https:\/\/aitia.fr\/erd\/les-frontieres-contre-la-tyrannie\/","title":{"rendered":"Les fronti\u00e8res contre la tyrannie"},"content":{"rendered":"<div id=\"attachment_3293\" style=\"width: 310px\" class=\"wp-caption alignleft\"><a href=\"https:\/\/commons.wikimedia.org\/wiki\/File:FluorescentCells.jpg\" target=\"_blank\"><img aria-describedby=\"caption-attachment-3293\" decoding=\"async\" loading=\"lazy\" class=\"wp-image-3293 size-medium\" src=\"https:\/\/aitia.fr\/erd\/wp-content\/uploads\/2015\/07\/FluorescentCells-300x300.jpg\" alt=\"Cellulles endoth\u00e9liales vues au microscope.\" width=\"300\" height=\"300\" srcset=\"https:\/\/aitia.fr\/erd\/wp-content\/uploads\/2015\/07\/FluorescentCells-300x300.jpg 300w, https:\/\/aitia.fr\/erd\/wp-content\/uploads\/2015\/07\/FluorescentCells-150x150.jpg 150w, https:\/\/aitia.fr\/erd\/wp-content\/uploads\/2015\/07\/FluorescentCells.jpg 512w\" sizes=\"(max-width: 300px) 100vw, 300px\" \/><\/a><p id=\"caption-attachment-3293\" class=\"wp-caption-text\">Cellulles endoth\u00e9liales vues au microscope.<br \/> En biologie comme en g\u00e9opolitique, fermeture totale ou ouverture totale des fronti\u00e8res conduisent in\u00e9vitablement \u00e0 la mort de l&#8217;organisme, ou de la nation.<\/p><\/div>\n<p style=\"text-align: justify;\">Alors que des gauchistes &#8211; g\u00e9n\u00e9ralement plus tr\u00e8s jeunes ni intellectuellement alertes &#8211; en sont encore \u00e0 associer l&#8217;id\u00e9e de nation et celle de &#8220;fascisme&#8221; (dont ils sont en g\u00e9n\u00e9ral bien incapables de donner une <a href=\"https:\/\/web.archive.org\/web\/20170209004836\/https:\/\/www.eraquitaine.fr\/contre-le-confusionnisme-de-gauche-pourquoi-il-ny-a-pas-de-fascisme-francais\/\" target=\"_blank\">d\u00e9finition correcte<\/a>), il est rassurant de voir que d&#8217;horizons tr\u00e8s divers proviennent des r\u00e9flexions pertinentes sur l&#8217;id\u00e9e de souverainet\u00e9 nationale, seul rempart au totalitarisme transnational voulu par une oligarchie ultracapitaliste pr\u00e9datrice dont l&#8217;<em><a href=\"https:\/\/fr.wikipedia.org\/wiki\/Hybris\" target=\"_blank\">hybris<\/a><\/em> para\u00eet sans limite. Peut-\u00eatre faudrait-il rappeler \u00e0 ces gauchistes fatigu\u00e9s que pour pouvoir chanter <em>l&#8217;Internationale<\/em>, il faut encore que les nations existent ?<\/p>\n<p style=\"text-align: justify;\"><!--more--><\/p>\n<p style=\"text-align: justify;\">Commen\u00e7ons par les talentueux jeunes anglais de Juice Rap News, qui dans un registre parodique mettent le rap au service d&#8217;une r\u00e9flexion politique qu&#8217;on aimerait aussi profonde chez tous les militants se proclamant &#8220;anticapitalistes&#8221; :<\/p>\n<p style=\"text-align: center;\"><iframe loading=\"lazy\" src=\"https:\/\/www.youtube.com\/embed\/pUkW0kWb1x0\" width=\"640\" height=\"360\" frameborder=\"0\" allowfullscreen=\"allowfullscreen\"><\/iframe><\/p>\n<p style=\"text-align: center;\">(pour les non-anglophones, sous-titres fran\u00e7ais disponibles en cliquant sur le petit rectangle en bas \u00e0 droite)<\/p>\n<p id=\"firstHeading\" lang=\"fr\" style=\"text-align: justify;\">Continuons, de fa\u00e7on beaucoup plus s\u00e9rieuse, avec l&#8217;analyse de Jacques Sapir sur les r\u00e9cents \u00e9v\u00e9nements grecs et en particulier le &#8220;plan B&#8221; envisag\u00e9 par le ministre des finances d\u00e9missionnaire Y\u00e1nis Varouf\u00e1kis : pas de vid\u00e9o ici (un universitaire s&#8217;exprime de pr\u00e9f\u00e9rence par \u00e9crit !), mais la <a href=\"https:\/\/russeurope.hypotheses.org\/4148\" target=\"_blank\">d\u00e9monstration implacable<\/a> de la tyrannie exerc\u00e9e par la Banque Centrale Europ\u00e9enne, sans la moindre l\u00e9gitimit\u00e9 d\u00e9mocratique ni m\u00eame un quelconque souci de l\u00e9galit\u00e9, \u00e0 l&#8217;encontre du peuple grec. En d\u00e9coule logiquement la n\u00e9cessit\u00e9, pour tout peuple d\u00e9sireux de retrouver sa souverainet\u00e9, de rompre les trait\u00e9s europ\u00e9ens qui constituent aujourd&#8217;hui l&#8217;arme principale d&#8217;un totalitarisme financier de plus en plus difficile \u00e0 dissimuler, m\u00eame avec des media \u00e0 son service. Rappelons qu&#8217;il existe \u00e0 ce jour en France, un parti politique <em>et un seul<\/em> qui demande explicitement de sortir de l&#8217;Union Europ\u00e9enne, de l&#8217;euro et de l&#8217;OTAN : <a href=\"https:\/\/www.upr.fr\/\" target=\"_blank\">l&#8217;Union Populaire R\u00e9publicaine<\/a>. Que ce parti soit strictement invisible dans le champ des &#8220;grands&#8221; media n&#8217;est \u00e9videmment pas un hasard.<\/p>\n<p lang=\"fr\" style=\"text-align: justify;\">Comme l&#8217;origine imp\u00e9rialiste et am\u00e9ricaine de l&#8217;Union Europ\u00e9enne est aujourd&#8217;hui un <a href=\"https:\/\/reseauinternational.net\/limposture-europeenne-la-cia-derriere-la-construction-europeenne\/\" target=\"_blank\">secret de Polichinelle<\/a>, il est utile de replacer la tyrannie financi\u00e8re &#8220;europ\u00e9enne&#8221; actuelle dans un cadre plus large, \u00e0 la fois g\u00e9ographique et historique : c&#8217;est ce que fait brillamment <a href=\"https:\/\/www.geopolintel.fr\/article961.html\" target=\"_blank\">cet article de G\u00e9opolintel<\/a>, site fran\u00e7ais de g\u00e9opolitique qui vous apprendra tout ce que les media aux ordres ont pour mission de soigneusement cacher.<\/p>\n<p lang=\"fr\" style=\"text-align: justify;\">Ces trois d\u00e9monstrations d&#8217;intelligence ne doivent pas nous faire oublier, h\u00e9las, que le chemin \u00e0 parcourir est encore long pour \u00e9veiller le peuple \u00e0 la v\u00e9ritable nature du pouvoir qui l&#8217;opprime, et faire en sorte que le militant de base ne serre pas lui-m\u00eame le collier d&#8217;esclave qui le prive de libert\u00e9. En voici une preuve tragi-comique avec un reportage d&#8217;ERTV \u00e0 une manifestation de soutien au peuple grec :<\/p>\n<p style=\"text-align: center;\"><iframe loading=\"lazy\" src=\"\/\/www.dailymotion.com\/embed\/video\/x2zev2a\" width=\"640\" height=\"360\" frameborder=\"0\" allowfullscreen=\"allowfullscreen\"><\/iframe><br \/>\n<a href=\"https:\/\/www.dailymotion.com\/video\/x2zev2a_ertv-a-la-manifestation-de-soutien-au-peuple-grec-paris-28-06-2015_news\" target=\"_blank\">ERTV \u00e0 la manifestation de soutien au peuple grec<\/a><\/p>\n<p lang=\"fr\" style=\"text-align: justify;\">O\u00f9 l&#8217;on voit que l&#8217;hyst\u00e9rie, malgr\u00e9 son \u00e9tymologie (<span class=\"lang-grc\" lang=\"grc\">\u1f51\u03c3\u03c4\u03ad\u03c1\u03b1<\/span> : ut\u00e9rus, matrice) n&#8217;est pas n\u00e9cessairement r\u00e9serv\u00e9e aux femmes, et que celles-ci peuvent \u00e9galement montrer la voie de la raison aux m\u00e2les se croyant dominants, et dans les faits totalement domin\u00e9s. Un signe de la <a href=\"https:\/\/aitia.fr\/erd\/vers-la-feminisation\/\" target=\"_blank\">f\u00e9minisation<\/a> des esprits ?<\/p>\n","protected":false},"excerpt":{"rendered":"<p>Alors que des gauchistes &#8211; g\u00e9n\u00e9ralement plus tr\u00e8s jeunes ni intellectuellement alertes &#8211; en sont encore \u00e0 associer l&#8217;id\u00e9e de nation et celle de &#8220;fascisme&#8221; (dont ils sont en g\u00e9n\u00e9ral bien incapables de donner une d\u00e9finition correcte), il est rassurant de voir que d&#8217;horizons tr\u00e8s divers proviennent des r\u00e9flexions pertinentes sur l&#8217;id\u00e9e de souverainet\u00e9 nationale, [&hellip;]<\/p>\n","protected":false},"author":1,"featured_media":0,"comment_status":"open","ping_status":"open","sticky":false,"template":"","format":"standard","meta":[],"categories":[4,134],"tags":[156,169,233,171,232],"_links":{"self":[{"href":"https:\/\/aitia.fr\/erd\/wp-json\/wp\/v2\/posts\/3289"}],"collection":[{"href":"https:\/\/aitia.fr\/erd\/wp-json\/wp\/v2\/posts"}],"about":[{"href":"https:\/\/aitia.fr\/erd\/wp-json\/wp\/v2\/types\/post"}],"author":[{"embeddable":true,"href":"https:\/\/aitia.fr\/erd\/wp-json\/wp\/v2\/users\/1"}],"replies":[{"embeddable":true,"href":"https:\/\/aitia.fr\/erd\/wp-json\/wp\/v2\/comments?post=3289"}],"version-history":[{"count":15,"href":"https:\/\/aitia.fr\/erd\/wp-json\/wp\/v2\/posts\/3289\/revisions"}],"predecessor-version":[{"id":8631,"href":"https:\/\/aitia.fr\/erd\/wp-json\/wp\/v2\/posts\/3289\/revisions\/8631"}],"wp:attachment":[{"href":"https:\/\/aitia.fr\/erd\/wp-json\/wp\/v2\/media?parent=3289"}],"wp:term":[{"taxonomy":"category","embeddable":true,"href":"https:\/\/aitia.fr\/erd\/wp-json\/wp\/v2\/categories?post=3289"},{"taxonomy":"post_tag","embeddable":true,"href":"https:\/\/aitia.fr\/erd\/wp-json\/wp\/v2\/tags?post=3289"}],"curies":[{"name":"wp","href":"https:\/\/api.w.org\/{rel}","templated":true}]}}