{"id":3247,"date":"2015-07-19T12:24:59","date_gmt":"2015-07-19T10:24:59","guid":{"rendered":"https:\/\/aitia.fr\/erd\/?p=3247"},"modified":"2019-09-25T06:59:05","modified_gmt":"2019-09-25T04:59:05","slug":"un-village-empoisonne-par-la-cia","status":"publish","type":"post","link":"https:\/\/aitia.fr\/erd\/un-village-empoisonne-par-la-cia\/","title":{"rendered":"Un village empoisonn\u00e9 par la CIA ? (France 3)"},"content":{"rendered":"<p style=\"text-align: justify;\">L&#8217;affaire du &#8220;pain maudit&#8221; de Pont-Saint-Esprit, o\u00f9 les clients d&#8217;une boulangerie ont souffert de graves troubles hallucinatoires ayant dans certains cas entra\u00een\u00e9 la mort, a provoqu\u00e9 la panique dans ce village du Gard en 1951. Si pendant longtemps cette affaire \u00e9tait consid\u00e9r\u00e9e non \u00e9lucid\u00e9e, la d\u00e9classification r\u00e9cente de documents officiels de la CIA ne laisse aujourd&#8217;hui plus de doute sur les auteurs de cette &#8220;exp\u00e9rience&#8221; criminelle, m\u00eame si certains villageois se refusent encore \u00e0 croire cette sinistre v\u00e9rit\u00e9.<\/p>\n<p style=\"text-align: center;\"><iframe loading=\"lazy\" width=\"560\" height=\"315\" src=\"https:\/\/www.youtube.com\/embed\/JD_JdkAxiWI\" frameborder=\"0\" allowfullscreen><\/iframe><\/p>\n<p style=\"text-align: justify;\">France 3 a diffus\u00e9 ce documentaire <a href=\"https:\/\/web.archive.org\/web\/20170219170613\/http:\/\/www.france3.fr:80\/emissions\/documentaires\/diffusions\/08-07-2015_339357\" target=\"_blank\" rel=\"noopener noreferrer\">le 8 juillet 2015<\/a>.<\/p>\n","protected":false},"excerpt":{"rendered":"<p>L&#8217;affaire du &#8220;pain maudit&#8221; de Pont-Saint-Esprit, o\u00f9 les clients d&#8217;une boulangerie ont souffert de graves troubles hallucinatoires ayant dans certains cas entra\u00een\u00e9 la mort, a provoqu\u00e9 la panique dans ce village du Gard en 1951. Si pendant longtemps cette affaire \u00e9tait consid\u00e9r\u00e9e non \u00e9lucid\u00e9e, la d\u00e9classification r\u00e9cente de documents officiels de la CIA ne laisse [&hellip;]<\/p>\n","protected":false},"author":1,"featured_media":0,"comment_status":"open","ping_status":"open","sticky":false,"template":"","format":"standard","meta":[],"categories":[134,133],"tags":[231,156],"_links":{"self":[{"href":"https:\/\/aitia.fr\/erd\/wp-json\/wp\/v2\/posts\/3247"}],"collection":[{"href":"https:\/\/aitia.fr\/erd\/wp-json\/wp\/v2\/posts"}],"about":[{"href":"https:\/\/aitia.fr\/erd\/wp-json\/wp\/v2\/types\/post"}],"author":[{"embeddable":true,"href":"https:\/\/aitia.fr\/erd\/wp-json\/wp\/v2\/users\/1"}],"replies":[{"embeddable":true,"href":"https:\/\/aitia.fr\/erd\/wp-json\/wp\/v2\/comments?post=3247"}],"version-history":[{"count":10,"href":"https:\/\/aitia.fr\/erd\/wp-json\/wp\/v2\/posts\/3247\/revisions"}],"predecessor-version":[{"id":13594,"href":"https:\/\/aitia.fr\/erd\/wp-json\/wp\/v2\/posts\/3247\/revisions\/13594"}],"wp:attachment":[{"href":"https:\/\/aitia.fr\/erd\/wp-json\/wp\/v2\/media?parent=3247"}],"wp:term":[{"taxonomy":"category","embeddable":true,"href":"https:\/\/aitia.fr\/erd\/wp-json\/wp\/v2\/categories?post=3247"},{"taxonomy":"post_tag","embeddable":true,"href":"https:\/\/aitia.fr\/erd\/wp-json\/wp\/v2\/tags?post=3247"}],"curies":[{"name":"wp","href":"https:\/\/api.w.org\/{rel}","templated":true}]}}