{"id":3136,"date":"2015-07-07T16:16:45","date_gmt":"2015-07-07T14:16:45","guid":{"rendered":"https:\/\/aitia.fr\/erd\/?p=3136"},"modified":"2015-07-07T16:17:43","modified_gmt":"2015-07-07T14:17:43","slug":"derriere-la-dette-grecque-reseau-voltaire","status":"publish","type":"post","link":"https:\/\/aitia.fr\/erd\/derriere-la-dette-grecque-reseau-voltaire\/","title":{"rendered":"Derri\u00e8re la dette grecque (R\u00e9seau Voltaire)"},"content":{"rendered":"<div id=\"attachment_3142\" style=\"width: 310px\" class=\"wp-caption alignleft\"><a href=\"https:\/\/www.youtube.com\/watch?v=kR8DRBZ-wrw\" target=\"_blank\"><img aria-describedby=\"caption-attachment-3142\" decoding=\"async\" loading=\"lazy\" class=\"wp-image-3142 size-medium\" src=\"https:\/\/aitia.fr\/erd\/wp-content\/uploads\/2015\/07\/Hallstein-e1436277640884-300x209.png\" alt=\"Walter Hallstein, premier pr\u00e9sident de la Commission Europ\u00e9enne\" width=\"300\" height=\"209\" srcset=\"https:\/\/aitia.fr\/erd\/wp-content\/uploads\/2015\/07\/Hallstein-e1436277640884-300x209.png 300w, https:\/\/aitia.fr\/erd\/wp-content\/uploads\/2015\/07\/Hallstein-e1436277640884-600x419.png 600w, https:\/\/aitia.fr\/erd\/wp-content\/uploads\/2015\/07\/Hallstein-e1436277640884.png 679w\" sizes=\"(max-width: 300px) 100vw, 300px\" \/><\/a><p id=\"caption-attachment-3142\" class=\"wp-caption-text\">Walter Hallstein, premier pr\u00e9sident<br \/> de la Commission Europ\u00e9enne<\/p><\/div>\n<p style=\"text-align: justify;\">Le d\u00e9bat actuel sur la dette grecque a donn\u00e9 lieu \u00e0 toutes sortes de menaces, d\u2019abord contre le gouvernement Ts\u00edpras, puis contre les \u00e9lecteurs grecs. S\u2019abstenant d\u2019entrer dans une discussion sur la partie odieuse de cette dette, Thierry Meyssan observe la campagne internationale contre la sortie de la Gr\u00e8ce de la zone euro. Il met en lumi\u00e8re le projet historique de l\u2019Union et de l\u2019euro, tel que formul\u00e9 en 1946 par Churchill et Truman, pour conclure que la Gr\u00e8ce est aujourd\u2019hui pi\u00e9g\u00e9e par l\u2019environnement g\u00e9opolitique international et non pas par sa situation \u00e9conomique.<\/p>\n<p style=\"text-align: justify;\"><a href=\"https:\/\/www.voltairenet.org\/article188044.html\" target=\"_blank\">Continuer la lecture sur Voltairenet.org \u27f6<\/a><\/p>\n<blockquote>\n<p style=\"text-align: justify;\"><strong><em>L\u2019Union a \u00e9t\u00e9 con\u00e7ue par les Anglo-Saxons, avec d\u2019anciens nazis, contre l\u2019URSS. Elle soutient aujourd\u2019hui le gouvernement ukrainien, nazis inclus, et a d\u00e9clar\u00e9 la guerre \u00e9conomique \u00e0 la Russie en la parant du nom de \u00ab\u00a0sanctions\u00a0\u00bb.<\/em><\/strong><\/p>\n<p style=\"text-align: justify;\">\n<\/blockquote>\n<p><\/p>\n","protected":false},"excerpt":{"rendered":"<p>Le d\u00e9bat actuel sur la dette grecque a donn\u00e9 lieu \u00e0 toutes sortes de menaces, d\u2019abord contre le gouvernement Ts\u00edpras, puis contre les \u00e9lecteurs grecs. S\u2019abstenant d\u2019entrer dans une discussion sur la partie odieuse de cette dette, Thierry Meyssan observe la campagne internationale contre la sortie de la Gr\u00e8ce de la zone euro. Il met [&hellip;]<\/p>\n","protected":false},"author":1,"featured_media":0,"comment_status":"open","ping_status":"open","sticky":false,"template":"","format":"standard","meta":[],"categories":[4,134,3],"tags":[156,169,155,12,167],"_links":{"self":[{"href":"https:\/\/aitia.fr\/erd\/wp-json\/wp\/v2\/posts\/3136"}],"collection":[{"href":"https:\/\/aitia.fr\/erd\/wp-json\/wp\/v2\/posts"}],"about":[{"href":"https:\/\/aitia.fr\/erd\/wp-json\/wp\/v2\/types\/post"}],"author":[{"embeddable":true,"href":"https:\/\/aitia.fr\/erd\/wp-json\/wp\/v2\/users\/1"}],"replies":[{"embeddable":true,"href":"https:\/\/aitia.fr\/erd\/wp-json\/wp\/v2\/comments?post=3136"}],"version-history":[{"count":10,"href":"https:\/\/aitia.fr\/erd\/wp-json\/wp\/v2\/posts\/3136\/revisions"}],"predecessor-version":[{"id":3151,"href":"https:\/\/aitia.fr\/erd\/wp-json\/wp\/v2\/posts\/3136\/revisions\/3151"}],"wp:attachment":[{"href":"https:\/\/aitia.fr\/erd\/wp-json\/wp\/v2\/media?parent=3136"}],"wp:term":[{"taxonomy":"category","embeddable":true,"href":"https:\/\/aitia.fr\/erd\/wp-json\/wp\/v2\/categories?post=3136"},{"taxonomy":"post_tag","embeddable":true,"href":"https:\/\/aitia.fr\/erd\/wp-json\/wp\/v2\/tags?post=3136"}],"curies":[{"name":"wp","href":"https:\/\/api.w.org\/{rel}","templated":true}]}}