{"id":3118,"date":"2015-06-28T13:55:55","date_gmt":"2015-06-28T11:55:55","guid":{"rendered":"https:\/\/aitia.fr\/erd\/?p=3118"},"modified":"2019-04-25T21:04:08","modified_gmt":"2019-04-25T19:04:08","slug":"tyrannie-europeenne-jacques-sapir","status":"publish","type":"post","link":"https:\/\/aitia.fr\/erd\/tyrannie-europeenne-jacques-sapir\/","title":{"rendered":"Tyrannie europ\u00e9enne ? (Jacques Sapir)"},"content":{"rendered":"<p style=\"text-align: justify;\"><a href=\"https:\/\/web.archive.org\/web\/20190321043336\/https:\/\/www.upr.fr\/aider\/affiches\/\" target=\"_blank\" rel=\"noopener noreferrer\"><img decoding=\"async\" loading=\"lazy\" class=\"alignleft wp-image-3120 size-medium\" src=\"https:\/\/aitia.fr\/erd\/wp-content\/uploads\/2015\/06\/UE-300x225.jpg\" alt=\"UE\" width=\"300\" height=\"225\" srcset=\"https:\/\/aitia.fr\/erd\/wp-content\/uploads\/2015\/06\/UE-300x225.jpg 300w, https:\/\/aitia.fr\/erd\/wp-content\/uploads\/2015\/06\/UE-600x450.jpg 600w, https:\/\/aitia.fr\/erd\/wp-content\/uploads\/2015\/06\/UE.jpg 706w\" sizes=\"(max-width: 300px) 100vw, 300px\" \/><\/a> Alexis Tsipras avait d\u00e9cid\u00e9 de convoquer un r\u00e9f\u00e9rendum le 5 juillet, demandant au peuple souverain de trancher dans le diff\u00e9rent qui l\u2019oppose aux cr\u00e9anciers de la Gr\u00e8ce. Il avait pris cette d\u00e9cision devant les menaces, les pressions, et les ultimatums auxquels il avait \u00e9t\u00e9 confront\u00e9 durant les derniers jours de la n\u00e9gociation avec ce que l\u2019on appelle la \u00ab\u00a0Tro\u00efka\u00a0\u00bb, soit la Banque Centrale Europ\u00e9enne, la Commission Europ\u00e9enne et le Fond Mon\u00e9taire International. Ce faisant, et dans un geste que l\u2019on peut qualifier de \u00ab\u00a0gaullien\u00a0\u00bb, il avait d\u00e9lib\u00e9r\u00e9ment renvoy\u00e9 au domaine politique une n\u00e9gociation que les partenaires de la \u00ab\u00a0Tro\u00efka\u00a0\u00bb voulaient maintenir dans le domaine technique et comptable. Ce geste \u00e0 provoqu\u00e9 une r\u00e9action de l\u2019Eurogroupe d\u2019une extr\u00eame gravit\u00e9. Nous sommes en pr\u00e9sence d\u2019un v\u00e9ritable abus de pouvoir qui a \u00e9t\u00e9 commis ce 27 juin dans l\u2019apr\u00e8s-midi, quand l\u2019Eurogroupe a d\u00e9cid\u00e9 de tenir une r\u00e9union <em>sans<\/em> la Gr\u00e8ce. Ce qui se joue d\u00e9sormais n\u2019est plus seulement la question du devenir \u00e9conomique de la Gr\u00e8ce. C\u2019est la question de l\u2019Union europ\u00e9enne, et de la tyrannie de la Commission et du Conseil, qui est ouvertement pos\u00e9e.<\/p>\n<p style=\"text-align: justify;\"><a href=\"https:\/\/russeurope.hypotheses.org\/4019\" target=\"_blank\" rel=\"noopener noreferrer\">Continuer la lecture sur RussEurope \u2192<\/a><\/p>\n","protected":false},"excerpt":{"rendered":"<p>Alexis Tsipras avait d\u00e9cid\u00e9 de convoquer un r\u00e9f\u00e9rendum le 5 juillet, demandant au peuple souverain de trancher dans le diff\u00e9rent qui l\u2019oppose aux cr\u00e9anciers de la Gr\u00e8ce. Il avait pris cette d\u00e9cision devant les menaces, les pressions, et les ultimatums auxquels il avait \u00e9t\u00e9 confront\u00e9 durant les derniers jours de la n\u00e9gociation avec ce que [&hellip;]<\/p>\n","protected":false},"author":1,"featured_media":0,"comment_status":"open","ping_status":"open","sticky":false,"template":"","format":"standard","meta":[],"categories":[4,134],"tags":[50,126,169],"_links":{"self":[{"href":"https:\/\/aitia.fr\/erd\/wp-json\/wp\/v2\/posts\/3118"}],"collection":[{"href":"https:\/\/aitia.fr\/erd\/wp-json\/wp\/v2\/posts"}],"about":[{"href":"https:\/\/aitia.fr\/erd\/wp-json\/wp\/v2\/types\/post"}],"author":[{"embeddable":true,"href":"https:\/\/aitia.fr\/erd\/wp-json\/wp\/v2\/users\/1"}],"replies":[{"embeddable":true,"href":"https:\/\/aitia.fr\/erd\/wp-json\/wp\/v2\/comments?post=3118"}],"version-history":[{"count":6,"href":"https:\/\/aitia.fr\/erd\/wp-json\/wp\/v2\/posts\/3118\/revisions"}],"predecessor-version":[{"id":12812,"href":"https:\/\/aitia.fr\/erd\/wp-json\/wp\/v2\/posts\/3118\/revisions\/12812"}],"wp:attachment":[{"href":"https:\/\/aitia.fr\/erd\/wp-json\/wp\/v2\/media?parent=3118"}],"wp:term":[{"taxonomy":"category","embeddable":true,"href":"https:\/\/aitia.fr\/erd\/wp-json\/wp\/v2\/categories?post=3118"},{"taxonomy":"post_tag","embeddable":true,"href":"https:\/\/aitia.fr\/erd\/wp-json\/wp\/v2\/tags?post=3118"}],"curies":[{"name":"wp","href":"https:\/\/api.w.org\/{rel}","templated":true}]}}