{"id":3067,"date":"2015-06-26T21:17:33","date_gmt":"2015-06-26T19:17:33","guid":{"rendered":"https:\/\/aitia.fr\/erd\/?p=3067"},"modified":"2015-06-26T15:18:32","modified_gmt":"2015-06-26T13:18:32","slug":"complotiste-er","status":"publish","type":"post","link":"https:\/\/aitia.fr\/erd\/complotiste-er\/","title":{"rendered":"Complotiste ! (E&#038;R)"},"content":{"rendered":"<p style=\"text-align: justify;\"><a href=\"https:\/\/aitia.fr\/erd\/wp-content\/uploads\/2015\/06\/Obama-Netanyahou.jpg\"><img decoding=\"async\" loading=\"lazy\" class=\"alignleft size-full wp-image-3068\" src=\"https:\/\/aitia.fr\/erd\/wp-content\/uploads\/2015\/06\/Obama-Netanyahou.jpg\" alt=\"Obama-Netanyahou\" width=\"250\" height=\"258\" \/><\/a><strong>\u00ab\u00a0<i>Six juifs assis \u00e0 la Maison Blanche\u00a0discutent de l\u2019\u00c9tat palestinien<\/i>\u00a0\u00bb\u00a0: c\u2019est ainsi que Michael Oren, ancien ambassadeur d\u2019Isra\u00ebl aux \u00c9tats-Unis (2009-2013) a r\u00e9cemment d\u00e9crit les discussions sur le Proche-Orient aux \u00c9tats-Unis.<\/strong><\/p>\n<p style=\"text-align: justify;\">Interrog\u00e9 le 21 juin au 92nd Street Y, le centre communautaire juif new-yorkais, Michael Oren a qualifi\u00e9 d\u2019\u00ab\u00a0<i>immense<\/i>\u00a0\u00bb la \u00ab\u00a0<i>profondeur avec laquelle les juifs, les juifs am\u00e9ricains, ont \u00e9t\u00e9 impliqu\u00e9s dans l\u2019\u00e9laboration des politiques, et pas seulement dans cette administration<\/i> [Obama, NDLR], <i>mais m\u00eame dans l\u2019administration pr\u00e9c\u00e9dente<\/i>\u00a0\u00bb.<\/p>\n<p style=\"text-align: justify;\"><a href=\"https:\/\/www.egaliteetreconciliation.fr\/Michael-Oren-ancien-ambassadeur-d-Israel-aux-Etats-Unis-se-confie-sur-la-toute-puissance-du-lobby-33671.html\" target=\"_blank\">Continuer la lecture sur \u00c9galit\u00e9 et R\u00e9conciliation \u2192<\/a><\/p>\n","protected":false},"excerpt":{"rendered":"<p>\u00ab\u00a0Six juifs assis \u00e0 la Maison Blanche\u00a0discutent de l\u2019\u00c9tat palestinien\u00a0\u00bb\u00a0: c\u2019est ainsi que Michael Oren, ancien ambassadeur d\u2019Isra\u00ebl aux \u00c9tats-Unis (2009-2013) a r\u00e9cemment d\u00e9crit les discussions sur le Proche-Orient aux \u00c9tats-Unis. Interrog\u00e9 le 21 juin au 92nd Street Y, le centre communautaire juif new-yorkais, Michael Oren a qualifi\u00e9 d\u2019\u00ab\u00a0immense\u00a0\u00bb la \u00ab\u00a0profondeur avec laquelle les juifs, [&hellip;]<\/p>\n","protected":false},"author":1,"featured_media":0,"comment_status":"open","ping_status":"open","sticky":false,"template":"","format":"standard","meta":[],"categories":[1],"tags":[],"_links":{"self":[{"href":"https:\/\/aitia.fr\/erd\/wp-json\/wp\/v2\/posts\/3067"}],"collection":[{"href":"https:\/\/aitia.fr\/erd\/wp-json\/wp\/v2\/posts"}],"about":[{"href":"https:\/\/aitia.fr\/erd\/wp-json\/wp\/v2\/types\/post"}],"author":[{"embeddable":true,"href":"https:\/\/aitia.fr\/erd\/wp-json\/wp\/v2\/users\/1"}],"replies":[{"embeddable":true,"href":"https:\/\/aitia.fr\/erd\/wp-json\/wp\/v2\/comments?post=3067"}],"version-history":[{"count":2,"href":"https:\/\/aitia.fr\/erd\/wp-json\/wp\/v2\/posts\/3067\/revisions"}],"predecessor-version":[{"id":3070,"href":"https:\/\/aitia.fr\/erd\/wp-json\/wp\/v2\/posts\/3067\/revisions\/3070"}],"wp:attachment":[{"href":"https:\/\/aitia.fr\/erd\/wp-json\/wp\/v2\/media?parent=3067"}],"wp:term":[{"taxonomy":"category","embeddable":true,"href":"https:\/\/aitia.fr\/erd\/wp-json\/wp\/v2\/categories?post=3067"},{"taxonomy":"post_tag","embeddable":true,"href":"https:\/\/aitia.fr\/erd\/wp-json\/wp\/v2\/tags?post=3067"}],"curies":[{"name":"wp","href":"https:\/\/api.w.org\/{rel}","templated":true}]}}