{"id":3052,"date":"2015-06-24T13:57:16","date_gmt":"2015-06-24T11:57:16","guid":{"rendered":"https:\/\/aitia.fr\/erd\/?p=3052"},"modified":"2017-01-29T21:18:19","modified_gmt":"2017-01-29T20:18:19","slug":"cest-par-ou-la-sortie","status":"publish","type":"post","link":"https:\/\/aitia.fr\/erd\/cest-par-ou-la-sortie\/","title":{"rendered":"C&#8217;est par o\u00f9 la sortie ?"},"content":{"rendered":"<p style=\"text-align: justify;\"><a href=\"https:\/\/aitia.fr\/erd\/wp-content\/uploads\/2015\/06\/ToutesAutresDirections_r.jpg\"><img decoding=\"async\" loading=\"lazy\" class=\"alignleft size-medium wp-image-3053\" src=\"https:\/\/aitia.fr\/erd\/wp-content\/uploads\/2015\/06\/ToutesAutresDirections_r-300x209.jpg\" alt=\"ToutesAutresDirections_r\" width=\"300\" height=\"209\" srcset=\"https:\/\/aitia.fr\/erd\/wp-content\/uploads\/2015\/06\/ToutesAutresDirections_r-300x209.jpg 300w, https:\/\/aitia.fr\/erd\/wp-content\/uploads\/2015\/06\/ToutesAutresDirections_r.jpg 473w\" sizes=\"(max-width: 300px) 100vw, 300px\" \/><\/a>Si la gauche d\u00e9sesp\u00e8re autant que la droite, qu&#8217;on ne veut pas d&#8217;un retour en arri\u00e8re ni d&#8217;une fuite en avant, et que faire l&#8217;autruche n&#8217;est pas une solution, c&#8217;est peut-\u00eatre qu&#8217;il faut s&#8217;en sortir par le haut ?<\/p>\n<p style=\"text-align: justify;\">M\u00e9ditons quelques mots clairs et bien sentis de <a href=\"https:\/\/web.archive.org\/web\/20160301114808\/https:\/\/www.scriptoblog.com:80\/index.php\/auteurs\/lucien-cerise\" target=\"_blank\">Lucien Cerise<\/a>, qui a longuement \u00e9tudi\u00e9 <a href=\"https:\/\/www.youtube.com\/watch?v=EKcbYikD364\" target=\"_blank\">l&#8217;ing\u00e9nierie sociale<\/a>, c&#8217;est-\u00e0-dire la manipulation des masses\u00a0via leurs faiblesses cognitives par les oligarchies gouvernantes et pr\u00e9datrices. Son discours est une abstraction au sens litt\u00e9ral du terme : qui permet de se d\u00e9tacher d&#8217;une r\u00e9alit\u00e9 trop aveuglante pour la mettre \u00e0 distance, afin de mieux la comprendre et d&#8217;agir sur elle.<\/p>\n<p style=\"text-align: justify;\"><a href=\"https:\/\/web.archive.org\/web\/20150630193634\/https:\/\/www.scriptoblog.com:80\/index.php\/archives\/actu-videos-auteurs\/140-entretiens\/1704-trois-questions-a-lucien-cerise-1-3\" target=\"_blank\">Continuer la lecture sur Scriptoblog \u2192<\/a><\/p>\n","protected":false},"excerpt":{"rendered":"<p>Si la gauche d\u00e9sesp\u00e8re autant que la droite, qu&#8217;on ne veut pas d&#8217;un retour en arri\u00e8re ni d&#8217;une fuite en avant, et que faire l&#8217;autruche n&#8217;est pas une solution, c&#8217;est peut-\u00eatre qu&#8217;il faut s&#8217;en sortir par le haut ? M\u00e9ditons quelques mots clairs et bien sentis de Lucien Cerise, qui a longuement \u00e9tudi\u00e9 l&#8217;ing\u00e9nierie sociale, [&hellip;]<\/p>\n","protected":false},"author":1,"featured_media":0,"comment_status":"open","ping_status":"open","sticky":false,"template":"","format":"standard","meta":[],"categories":[134,3],"tags":[229,20,118],"_links":{"self":[{"href":"https:\/\/aitia.fr\/erd\/wp-json\/wp\/v2\/posts\/3052"}],"collection":[{"href":"https:\/\/aitia.fr\/erd\/wp-json\/wp\/v2\/posts"}],"about":[{"href":"https:\/\/aitia.fr\/erd\/wp-json\/wp\/v2\/types\/post"}],"author":[{"embeddable":true,"href":"https:\/\/aitia.fr\/erd\/wp-json\/wp\/v2\/users\/1"}],"replies":[{"embeddable":true,"href":"https:\/\/aitia.fr\/erd\/wp-json\/wp\/v2\/comments?post=3052"}],"version-history":[{"count":6,"href":"https:\/\/aitia.fr\/erd\/wp-json\/wp\/v2\/posts\/3052\/revisions"}],"predecessor-version":[{"id":8215,"href":"https:\/\/aitia.fr\/erd\/wp-json\/wp\/v2\/posts\/3052\/revisions\/8215"}],"wp:attachment":[{"href":"https:\/\/aitia.fr\/erd\/wp-json\/wp\/v2\/media?parent=3052"}],"wp:term":[{"taxonomy":"category","embeddable":true,"href":"https:\/\/aitia.fr\/erd\/wp-json\/wp\/v2\/categories?post=3052"},{"taxonomy":"post_tag","embeddable":true,"href":"https:\/\/aitia.fr\/erd\/wp-json\/wp\/v2\/tags?post=3052"}],"curies":[{"name":"wp","href":"https:\/\/api.w.org\/{rel}","templated":true}]}}