{"id":3036,"date":"2015-06-23T16:22:22","date_gmt":"2015-06-23T14:22:22","guid":{"rendered":"https:\/\/aitia.fr\/erd\/?p=3036"},"modified":"2016-12-15T11:17:39","modified_gmt":"2016-12-15T10:17:39","slug":"extreme-droite-ou-extreme-droiture-larmurerie","status":"publish","type":"post","link":"https:\/\/aitia.fr\/erd\/extreme-droite-ou-extreme-droiture-larmurerie\/","title":{"rendered":"Extr\u00eame droite ou extr\u00eame droiture ? (L&#8217;armurerie)"},"content":{"rendered":"<p style=\"text-align: justify;\"><a href=\"https:\/\/www.youtube.com\/watch?v=UpHGtz0xlK0\" target=\"_blank\"><img decoding=\"async\" loading=\"lazy\" class=\"alignleft wp-image-3048 \" src=\"https:\/\/aitia.fr\/erd\/wp-content\/uploads\/2015\/06\/la-gauche-du-capital-211x300.jpg\" alt=\"la gauche du capital\" width=\"178\" height=\"253\" srcset=\"https:\/\/aitia.fr\/erd\/wp-content\/uploads\/2015\/06\/la-gauche-du-capital-211x300.jpg 211w, https:\/\/aitia.fr\/erd\/wp-content\/uploads\/2015\/06\/la-gauche-du-capital-720x1024.jpg 720w, https:\/\/aitia.fr\/erd\/wp-content\/uploads\/2015\/06\/la-gauche-du-capital-600x853.jpg 600w, https:\/\/aitia.fr\/erd\/wp-content\/uploads\/2015\/06\/la-gauche-du-capital.jpg 876w\" sizes=\"(max-width: 178px) 100vw, 178px\" \/><\/a>Production tr\u00e8s importante de <a href=\"https:\/\/web.archive.org\/web\/20160417030015\/https:\/\/www.charles-robin.com\/\" target=\"_blank\">Charles Robin<\/a>\u00a0\u00e0 propos de sa proximit\u00e9 suppos\u00e9e avec ce qu\u2019il est convenu d\u2019appeler \u00ab\u00a0l\u2019extr\u00eame droite\u00a0\u00bb. <strong>Extr\u00eame droiture plut\u00f4t<\/strong> d\u2019un bonhomme du m\u00eame \u00e2ge que ma pomme que je rejoins plut\u00f4t 6 millions de fois qu\u2019une dans son \u00e9loge de la dignit\u00e9 et de l\u2019autonomie. Antifas, prenez votre le\u00e7on !<\/p>\n<p>Continuer la lecture sur L&#8217;armurerie \u2192<\/p>\n<p>&nbsp;<\/p>\n","protected":false},"excerpt":{"rendered":"<p>Production tr\u00e8s importante de Charles Robin\u00a0\u00e0 propos de sa proximit\u00e9 suppos\u00e9e avec ce qu\u2019il est convenu d\u2019appeler \u00ab\u00a0l\u2019extr\u00eame droite\u00a0\u00bb. Extr\u00eame droiture plut\u00f4t d\u2019un bonhomme du m\u00eame \u00e2ge que ma pomme que je rejoins plut\u00f4t 6 millions de fois qu\u2019une dans son \u00e9loge de la dignit\u00e9 et de l\u2019autonomie. Antifas, prenez votre le\u00e7on ! Continuer la [&hellip;]<\/p>\n","protected":false},"author":1,"featured_media":0,"comment_status":"open","ping_status":"open","sticky":false,"template":"","format":"standard","meta":[],"categories":[134,9],"tags":[],"_links":{"self":[{"href":"https:\/\/aitia.fr\/erd\/wp-json\/wp\/v2\/posts\/3036"}],"collection":[{"href":"https:\/\/aitia.fr\/erd\/wp-json\/wp\/v2\/posts"}],"about":[{"href":"https:\/\/aitia.fr\/erd\/wp-json\/wp\/v2\/types\/post"}],"author":[{"embeddable":true,"href":"https:\/\/aitia.fr\/erd\/wp-json\/wp\/v2\/users\/1"}],"replies":[{"embeddable":true,"href":"https:\/\/aitia.fr\/erd\/wp-json\/wp\/v2\/comments?post=3036"}],"version-history":[{"count":8,"href":"https:\/\/aitia.fr\/erd\/wp-json\/wp\/v2\/posts\/3036\/revisions"}],"predecessor-version":[{"id":7937,"href":"https:\/\/aitia.fr\/erd\/wp-json\/wp\/v2\/posts\/3036\/revisions\/7937"}],"wp:attachment":[{"href":"https:\/\/aitia.fr\/erd\/wp-json\/wp\/v2\/media?parent=3036"}],"wp:term":[{"taxonomy":"category","embeddable":true,"href":"https:\/\/aitia.fr\/erd\/wp-json\/wp\/v2\/categories?post=3036"},{"taxonomy":"post_tag","embeddable":true,"href":"https:\/\/aitia.fr\/erd\/wp-json\/wp\/v2\/tags?post=3036"}],"curies":[{"name":"wp","href":"https:\/\/api.w.org\/{rel}","templated":true}]}}