{"id":2925,"date":"2015-06-10T22:41:31","date_gmt":"2015-06-10T20:41:31","guid":{"rendered":"https:\/\/aitia.fr\/erd\/?p=2925"},"modified":"2020-06-09T19:05:04","modified_gmt":"2020-06-09T17:05:04","slug":"le-ridicule-ne-tue-pas-la-preuve-par-jakubowicz","status":"publish","type":"post","link":"https:\/\/aitia.fr\/erd\/le-ridicule-ne-tue-pas-la-preuve-par-jakubowicz\/","title":{"rendered":"Le ridicule ne tue pas : la preuve par Jakubowicz"},"content":{"rendered":"<div id=\"attachment_2926\" style=\"width: 250px\" class=\"wp-caption alignleft\"><a href=\"https:\/\/fr.wikipedia.org\/wiki\/Le_Tartuffe_ou_l%27Imposteur\" target=\"_blank\" rel=\"noopener noreferrer\"><img aria-describedby=\"caption-attachment-2926\" decoding=\"async\" loading=\"lazy\" class=\"wp-image-2926\" src=\"https:\/\/aitia.fr\/erd\/wp-content\/uploads\/2015\/06\/Tartuffe_Brissart_Sauve.jpg\" alt=\"Tartuffe\" width=\"240\" height=\"400\" srcset=\"https:\/\/aitia.fr\/erd\/wp-content\/uploads\/2015\/06\/Tartuffe_Brissart_Sauve.jpg 360w, https:\/\/aitia.fr\/erd\/wp-content\/uploads\/2015\/06\/Tartuffe_Brissart_Sauve-180x300.jpg 180w\" sizes=\"(max-width: 240px) 100vw, 240px\" \/><\/a><p id=\"caption-attachment-2926\" class=\"wp-caption-text\">Alain, Elmire, Orgon<\/p><\/div>\n<p style=\"text-align: justify;\">Le mur du \u00e7on vient d&#8217;\u00eatre franchi avec grand fracas par Alain Jakubowicz, lundi 8 juin 2015, qui a cru bon de <a href=\"https:\/\/twitter.com\/JakubowiczA\/status\/607982686679015424\/photo\/1\" target=\"_blank\" rel=\"noopener noreferrer\">d\u00e9noncer<\/a> la banderole affreusement raciste des &#8220;F\u00eates de la N\u00e9gresse&#8221; \u00e0 Biarritz. Sauf que <em>La N\u00e9gresse<\/em> est un quartier de Biarritz &#8211; comme <em>Villejuif<\/em> est une commune de l&#8217;agglom\u00e9ration parisienne, par exemple.<\/p>\n<p style=\"text-align: justify;\">En outre, le nom de ce quartier ne doit rien \u00e0 une noire mais \u00e0 une tenanci\u00e8re d&#8217;auberge tr\u00e8s brune que les soldats de Napol\u00e9on Ier avaient surnomm\u00e9 ainsi, comme <a href=\"https:\/\/www.sudouest.fr\/2015\/06\/10\/biarritz-faut-il-debaptiser-le-quartier-de-la-negresse-1947100-4099.php\" target=\"_blank\" rel=\"noopener noreferrer\">l&#8217;explique la municipalit\u00e9<\/a> :<\/p>\n<p style=\"text-align: justify;\">\u00ab <em>\u00c0 l&#8217;origine, ce quartier de Biarritz s&#8217;appelait le quartier Harausta. Au d\u00e9but du XIXe si\u00e8cle, on trouvait dans ce quartier un peu excentr\u00e9 une auberge, l&#8217;auberge Harausta. Elle \u00e9tait tenue par une femme tr\u00e8s brune, sans doute d&#8217;origine mauresque, que les soldats de Napol\u00e9on Ier, de passage lors des combats de 1813, avaient surnomm\u00e9e \u2018\u2018La N\u00e9gresse&#8221;. Le nom est rest\u00e9 au quartier. C&#8217;est par un vote du Conseil municipal de Biarritz du 1er juillet 1986 que la nouvelle voie desservant la zone artisanale fut d\u00e9nomm\u00e9e rue de La N\u00e9gresse<\/em>. \u00bb<\/p>\n<p style=\"text-align: justify;\">Mais il ne fait pas de doute que pour justifier ses subventions abondamment pr\u00e9lev\u00e9es sur nos imp\u00f4ts, la LICRA se devait, par son pr\u00e9sident omniscient et omnipotent, de partir en guerre s\u00e9ance tenante contre ces banderoles naus\u00e9abondes rappelant l\u00e9zeurl\u00e9plussombres de notre histoire. Il n&#8217;y a de toute \u00e9vidence rien de plus urgent. \u00c0 moins que ?&#8230;<\/p>\n<p style=\"text-align: justify;\"><!--more--><\/p>\n<p style=\"text-align: justify;\">R\u00e9cemment, sans trop d&#8217;illusions mais avec un esprit joueur, je signalai \u00e0 la LICRA, \u00e0 l&#8217;aide du <a href=\"https:\/\/web.archive.org\/web\/20151008040438\/https:\/\/www.licra.org:80\/node\/45\" target=\"_blank\" rel=\"noopener noreferrer\">formulaire <\/a>ad\u00e9quat, des contenus racistes et particuli\u00e8rement haineux, puisque proposant rien de moins que le g\u00e9nocide nucl\u00e9aire de 80 millions d&#8217;hommes, de femmes et d&#8217;enfants (les Iraniens), et d\u00e9signant les musulmans dans leur ensemble comme un ennemi \u00e0 abattre (en faisant au passage la confusion habituelle des ignorants entre musulmans et Arabes). Je re\u00e7us m\u00eame, peu apr\u00e8s, un accus\u00e9 de r\u00e9ception m&#8217;informant que le service juridique de la LICRA prenait au s\u00e9rieux ce d\u00e9lit et me remerciait de l&#8217;avoir signal\u00e9 :<\/p>\n<p style=\"text-align: justify;\"><a href=\"https:\/\/aitia.fr\/erd\/wp-content\/uploads\/2015\/06\/LICRA-AR.png\"><img decoding=\"async\" loading=\"lazy\" class=\"aligncenter wp-image-2930\" src=\"https:\/\/aitia.fr\/erd\/wp-content\/uploads\/2015\/06\/LICRA-AR.png\" alt=\"accus\u00e9 de r\u00e9ception de la LICRA\" width=\"600\" height=\"381\" srcset=\"https:\/\/aitia.fr\/erd\/wp-content\/uploads\/2015\/06\/LICRA-AR.png 835w, https:\/\/aitia.fr\/erd\/wp-content\/uploads\/2015\/06\/LICRA-AR-300x190.png 300w, https:\/\/aitia.fr\/erd\/wp-content\/uploads\/2015\/06\/LICRA-AR-600x381.png 600w\" sizes=\"(max-width: 600px) 100vw, 600px\" \/><\/a><\/p>\n<p style=\"text-align: justify;\">D&#8217;o\u00f9 venait ce d\u00e9ferlement de haine raciste (et d&#8217;ignorance, les deux faisant g\u00e9n\u00e9ralement bon m\u00e9nage) ? Du <a href=\"https:\/\/web.archive.org\/web\/20151209033329\/https:\/\/www.likoud.fr\/index.php?option=com_frontpage&amp;Itemid=1\" target=\"_blank\" rel=\"noopener noreferrer\">site fran\u00e7ais du Likoud<\/a>, le parti actuellement au pouvoir en Isra\u00ebl, ce pays merveilleusement progressiste dont l&#8217;arm\u00e9e est la plus morale du monde. Ce sont m\u00eame les deux premiers articles du site, je n&#8217;ai pas eu \u00e0 chercher bien loin :<\/p>\n<ul>\n<li style=\"text-align: justify;\"><a href=\"https:\/\/web.archive.org\/web\/20160201151256\/https:\/\/www.likoud.fr\/index.php?option=com_content&amp;task=view&amp;id=81\" target=\"_blank\" rel=\"noopener noreferrer\">Vitrifier l&#8217;Iran&#8230;<\/a><\/li>\n<li style=\"text-align: justify;\"><a href=\"https:\/\/web.archive.org\/web\/20160201131922\/https:\/\/www.likoud.fr\/index.php?option=com_content&amp;task=view&amp;id=80\" target=\"_blank\" rel=\"noopener noreferrer\">Islam : voil\u00e0 l&#8217;ennemi&#8230;<\/a><\/li>\n<\/ul>\n<p style=\"text-align: justify;\">Le psychopathe auteur de ces deux immondices est Jacques Kupfer, citoyen franco-isra\u00e9lien, dont j&#8217;avais d\u00e9j\u00e0 parl\u00e9 <a href=\"https:\/\/aitia.fr\/erd\/qui-a-dit-n4\/\" target=\"_blank\" rel=\"noopener noreferrer\">ici<\/a>. Aux derni\u00e8res nouvelles, il serait toujours libre. Mais que fait la LICRA, cette association si morale dont le <a href=\"https:\/\/web.archive.org\/web\/20150318103005\/https:\/\/www.licra.org:80\/fr\/bureau-executif2\" target=\"_blank\" rel=\"noopener noreferrer\">bureau ex\u00e9cutif<\/a> est \u00e0 lui seul un exemple en mati\u00e8re de mixit\u00e9 ethnique et sociale ?<\/p>\n<p style=\"text-align: justify;\">L&#8217;imagination fertile d&#8217;Alain Jakubowicz ne se limite pas aux n\u00e9gresses, fussent-elles de sobriquet ; on se rappelle qu&#8217;il avait le 9 septembre 2013 envoy\u00e9 <a href=\"https:\/\/aitia.fr\/erd\/wp-content\/uploads\/2015\/06\/Lettre-Jean-YvesLeDrian.pdf\" target=\"_blank\" rel=\"noopener noreferrer\">par courrier<\/a> \u00e0 Jean-Yves Le Drian, ministre de la d\u00e9fense, <span style=\"color: #ff0000;\"><em>sa<\/em><\/span> d\u00e9finition &#8211; particuli\u00e8rement perverse et scatologique, en plus d&#8217;\u00eatre <a href=\"https:\/\/www.youtube.com\/watch?v=LNQeLzRgCNI\" target=\"_blank\" rel=\"noopener noreferrer\">totalement mensong\u00e8re<\/a> &#8211; du geste de la &#8220;quenelle&#8221; popularis\u00e9 par Dieudonn\u00e9.<\/p>\n<div id=\"attachment_2938\" style=\"width: 387px\" class=\"wp-caption aligncenter\"><a href=\"https:\/\/web.archive.org\/web\/20150318103005\/https:\/\/www.licra.org:80\/fr\/bureau-executif2\" target=\"_blank\" rel=\"noopener noreferrer\"><img aria-describedby=\"caption-attachment-2938\" decoding=\"async\" loading=\"lazy\" class=\"wp-image-2938 size-full\" src=\"https:\/\/aitia.fr\/erd\/wp-content\/uploads\/2015\/06\/Philippe-Kenel-LICRA-Suisse-e1433968633777.png\" alt=\"Philippe Kenel LICRA Suisse\" width=\"377\" height=\"193\" srcset=\"https:\/\/aitia.fr\/erd\/wp-content\/uploads\/2015\/06\/Philippe-Kenel-LICRA-Suisse-e1433968633777.png 377w, https:\/\/aitia.fr\/erd\/wp-content\/uploads\/2015\/06\/Philippe-Kenel-LICRA-Suisse-e1433968633777-300x154.png 300w\" sizes=\"(max-width: 377px) 100vw, 377px\" \/><\/a><p id=\"caption-attachment-2938\" class=\"wp-caption-text\">farceur, va !<\/p><\/div>\n<p style=\"text-align: justify;\">Ne nous moquons pas des malades mentaux, leur souffrance peut \u00eatre grande. Faisons juste en sorte que les fous ne s&#8217;accaparent pas les cl\u00e9s de l&#8217;asile.<\/p>\n<p style=\"text-align: center;\"><iframe loading=\"lazy\" src=\"https:\/\/www.youtube.com\/embed\/8Uhpy3MNHts\" width=\"560\" height=\"315\" frameborder=\"0\" allowfullscreen=\"allowfullscreen\"><\/iframe><\/p>\n","protected":false},"excerpt":{"rendered":"<p>Le mur du \u00e7on vient d&#8217;\u00eatre franchi avec grand fracas par Alain Jakubowicz, lundi 8 juin 2015, qui a cru bon de d\u00e9noncer la banderole affreusement raciste des &#8220;F\u00eates de la N\u00e9gresse&#8221; \u00e0 Biarritz. Sauf que La N\u00e9gresse est un quartier de Biarritz &#8211; comme Villejuif est une commune de l&#8217;agglom\u00e9ration parisienne, par exemple. En [&hellip;]<\/p>\n","protected":false},"author":1,"featured_media":0,"comment_status":"open","ping_status":"open","sticky":false,"template":"","format":"standard","meta":[],"categories":[4,5],"tags":[31,226,118,43],"_links":{"self":[{"href":"https:\/\/aitia.fr\/erd\/wp-json\/wp\/v2\/posts\/2925"}],"collection":[{"href":"https:\/\/aitia.fr\/erd\/wp-json\/wp\/v2\/posts"}],"about":[{"href":"https:\/\/aitia.fr\/erd\/wp-json\/wp\/v2\/types\/post"}],"author":[{"embeddable":true,"href":"https:\/\/aitia.fr\/erd\/wp-json\/wp\/v2\/users\/1"}],"replies":[{"embeddable":true,"href":"https:\/\/aitia.fr\/erd\/wp-json\/wp\/v2\/comments?post=2925"}],"version-history":[{"count":21,"href":"https:\/\/aitia.fr\/erd\/wp-json\/wp\/v2\/posts\/2925\/revisions"}],"predecessor-version":[{"id":15238,"href":"https:\/\/aitia.fr\/erd\/wp-json\/wp\/v2\/posts\/2925\/revisions\/15238"}],"wp:attachment":[{"href":"https:\/\/aitia.fr\/erd\/wp-json\/wp\/v2\/media?parent=2925"}],"wp:term":[{"taxonomy":"category","embeddable":true,"href":"https:\/\/aitia.fr\/erd\/wp-json\/wp\/v2\/categories?post=2925"},{"taxonomy":"post_tag","embeddable":true,"href":"https:\/\/aitia.fr\/erd\/wp-json\/wp\/v2\/tags?post=2925"}],"curies":[{"name":"wp","href":"https:\/\/api.w.org\/{rel}","templated":true}]}}