{"id":2916,"date":"2015-06-09T12:08:16","date_gmt":"2015-06-09T10:08:16","guid":{"rendered":"https:\/\/aitia.fr\/erd\/?p=2916"},"modified":"2019-12-08T18:22:02","modified_gmt":"2019-12-08T17:22:02","slug":"france-dictature-sioniste-la-feuille-de-chou","status":"publish","type":"post","link":"https:\/\/aitia.fr\/erd\/france-dictature-sioniste-la-feuille-de-chou\/","title":{"rendered":"France, dictature sioniste (La Feuille de Chou)"},"content":{"rendered":"<p style=\"text-align: justify;\"><a href=\"https:\/\/web.archive.org\/web\/20170524003902\/https:\/\/archivesmillenairesmondiales.wordpress.com\/2013\/11\/26\/francois-hollande-dit-le-sioniste-et-les-menaces-de-netanyahu\/\"><img decoding=\"async\" loading=\"lazy\" class=\"alignleft size-medium wp-image-2917\" src=\"https:\/\/aitia.fr\/erd\/wp-content\/uploads\/2015\/06\/hollande-sous-israel-269x300.jpg\" alt=\"hollande-sous-israel\" width=\"269\" height=\"300\" srcset=\"https:\/\/aitia.fr\/erd\/wp-content\/uploads\/2015\/06\/hollande-sous-israel-269x300.jpg 269w, https:\/\/aitia.fr\/erd\/wp-content\/uploads\/2015\/06\/hollande-sous-israel.jpg 350w\" sizes=\"(max-width: 269px) 100vw, 269px\" \/><\/a>Pour ceux qui ont encore du mal \u00e0 faire la distinction entre sionisme et juda\u00efsme, ou qui font expr\u00e8s de ne pas la faire pour emp\u00eacher la critique des crimes sionistes, rien ne vaut un exemple concret : Pierre Stambul, co-pr\u00e9sident de l&#8217;Union Juive Fran\u00e7aise pour la Paix, a \u00e9t\u00e9 interpell\u00e9 en pleine nuit du 8 au 9 juin \u00e0 son domicile par le RAID, comme un dangereux terroriste. Portes fracass\u00e9es, menottes&#8230; la totale.<\/p>\n<p style=\"text-align: justify;\">Une probable vengeance d&#8217;utra-sioniste fou (pl\u00e9onasme) ayant r\u00e9ussi \u00e0 tromper les forces de l&#8217;ordre, telle que les affectionne le tr\u00e8s d\u00e9rang\u00e9 <a href=\"https:\/\/www.egaliteetreconciliation.fr\/Gregory-Chelli-l-idiot-utile-a-ses-ennemis-33125.html\" target=\"_blank\" rel=\"noopener noreferrer\">Gregory Chelli<\/a>, alias Ulcan.<\/p>\n<p style=\"text-align: justify;\"><a href=\"https:\/\/la-feuille-de-chou.fr\/archives\/81587\" target=\"_blank\" rel=\"noopener noreferrer\">Lire l&#8217;article sur La Feuille de Chou \u2192<\/a><\/p>\n","protected":false},"excerpt":{"rendered":"<p>Pour ceux qui ont encore du mal \u00e0 faire la distinction entre sionisme et juda\u00efsme, ou qui font expr\u00e8s de ne pas la faire pour emp\u00eacher la critique des crimes sionistes, rien ne vaut un exemple concret : Pierre Stambul, co-pr\u00e9sident de l&#8217;Union Juive Fran\u00e7aise pour la Paix, a \u00e9t\u00e9 interpell\u00e9 en pleine nuit du [&hellip;]<\/p>\n","protected":false},"author":1,"featured_media":0,"comment_status":"open","ping_status":"open","sticky":false,"template":"","format":"standard","meta":[],"categories":[4,134,29],"tags":[126,56],"_links":{"self":[{"href":"https:\/\/aitia.fr\/erd\/wp-json\/wp\/v2\/posts\/2916"}],"collection":[{"href":"https:\/\/aitia.fr\/erd\/wp-json\/wp\/v2\/posts"}],"about":[{"href":"https:\/\/aitia.fr\/erd\/wp-json\/wp\/v2\/types\/post"}],"author":[{"embeddable":true,"href":"https:\/\/aitia.fr\/erd\/wp-json\/wp\/v2\/users\/1"}],"replies":[{"embeddable":true,"href":"https:\/\/aitia.fr\/erd\/wp-json\/wp\/v2\/comments?post=2916"}],"version-history":[{"count":6,"href":"https:\/\/aitia.fr\/erd\/wp-json\/wp\/v2\/posts\/2916\/revisions"}],"predecessor-version":[{"id":13985,"href":"https:\/\/aitia.fr\/erd\/wp-json\/wp\/v2\/posts\/2916\/revisions\/13985"}],"wp:attachment":[{"href":"https:\/\/aitia.fr\/erd\/wp-json\/wp\/v2\/media?parent=2916"}],"wp:term":[{"taxonomy":"category","embeddable":true,"href":"https:\/\/aitia.fr\/erd\/wp-json\/wp\/v2\/categories?post=2916"},{"taxonomy":"post_tag","embeddable":true,"href":"https:\/\/aitia.fr\/erd\/wp-json\/wp\/v2\/tags?post=2916"}],"curies":[{"name":"wp","href":"https:\/\/api.w.org\/{rel}","templated":true}]}}