{"id":2835,"date":"2015-05-10T07:18:44","date_gmt":"2015-05-10T05:18:44","guid":{"rendered":"https:\/\/aitia.fr\/erd\/?p=2835"},"modified":"2015-05-10T07:18:44","modified_gmt":"2015-05-10T05:18:44","slug":"fautes-jacques-sapir","status":"publish","type":"post","link":"https:\/\/aitia.fr\/erd\/fautes-jacques-sapir\/","title":{"rendered":"Fautes (Jacques Sapir)"},"content":{"rendered":"<div id=\"attachment_2836\" style=\"width: 410px\" class=\"wp-caption alignleft\"><a href=\"https:\/\/leplus.nouvelobs.com\/contribution\/1366130-la-russie-fete-sa-victoire-de-1945-hollande-et-merkel-boycottent-un-affront-a-l-histoire.html\" target=\"_blank\"><img aria-describedby=\"caption-attachment-2836\" decoding=\"async\" loading=\"lazy\" class=\"wp-image-2836\" src=\"https:\/\/aitia.fr\/erd\/wp-content\/uploads\/2015\/05\/9-mai-2015.jpg\" alt=\"9 mai 2015\" width=\"400\" height=\"229\" srcset=\"https:\/\/aitia.fr\/erd\/wp-content\/uploads\/2015\/05\/9-mai-2015.jpg 630w, https:\/\/aitia.fr\/erd\/wp-content\/uploads\/2015\/05\/9-mai-2015-300x171.jpg 300w, https:\/\/aitia.fr\/erd\/wp-content\/uploads\/2015\/05\/9-mai-2015-600x343.jpg 600w\" sizes=\"(max-width: 400px) 100vw, 400px\" \/><\/a><p id=\"caption-attachment-2836\" class=\"wp-caption-text\">Poutine &#8220;isol\u00e9&#8221; ? (P.Golovkin \/ SIPA)<\/p><\/div>\n<p style=\"text-align: justify;\">En ce 9 mai 2015, nous comm\u00e9morions le 70<sup>\u00e8me<\/sup> anniversaire de la victoire contre l\u2019Allemagne nazie. Cette date restera dans les livres d\u2019histoires comme celle ou ce que l\u2019on appelle \u00ab\u00a0l\u2019occident\u00a0\u00bb, et qui n\u2019est en r\u00e9alit\u00e9 que le cercle des alli\u00e9s europ\u00e9ens des Etats-Unis \u00e0 commis une faute politique majeure. Dans cette faute, la responsabilit\u00e9 du Pr\u00e9sident Fran\u00e7ois Hollande est importante, et pourrait avoir des cons\u00e9quences profondes.<\/p>\n<p style=\"text-align: justify;\"><a href=\"https:\/\/russeurope.hypotheses.org\/3795\" target=\"_blank\">Continuer la lecture sur russeurope \u2192<\/a><\/p>\n","protected":false},"excerpt":{"rendered":"<p>En ce 9 mai 2015, nous comm\u00e9morions le 70\u00e8me anniversaire de la victoire contre l\u2019Allemagne nazie. Cette date restera dans les livres d\u2019histoires comme celle ou ce que l\u2019on appelle \u00ab\u00a0l\u2019occident\u00a0\u00bb, et qui n\u2019est en r\u00e9alit\u00e9 que le cercle des alli\u00e9s europ\u00e9ens des Etats-Unis \u00e0 commis une faute politique majeure. Dans cette faute, la responsabilit\u00e9 [&hellip;]<\/p>\n","protected":false},"author":1,"featured_media":0,"comment_status":"open","ping_status":"open","sticky":false,"template":"","format":"standard","meta":[],"categories":[4,134,29],"tags":[61,215,48,47],"_links":{"self":[{"href":"https:\/\/aitia.fr\/erd\/wp-json\/wp\/v2\/posts\/2835"}],"collection":[{"href":"https:\/\/aitia.fr\/erd\/wp-json\/wp\/v2\/posts"}],"about":[{"href":"https:\/\/aitia.fr\/erd\/wp-json\/wp\/v2\/types\/post"}],"author":[{"embeddable":true,"href":"https:\/\/aitia.fr\/erd\/wp-json\/wp\/v2\/users\/1"}],"replies":[{"embeddable":true,"href":"https:\/\/aitia.fr\/erd\/wp-json\/wp\/v2\/comments?post=2835"}],"version-history":[{"count":4,"href":"https:\/\/aitia.fr\/erd\/wp-json\/wp\/v2\/posts\/2835\/revisions"}],"predecessor-version":[{"id":2840,"href":"https:\/\/aitia.fr\/erd\/wp-json\/wp\/v2\/posts\/2835\/revisions\/2840"}],"wp:attachment":[{"href":"https:\/\/aitia.fr\/erd\/wp-json\/wp\/v2\/media?parent=2835"}],"wp:term":[{"taxonomy":"category","embeddable":true,"href":"https:\/\/aitia.fr\/erd\/wp-json\/wp\/v2\/categories?post=2835"},{"taxonomy":"post_tag","embeddable":true,"href":"https:\/\/aitia.fr\/erd\/wp-json\/wp\/v2\/tags?post=2835"}],"curies":[{"name":"wp","href":"https:\/\/api.w.org\/{rel}","templated":true}]}}