{"id":2804,"date":"2015-04-25T17:23:01","date_gmt":"2015-04-25T15:23:01","guid":{"rendered":"https:\/\/aitia.fr\/erd\/?p=2804"},"modified":"2015-04-25T17:27:01","modified_gmt":"2015-04-25T15:27:01","slug":"53-declarations-de-guerre-contre-lallemagne-seule-responsable-klagemauer-tv","status":"publish","type":"post","link":"https:\/\/aitia.fr\/erd\/53-declarations-de-guerre-contre-lallemagne-seule-responsable-klagemauer-tv\/","title":{"rendered":"53 d\u00e9clarations de guerre contre l\u2019Allemagne seule responsable (Klagemauer-TV)"},"content":{"rendered":"<p style=\"text-align: justify;\">L&#8217;histoire de la seconde guerre \u00a0mondiale, telle qu&#8217;elle nous a \u00e9t\u00e9 enseign\u00e9e et telle qu&#8217;elle est r\u00e9p\u00e9t\u00e9e par les grands media, est un des plus gros mensonges qui soient. Ses cons\u00e9quences sont encore palpables aujourd&#8217;hui dans de nombreux domaines, par exemple <a href=\"https:\/\/www.les-crises.fr\/tag\/ukraine\/\" target=\"_blank\">l&#8217;Ukraine<\/a> o\u00f9 les &#8220;d\u00e9mocraties&#8221; occidentales r\u00e9alisent le tour de force de soutenir un r\u00e9gime n\u00e9o-nazi des plus barbares, tout en terrorisant quiconque ose remettre en cause la version officielle de la culpabilit\u00e9 nazie dans les horreurs qu&#8217;a connues l&#8217;Europe des ann\u00e9es 1940.<\/p>\n<p style=\"text-align: justify;\">Retour sur le d\u00e9clenchement de cette gigantesque boucherie plan\u00e9taire, avec <a href=\"https:\/\/www.kla.tv\/\" target=\"_blank\">Klagemauer-TV<\/a>, cha\u00eene\u00a0allemande qui propose des vid\u00e9os en diff\u00e9rentes langues dont le fran\u00e7ais.<\/p>\n<p style=\"text-align: center;\"><iframe loading=\"lazy\" src=\"https:\/\/www.youtube.com\/embed\/dhwP0bdCTXc\" width=\"640\" height=\"360\" frameborder=\"0\" allowfullscreen=\"allowfullscreen\"><\/iframe><\/p>\n<p style=\"text-align: justify;\">Sur l&#8217;histoire du vingti\u00e8me si\u00e8cle en g\u00e9n\u00e9ral, vue sous un angle tr\u00e8s concret, on peut tr\u00e8s utilement se reporter \u00e0 <a href=\"https:\/\/aitia.fr\/erd\/petrole-une-guerre-dun-siecle\/\" target=\"_blank\"><em>P\u00e9trole, une guerre d&#8217;un si\u00e8cle<\/em><\/a> de William Engdahl.<\/p>\n","protected":false},"excerpt":{"rendered":"<p>L&#8217;histoire de la seconde guerre \u00a0mondiale, telle qu&#8217;elle nous a \u00e9t\u00e9 enseign\u00e9e et telle qu&#8217;elle est r\u00e9p\u00e9t\u00e9e par les grands media, est un des plus gros mensonges qui soient. Ses cons\u00e9quences sont encore palpables aujourd&#8217;hui dans de nombreux domaines, par exemple l&#8217;Ukraine o\u00f9 les &#8220;d\u00e9mocraties&#8221; occidentales r\u00e9alisent le tour de force de soutenir un r\u00e9gime [&hellip;]<\/p>\n","protected":false},"author":1,"featured_media":0,"comment_status":"open","ping_status":"open","sticky":false,"template":"","format":"video","meta":[],"categories":[134,133,29],"tags":[61,48],"_links":{"self":[{"href":"https:\/\/aitia.fr\/erd\/wp-json\/wp\/v2\/posts\/2804"}],"collection":[{"href":"https:\/\/aitia.fr\/erd\/wp-json\/wp\/v2\/posts"}],"about":[{"href":"https:\/\/aitia.fr\/erd\/wp-json\/wp\/v2\/types\/post"}],"author":[{"embeddable":true,"href":"https:\/\/aitia.fr\/erd\/wp-json\/wp\/v2\/users\/1"}],"replies":[{"embeddable":true,"href":"https:\/\/aitia.fr\/erd\/wp-json\/wp\/v2\/comments?post=2804"}],"version-history":[{"count":11,"href":"https:\/\/aitia.fr\/erd\/wp-json\/wp\/v2\/posts\/2804\/revisions"}],"predecessor-version":[{"id":2815,"href":"https:\/\/aitia.fr\/erd\/wp-json\/wp\/v2\/posts\/2804\/revisions\/2815"}],"wp:attachment":[{"href":"https:\/\/aitia.fr\/erd\/wp-json\/wp\/v2\/media?parent=2804"}],"wp:term":[{"taxonomy":"category","embeddable":true,"href":"https:\/\/aitia.fr\/erd\/wp-json\/wp\/v2\/categories?post=2804"},{"taxonomy":"post_tag","embeddable":true,"href":"https:\/\/aitia.fr\/erd\/wp-json\/wp\/v2\/tags?post=2804"}],"curies":[{"name":"wp","href":"https:\/\/api.w.org\/{rel}","templated":true}]}}