{"id":2793,"date":"2015-04-22T20:32:33","date_gmt":"2015-04-22T18:32:33","guid":{"rendered":"https:\/\/aitia.fr\/erd\/?p=2793"},"modified":"2015-04-22T20:50:05","modified_gmt":"2015-04-22T18:50:05","slug":"arte-chaine-culturelle-ou-propagande-deguisee-en-culture","status":"publish","type":"post","link":"https:\/\/aitia.fr\/erd\/arte-chaine-culturelle-ou-propagande-deguisee-en-culture\/","title":{"rendered":"Arte, cha\u00eene culturelle ou propagande d\u00e9guis\u00e9e en culture ? (ERTV)"},"content":{"rendered":"<p>\u00c0 vous de juger :<\/p>\n<p style=\"text-align: center;\"><iframe loading=\"lazy\" src=\"\/\/www.dailymotion.com\/embed\/video\/x2ni1a2\" width=\"640\" height=\"360\" frameborder=\"0\" allowfullscreen=\"allowfullscreen\"><\/iframe><\/p>\n<p style=\"text-align: center;\"><a href=\"https:\/\/www.dailymotion.com\/video\/x2ni1a2_interview-d-alain-soral-par-la-chaine-arte-les-images-d-ertv-avril-2015_news\" target=\"_blank\">Interview d&#8217;Alain Soral par la cha\u00eene Arte&#8230;<\/a> <i>par <a href=\"https:\/\/www.dailymotion.com\/ERTV\" target=\"_blank\">ERTV<\/a><\/i><\/p>\n<p style=\"text-align: justify;\">Pour aborder\u00a0la pens\u00e9e d&#8217;Alain Soral sans ses saillies verbales, ni les grossi\u00e8res manipulations m\u00e9diatiques, il vaut mieux lire ses livres, afin de comprendre pourquoi il est censur\u00e9\u00a0par un pouvoir \u00e0 bout de course, comme Montesquieu en son temps et \u00e0 peu pr\u00e8s pour les m\u00eames raisons. Un exemple <a title=\"Comprendre l\u2019Empire\" href=\"https:\/\/aitia.fr\/erd\/comprendre-lempire\/\" target=\"_blank\">ici<\/a> et un autre <a title=\"Vers la f\u00e9minisation ?\" href=\"https:\/\/aitia.fr\/erd\/vers-la-feminisation\/\" target=\"_blank\">l\u00e0<\/a>.<\/p>\n<p style=\"text-align: justify;\">Quant au &#8220;complotisme&#8221;, ce mot vide du n\u00e9o-maccarthysme, voir <a title=\"Les mots creux du nouveau maccarthysme\" href=\"https:\/\/aitia.fr\/erd\/les-mots-creux-du-nouveau-maccarthysme\/\" target=\"_blank\">cet article<\/a>, ainsi que <a title=\"Pratiques officielles du complot\" href=\"https:\/\/aitia.fr\/erd\/pratiques-officielles-du-complot\/\" target=\"_blank\">ces aveux<\/a> par les comploteurs eux-m\u00eames.<\/p>\n","protected":false},"excerpt":{"rendered":"<p>\u00c0 vous de juger : Interview d&#8217;Alain Soral par la cha\u00eene Arte&#8230; par ERTV Pour aborder\u00a0la pens\u00e9e d&#8217;Alain Soral sans ses saillies verbales, ni les grossi\u00e8res manipulations m\u00e9diatiques, il vaut mieux lire ses livres, afin de comprendre pourquoi il est censur\u00e9\u00a0par un pouvoir \u00e0 bout de course, comme Montesquieu en son temps et \u00e0 peu [&hellip;]<\/p>\n","protected":false},"author":1,"featured_media":0,"comment_status":"open","ping_status":"open","sticky":false,"template":"","format":"standard","meta":[],"categories":[4,134,133,29],"tags":[48],"_links":{"self":[{"href":"https:\/\/aitia.fr\/erd\/wp-json\/wp\/v2\/posts\/2793"}],"collection":[{"href":"https:\/\/aitia.fr\/erd\/wp-json\/wp\/v2\/posts"}],"about":[{"href":"https:\/\/aitia.fr\/erd\/wp-json\/wp\/v2\/types\/post"}],"author":[{"embeddable":true,"href":"https:\/\/aitia.fr\/erd\/wp-json\/wp\/v2\/users\/1"}],"replies":[{"embeddable":true,"href":"https:\/\/aitia.fr\/erd\/wp-json\/wp\/v2\/comments?post=2793"}],"version-history":[{"count":6,"href":"https:\/\/aitia.fr\/erd\/wp-json\/wp\/v2\/posts\/2793\/revisions"}],"predecessor-version":[{"id":2799,"href":"https:\/\/aitia.fr\/erd\/wp-json\/wp\/v2\/posts\/2793\/revisions\/2799"}],"wp:attachment":[{"href":"https:\/\/aitia.fr\/erd\/wp-json\/wp\/v2\/media?parent=2793"}],"wp:term":[{"taxonomy":"category","embeddable":true,"href":"https:\/\/aitia.fr\/erd\/wp-json\/wp\/v2\/categories?post=2793"},{"taxonomy":"post_tag","embeddable":true,"href":"https:\/\/aitia.fr\/erd\/wp-json\/wp\/v2\/tags?post=2793"}],"curies":[{"name":"wp","href":"https:\/\/api.w.org\/{rel}","templated":true}]}}