{"id":2598,"date":"2015-03-27T12:44:47","date_gmt":"2015-03-27T11:44:47","guid":{"rendered":"https:\/\/aitia.fr\/erd\/?p=2598"},"modified":"2015-03-27T12:45:11","modified_gmt":"2015-03-27T11:45:11","slug":"decision-rendue-condamnation-pour-apologie-dacte-de-terrorisme-thierry-noirtault","status":"publish","type":"post","link":"https:\/\/aitia.fr\/erd\/decision-rendue-condamnation-pour-apologie-dacte-de-terrorisme-thierry-noirtault\/","title":{"rendered":"D\u00e9cision rendue : condamnation pour apologie d&#8217;acte de terrorisme (Thierry Noirtault)"},"content":{"rendered":"<p style=\"text-align: center;\"><iframe loading=\"lazy\" src=\"https:\/\/www.youtube.com\/embed\/1pum8jHmbzI\" width=\"480\" height=\"360\" frameborder=\"0\" allowfullscreen=\"allowfullscreen\"><\/iframe><\/p>\n<p style=\"text-align: justify;\">Voir \u00e9galement : <em><a title=\"L\u2019humanit\u00e9 en garde \u00e0 vue (Thierry Noirtault)\" href=\"https:\/\/aitia.fr\/erd\/lhumanite-en-garde-a-vue\/\" target=\"_blank\">L&#8217;humanit\u00e9 en garde \u00e0 vue<\/a><\/em>\u00a0et <em><a title=\"Pour en finir avec l\u2019extr\u00eame-droite\" href=\"https:\/\/aitia.fr\/erd\/pour-en-finir-avec-lextreme-droite\/\" target=\"_blank\">Pour en finir avec l&#8217;extr\u00eame-droite<\/a><\/em>.<\/p>\n","protected":false},"excerpt":{"rendered":"<p>Voir \u00e9galement : L&#8217;humanit\u00e9 en garde \u00e0 vue\u00a0et Pour en finir avec l&#8217;extr\u00eame-droite.<\/p>\n","protected":false},"author":1,"featured_media":0,"comment_status":"open","ping_status":"open","sticky":false,"template":"","format":"video","meta":[],"categories":[4,134,133,29],"tags":[140,141,71],"_links":{"self":[{"href":"https:\/\/aitia.fr\/erd\/wp-json\/wp\/v2\/posts\/2598"}],"collection":[{"href":"https:\/\/aitia.fr\/erd\/wp-json\/wp\/v2\/posts"}],"about":[{"href":"https:\/\/aitia.fr\/erd\/wp-json\/wp\/v2\/types\/post"}],"author":[{"embeddable":true,"href":"https:\/\/aitia.fr\/erd\/wp-json\/wp\/v2\/users\/1"}],"replies":[{"embeddable":true,"href":"https:\/\/aitia.fr\/erd\/wp-json\/wp\/v2\/comments?post=2598"}],"version-history":[{"count":6,"href":"https:\/\/aitia.fr\/erd\/wp-json\/wp\/v2\/posts\/2598\/revisions"}],"predecessor-version":[{"id":2604,"href":"https:\/\/aitia.fr\/erd\/wp-json\/wp\/v2\/posts\/2598\/revisions\/2604"}],"wp:attachment":[{"href":"https:\/\/aitia.fr\/erd\/wp-json\/wp\/v2\/media?parent=2598"}],"wp:term":[{"taxonomy":"category","embeddable":true,"href":"https:\/\/aitia.fr\/erd\/wp-json\/wp\/v2\/categories?post=2598"},{"taxonomy":"post_tag","embeddable":true,"href":"https:\/\/aitia.fr\/erd\/wp-json\/wp\/v2\/tags?post=2598"}],"curies":[{"name":"wp","href":"https:\/\/api.w.org\/{rel}","templated":true}]}}