{"id":2524,"date":"2015-03-19T16:40:26","date_gmt":"2015-03-19T15:40:26","guid":{"rendered":"https:\/\/aitia.fr\/erd\/?p=2524"},"modified":"2016-09-03T15:40:45","modified_gmt":"2016-09-03T13:40:45","slug":"de-souche-paul-eric-blanrue","status":"publish","type":"post","link":"https:\/\/aitia.fr\/erd\/de-souche-paul-eric-blanrue\/","title":{"rendered":"De souche ? (Paul-\u00c9ric Blanrue)"},"content":{"rendered":"<div id=\"attachment_2526\" style=\"width: 287px\" class=\"wp-caption alignleft\"><img aria-describedby=\"caption-attachment-2526\" decoding=\"async\" loading=\"lazy\" class=\"wp-image-2526 size-medium\" src=\"https:\/\/aitia.fr\/erd\/wp-content\/uploads\/2015\/03\/Paul-Eric-Blanrue-s-277x300.jpg\" alt=\"Paul-\u00c9ric Blanrue\" width=\"277\" height=\"300\" srcset=\"https:\/\/aitia.fr\/erd\/wp-content\/uploads\/2015\/03\/Paul-Eric-Blanrue-s-277x300.jpg 277w, https:\/\/aitia.fr\/erd\/wp-content\/uploads\/2015\/03\/Paul-Eric-Blanrue-s.jpg 300w\" sizes=\"(max-width: 277px) 100vw, 277px\" \/><p id=\"caption-attachment-2526\" class=\"wp-caption-text\">Paul-\u00c9ric Blanrue<\/p><\/div>\n<p style=\"text-align: justify;\">Marion Mar\u00e9chal-Le Pen-Auque se dit fi\u00e8re d&#8217;\u00eatre une &#8220;Fran\u00e7aise de souche&#8221; : &#8220;Oui je suis une Fran\u00e7aise de souche, tout simplement parce que je n&#8217;ai pas d&#8217;origine immigr\u00e9e (pardon !), je suis donc d&#8217;origine fran\u00e7aise, tout simplement&#8221;. Pourquoi pas ? Grand bien lui fasse. Moi, de sang franco-germano-italien, je ne le suis pas, mais mon g\u00e9niteur n&#8217;\u00e9tait pas non plus un agent du Mossad. La plupart des reines de France n&#8217;\u00e9taient pas davantage des &#8220;de souche&#8221; : Marie-Antoinette, \u00e9pouse de Louis XVI \u00e9tait autrichienne ; Marie Leszczynska, \u00e9pouse de Louis XV, polonaise ; Marie-Th\u00e9r\u00e8se, \u00e9pouse de Louis XIV, austro-espagnole ; Anne d&#8217;Autriche, \u00e9pouse de Louis XIII idem ; Marie de M\u00e9dicis, \u00e9pouse de Henri IV, florentine ; Catherine de M\u00e9dicis, \u00e9pouse de Henri II, italienne \u00e9galement. Je ne vais pas m&#8217;amuser \u00e0 remonter jusqu&#8217;\u00e0 Louis IX, dit saint Louis, dont une tradition, certes incertaine, fait remonter la m\u00e8re Blanche de Castille &#8211; fille d&#8217;Alphonse VIII de Castille et d&#8217;Ali\u00e9nor d&#8217;Angleterre &#8211; au &#8220;Proph\u00e8te Mahomet&#8221;, comme on disait alors. Bref, du coup, les rois de France n&#8217;\u00e9taient pas des Fran\u00e7ais de souche. \u00c7a ne les emp\u00eache pas d&#8217;avoir b\u00e2ti la France, avec ou sans la dynastie Le Pen.<\/p>\n<p style=\"text-align: justify;\"><a title=\"De souche ? sur Le Clan des V\u00e9nitiens\" href=\"https:\/\/blanrue.blogspot.fr\/2015\/03\/de-souche.html\" target=\"_blank\">Continuer la lecture sur\u00a0le Clan des V\u00e9nitiens\u00a0<span class=\"Apple-style-span\"><span class=\"meta-nav\">\u2192<\/span><\/span><\/a><\/p>\n<p style=\"text-align: justify;\"><strong><em>Remarque en passant :<\/em><\/strong> bien entendu, Paul-\u00c9ric Blanrue fait partie des intellectuels cibl\u00e9s par le\u00a0<a title=\"Les mots creux du nouveau maccarthysme\" href=\"https:\/\/aitia.fr\/erd\/les-mots-creux-du-nouveau-maccarthysme\/\" target=\"_blank\">nouveau maccarthysme<\/a>, le plus souvent\u00a0par les associations communautaires juives sionistes telles que le <a title=\"les d\u00eeners du CRIF selon Elisabeth L\u00e9vy\" href=\"https:\/\/www.youtube.com\/watch?v=ZlLIZuh8yJw\" target=\"_blank\">CRIF<\/a> ou la <a title=\"bureau ex\u00e9cutif de la LICRA : plus communautaire c&#039;est pas possible !\" href=\"https:\/\/web.archive.org\/web\/20150318103005\/https:\/\/www.licra.org:80\/fr\/bureau-executif2\" target=\"_blank\">LICRA<\/a> dont la fonction principale est de promouvoir la &#8220;d\u00e9mocratie&#8221;, &#8220;l&#8217;antiracisme&#8221; ou les &#8220;droits de l&#8217;homme&#8221; quand ils permettent d&#8217;affaiblir leurs adversaires, mais qui ont recours aux bonnes vieilles m\u00e9thodes de la dictature via\u00a0la censure, de la stigmatisation des \u00e9trangers et de la pers\u00e9cution des artistes et intellectuels d\u00e8s que les peuples sont suffisamment instruits et unis pour vouloir mettre un terme \u00e0 leurs manipulations.<\/p>\n","protected":false},"excerpt":{"rendered":"<p>Marion Mar\u00e9chal-Le Pen-Auque se dit fi\u00e8re d&#8217;\u00eatre une &#8220;Fran\u00e7aise de souche&#8221; : &#8220;Oui je suis une Fran\u00e7aise de souche, tout simplement parce que je n&#8217;ai pas d&#8217;origine immigr\u00e9e (pardon !), je suis donc d&#8217;origine fran\u00e7aise, tout simplement&#8221;. Pourquoi pas ? Grand bien lui fasse. Moi, de sang franco-germano-italien, je ne le suis pas, mais mon [&hellip;]<\/p>\n","protected":false},"author":1,"featured_media":0,"comment_status":"open","ping_status":"open","sticky":false,"template":"","format":"standard","meta":[],"categories":[4,134],"tags":[210,43,56],"_links":{"self":[{"href":"https:\/\/aitia.fr\/erd\/wp-json\/wp\/v2\/posts\/2524"}],"collection":[{"href":"https:\/\/aitia.fr\/erd\/wp-json\/wp\/v2\/posts"}],"about":[{"href":"https:\/\/aitia.fr\/erd\/wp-json\/wp\/v2\/types\/post"}],"author":[{"embeddable":true,"href":"https:\/\/aitia.fr\/erd\/wp-json\/wp\/v2\/users\/1"}],"replies":[{"embeddable":true,"href":"https:\/\/aitia.fr\/erd\/wp-json\/wp\/v2\/comments?post=2524"}],"version-history":[{"count":11,"href":"https:\/\/aitia.fr\/erd\/wp-json\/wp\/v2\/posts\/2524\/revisions"}],"predecessor-version":[{"id":6977,"href":"https:\/\/aitia.fr\/erd\/wp-json\/wp\/v2\/posts\/2524\/revisions\/6977"}],"wp:attachment":[{"href":"https:\/\/aitia.fr\/erd\/wp-json\/wp\/v2\/media?parent=2524"}],"wp:term":[{"taxonomy":"category","embeddable":true,"href":"https:\/\/aitia.fr\/erd\/wp-json\/wp\/v2\/categories?post=2524"},{"taxonomy":"post_tag","embeddable":true,"href":"https:\/\/aitia.fr\/erd\/wp-json\/wp\/v2\/tags?post=2524"}],"curies":[{"name":"wp","href":"https:\/\/api.w.org\/{rel}","templated":true}]}}