{"id":2141,"date":"2017-03-04T22:15:58","date_gmt":"2017-03-04T21:15:58","guid":{"rendered":"https:\/\/aitia.fr\/erd\/?p=2141"},"modified":"2019-06-29T08:54:23","modified_gmt":"2019-06-29T06:54:23","slug":"la-republique-des-censeurs","status":"publish","type":"post","link":"https:\/\/aitia.fr\/erd\/la-republique-des-censeurs\/","title":{"rendered":"La R\u00e9publique des censeurs"},"content":{"rendered":"<p><strong><a href=\"https:\/\/aitia.fr\/erd\/wp-content\/uploads\/2015\/04\/bricmont.png\"><img decoding=\"async\" loading=\"lazy\" class=\"alignleft wp-image-2698 size-medium\" src=\"https:\/\/aitia.fr\/erd\/wp-content\/uploads\/2015\/04\/bricmont-300x300.png\" alt=\"La r\u00e9publique des censeurs\" width=\"300\" height=\"300\" srcset=\"https:\/\/aitia.fr\/erd\/wp-content\/uploads\/2015\/04\/bricmont-300x300.png 300w, https:\/\/aitia.fr\/erd\/wp-content\/uploads\/2015\/04\/bricmont-150x150.png 150w, https:\/\/aitia.fr\/erd\/wp-content\/uploads\/2015\/04\/bricmont.png 400w\" sizes=\"(max-width: 300px) 100vw, 300px\" \/><\/a>Le genre :<\/strong> d\u00e9monstration par l&#8217;absurde<\/p>\n<p style=\"text-align: justify;\">Peut-\u00eatre est-ce d\u00fb \u00e0 sa qualit\u00e9 de physicien, signe d&#8217;une tournure d&#8217;esprit proche de la mienne, mais je dois reconna\u00eetre que j&#8217;appr\u00e9cie particuli\u00e8rement Jean Bricmont, toujours pr\u00e9cis, rationnel et essayant de tirer la r\u00e9flexion vers le haut dans les d\u00e9bats &#8220;soci\u00e9taux&#8221; en faisant preuve d&#8217;une grande rigueur argumentaire, l\u00e0 o\u00f9 tant d&#8217;autres versent dans l&#8217;hyst\u00e9rie \u00e9motionnelle ou les attaques <em>ad hominem<\/em>. C&#8217;est aussi, comme moi, <a href=\"https:\/\/aitia.fr\/erd\/pourquoi-votre-gauche-nest-pas-la-notre-arret-sur-info\/\" target=\"_blank\" rel=\"noopener noreferrer\">un homme &#8220;de gauche&#8221;<\/a>, mais du temps o\u00f9 la gauche visait \u00e0 fournir aux pauvres des conditions de vie et de travail d\u00e9centes, condamnait l&#8217;imp\u00e9rialisme au lieu de le justifier, en Libye, en Syrie ou en Ukraine, d\u00e9fendait la libert\u00e9 d&#8217;expression <a href=\"https:\/\/aitia.fr\/erd\/questions-a-la-gauche-zombie-jean-bricmont\/\" target=\"_blank\" rel=\"noopener noreferrer\">au lieu de la museler<\/a>, et condamnait vigoureusement <a href=\"https:\/\/www.editionslesliensquiliberent.fr\/livre-Isra%C3%ABl_le_nouvel_apartheid-9791020900418-1-1-0-1.html\" target=\"_blank\" rel=\"noopener noreferrer\">l&#8217;apartheid<\/a> au lieu de diaboliser et menacer de poursuites ceux qui luttent contre le dernier r\u00e9gime politique de ce type sur la plan\u00e8te. D&#8217;un temps o\u00f9 la gauche \u00e9tait donc \u00e0 l&#8217;oppos\u00e9 du troupeau de l\u00e2ches et de tra\u00eetres arrivistes qu&#8217;elle est devenue aujourd&#8217;hui. Cette fiche de lecture ne peut donc \u00eatre parfaitement impartiale, vu l&#8217;admiration que je porte \u00e0 l&#8217;auteur.<\/p>\n<p style=\"text-align: justify;\">Une admiration qui n&#8217;est toutefois pas sans bornes, car je reproche \u00e0 Bricmont de faire la &#8220;gr\u00e8ve de la physique&#8221; lorsqu&#8217;il s&#8217;agit d&#8217;analyser rationnellement les \u00e9v\u00e9nements du 11-Septembre, en se contentant <a href=\"https:\/\/www.investigaction.net\/Chomsky-et-Bricmont-a-propos-du-11\/\" target=\"_blank\" rel=\"noopener noreferrer\">d&#8217;aligner des arguments tr\u00e8s faibles<\/a> de type sciences humaines et sociales, l\u00e0 o\u00f9 une science <em>inhumaine et asociale<\/em> telle que la physique permet de <a href=\"https:\/\/aitia.fr\/erd\/la-societe-europeenne-de-physique-vire-complotiste\/\" target=\"_blank\" rel=\"noopener noreferrer\">proc\u00e9der de fa\u00e7on s\u00fbre<\/a> par \u00e9limination des sc\u00e9narios les plus farfelus, car contraires aux lois de la nature &#8211; par exemple celles du mouvement \u00e9tablies par Newton \u00e0 la fin du dix-septi\u00e8me si\u00e8cle, ou encore les premier et deuxi\u00e8me principes de la thermodynamique, \u00e9tablis au dix-neuvi\u00e8me si\u00e8cle. Abandonner ses armes m\u00e9thodologiques les plus s\u00fbres sur le champ de bataille, M. Bricmont, c&#8217;est tout \u00e0 fait regrettable, et c&#8217;est m\u00eame une faute professionnelle ! Le principe des actions r\u00e9ciproques ou la conservation de l&#8217;\u00e9nergie ont quand m\u00eame une autre puissance et une autre autorit\u00e9 que ces ratiocinations de sciences tr\u00e8s molles, voire carr\u00e9ment non scientifiques. Mais ce n&#8217;est pas le sujet de l&#8217;ouvrage dont il est maintenant question.<\/p>\n<p style=\"text-align: justify;\"><!--more--><\/p>\n<p style=\"text-align: justify;\">Bien que totalement diff\u00e9rent dans le sujet comme dans la forme, <em>La r\u00e9publique des censeurs<\/em> a de nombreux points communs avec <a title=\"Les myst\u00e8res de la gauche\" href=\"https:\/\/aitia.fr\/erd\/les-mysteres-de-la-gauche\/\" target=\"_blank\" rel=\"noopener noreferrer\"><em>Les myst\u00e8res de la gauche<\/em><\/a> de Jean-Claude Mich\u00e9a, en ce sens qu&#8217;il analyse (ici avec moins d&#8217;ironie et davantage de froide d\u00e9monstration logique) la d\u00e9rive autoritaire voire fascisante d&#8217;une &#8220;gauche&#8221; ayant trahi toutes ses valeurs et d\u00e9courag\u00e9, voire d\u00e9go\u00fbt\u00e9, son ancienne base \u00e9lectorale populaire ; une &#8220;gauche&#8221; (et au-del\u00e0, une r\u00e9publique) accul\u00e9e \u00e0 une fuite en avant id\u00e9ologique faute de r\u00e9sultats concrets (en mati\u00e8re d&#8217;\u00e9conomie, de partage des richesses, d&#8217;\u00e9ducation, de sant\u00e9&#8230;) \u00e0 mettre \u00e0 son bilan.<\/p>\n<p style=\"text-align: justify;\">Petit livre de trois chapitres ( I : Libert\u00e9 d&#8217;expression et &#8220;incitations \u00e0 la haine&#8221; ; II : La &#8220;n\u00e9gation de l&#8217;histoire&#8221; et les lois &#8220;m\u00e9morielles&#8221; ; III : Mis\u00e8re de l&#8217;antiracisme), l&#8217;ouvrage est une d\u00e9monstration par l&#8217;absurde r\u00e9jouissante introduite par quelques rappels qui devraient nous sembler \u00e9vidents, mais visiblement ne le sont plus, comme cette citation de Rosa Luxemburg : <em>&#8220;La libert\u00e9 est toujours la libert\u00e9 de celui qui pense autrement&#8221;<\/em>. Bricmont nous rappelle \u00e9galement que l&#8217;emprisonnement pour d\u00e9lit d&#8217;opinion existe bel et bien, aujourd&#8217;hui en France, de m\u00eame que la mise au pilon d&#8217;ouvrages pour la m\u00eame raison. Pas besoin d&#8217;aller en Cor\u00e9e du Nord pour cela. Et pourtant l&#8217;article 11 de la D\u00e9claration des droits de l&#8217;homme et du citoyen de 1789 <a href=\"https:\/\/www.conseil-constitutionnel.fr\/conseil-constitutionnel\/francais\/la-constitution\/la-constitution-du-4-octobre-1958\/declaration-des-droits-de-l-homme-et-du-citoyen-de-1789.5076.html\" target=\"_blank\" rel=\"noopener noreferrer\">stipule<\/a>, comme nous le rappelle l&#8217;auteur, que &#8220;<em>La libre communication des pens\u00e9es et des opinions est un des droits les plus pr\u00e9cieux de l&#8217;Homme<\/em>&#8220;&#8230;<\/p>\n<p style=\"text-align: justify;\"><strong>Le premier chapitre,\u00a0<em>Libert\u00e9 d&#8217;expression et &#8220;incitations \u00e0 la haine&#8221;<\/em>,<\/strong> d\u00e9montre que le r\u00e8gne de l&#8217;arbitraire commence l\u00e0 o\u00f9 des d\u00e9finitions floues pr\u00e9tendent fonder le Droit, comme avec la loi Pleven de 1972 introduisant cette fameuse notion d&#8217; &#8220;incitation \u00e0 la haine&#8221;, invoqu\u00e9e de fa\u00e7on tr\u00e8s libre et opportuniste par des personnes ou associations qui elles-m\u00eames se rendent souvent coupables de stigmatisation envers certaines cat\u00e9gories de population mais qui, \u00e9tant du c\u00f4t\u00e9 du manche, n&#8217;ont rien \u00e0 craindre du b\u00e2ton qu&#8217;elles ont contribu\u00e9 \u00e0 tailler pour battre les autres. Citons Jean Bricmont (p. 19) :<\/p>\n<blockquote>\n<p style=\"text-align: justify;\"><em>&#8220;Un des arguments les plus fondamentaux en faveur de la libert\u00e9 d&#8217;expression est que, si l&#8217;on peut d\u00e9finir assez pr\u00e9cis\u00e9ment des actions ill\u00e9gales, la pens\u00e9e humaine est bien trop souple pour que l&#8217;on puisse caract\u00e9riser des pens\u00e9es comme ill\u00e9gales tout en pr\u00e9servant ce principe d&#8217;\u00e9galit\u00e9.&#8221;<\/em><\/p>\n<\/blockquote>\n<p><\/p>\n<p style=\"text-align: justify;\">Bref, avec &#8220;l&#8217;incitation \u00e0 la haine&#8221;, le <a href=\"https:\/\/fr.wikipedia.org\/wiki\/Police_de_la_Pens%C3%A9e\" target=\"_blank\" rel=\"noopener noreferrer\">crime de pens\u00e9e<\/a> est n\u00e9, comme dans l&#8217;Oceania de 1984. En pr\u00e9lude au crime d&#8217;arri\u00e8re-pens\u00e9e, lorsqu&#8217;on pr\u00eate aux accus\u00e9s des pens\u00e9es qu&#8217;ils n&#8217;ont m\u00eame pas exprim\u00e9es explicitement<span id='easy-footnote-1-2141' class='easy-footnote-margin-adjust'><\/span><span class='easy-footnote'><a href='https:\/\/aitia.fr\/erd\/la-republique-des-censeurs\/#easy-footnote-bottom-1-2141' title='Dans le deuxi\u00e8me chapitre, consacr\u00e9 \u00e0 la loi Gayssot, Jean Bricmont note (p. 74) que selon la jurisprudence la loi s&amp;#8217;applique &amp;#8220;m\u00eame si [cette contestation de crimes contre l&amp;#8217;humanit\u00e9] est pr\u00e9sent\u00e9e sous une forme d\u00e9guis\u00e9e ou dubitative ou par voie d&amp;#8217;insinuation.&amp;#8221;'><sup>1<\/sup><\/a><\/span>. Et comme la loi reconna\u00eet \u00e0 des associations le droit de se porter partie civile lors de proc\u00e8s, c&#8217;est un boulevard qui est ouvert \u00e0 la pers\u00e9cution &#8211; sous de nobles pr\u00e9textes, bien \u00e9videmment &#8211; des &#8220;d\u00e9viants id\u00e9ologiques&#8221; par ces associations dites &#8220;anti-racistes&#8221; qui, dans les faits, encouragent le communautarisme. Et qui, disposant g\u00e9n\u00e9ralement de bons avocats, empochent r\u00e9guli\u00e8rement des sommes rondelettes qui s&#8217;ajoutent \u00e0 leurs subventions.<\/p>\n<p style=\"text-align: justify;\">Jean Bricmont cite ensuite de nombreux cas \u00e9clairants des abus permis par cette loi, qui dans la pratique interdit m\u00eame de pr\u00e9senter de fa\u00e7on objective des r\u00e9sultats statistiques : ainsi, Mme Reynier, rectrice de l&#8217;acad\u00e9mie d&#8217;Orl\u00e9ans-Tours, d\u00e9clare en 2011 dans la presse r\u00e9gionale que <em>&#8220;Si dans les enqu\u00eates PISA, dans tous les pays concern\u00e9s, on enl\u00e8ve finalement les enfants issus de l&#8217;immigration, on n&#8217;a pas du tout les m\u00eames r\u00e9sultats&#8221;<\/em>. Lev\u00e9e de boucliers m\u00e9diatiques imm\u00e9diate et d\u00e9p\u00f4t de plainte au parquet pour &#8220;propos racistes&#8221; contre cette pauvre dame honn\u00eate qui, ironie du sort, \u00e9tant elle-m\u00eame issue de l&#8217;immigration s&#8217;inqui\u00e9tait simplement de l&#8217;existence de classes sans mixit\u00e9 sociale ni culturelle, bref de la formation de ghettos pr\u00e9judiciables \u00e0 la r\u00e9ussite scolaire.<\/p>\n<p style=\"text-align: justify;\"><strong>Le deuxi\u00e8me chapitre,\u00a0<em>La &#8220;n\u00e9gation de l&#8217;histoire&#8221; et les lois &#8220;m\u00e9morielles&#8221;,<\/em><\/strong> am\u00e8ne Bricmont \u00e0 nous parler d&#8217;une loi pire encore que la pr\u00e9c\u00e9dente selon lui, la fameuse <a href=\"https:\/\/fr.wikipedia.org\/wiki\/Loi_Gayssot\" target=\"_blank\" rel=\"noopener noreferrer\">&#8220;loi Gayssot&#8221;<\/a> de 1990. Visant exclusivement la contestation de certains crimes commis par les nazis, cette loi \u00e9tablit une hi\u00e9rarchie des martyres ; et elle le fait en se basant sur la d\u00e9finition des crimes contre l&#8217;humanit\u00e9 \u00e9tablie par le Tribunal de Nuremberg, un tribunal de guerre organis\u00e9 par les vainqueurs pour juger les vaincus, donc pas sp\u00e9cialement un gage d&#8217;objectivit\u00e9. Bricmont rappelle (p. 75) certains des articles de son statut que j&#8217;avais d\u00e9j\u00e0 <a href=\"https:\/\/aitia.fr\/erd\/les-sixmillions\/\" target=\"_blank\" rel=\"noopener noreferrer\">\u00e9voqu\u00e9s l\u00e0<\/a>, dont on peut au passage remercier les r\u00e9dacteurs : au moins, ils avaient l&#8217;honn\u00eatet\u00e9 d&#8217;annoncer la couleur&#8230;<\/p>\n<p style=\"text-align: justify;\">Avec la loi Gayssot, donc, l&#8217;extermination des Indiens d&#8217;Am\u00e9rique compte juridiquement pour du beurre, de m\u00eame que la disparition de la moiti\u00e9 (\u00e0 la louche) de la population autochtone du Congo <a href=\"https:\/\/fr.wikipedia.org\/wiki\/Les_Fant%C3%B4mes_du_roi_L%C3%A9opold\" target=\"_blank\" rel=\"noopener noreferrer\">lors de la colonisation belge<\/a>. Si on avait voulu monter les &#8220;communaut\u00e9s&#8221; les unes contre les autres, on ne s&#8217;y serait pas pris autrement.<\/p>\n<p style=\"text-align: justify;\">Laissons Bricmont nous conter comment M. Gayssot s&#8217;enfonce lui-m\u00eame dans l&#8217;absurde en tentant de sauver l&#8217;honneur de sa loi (p. 74) :<\/p>\n<blockquote>\n<p style=\"text-align: justify;\"><em>&#8220;La fa\u00e7on dont le d\u00e9put\u00e9 Jean-Claude Gayssot d\u00e9fend sa loi est pour le moins surprenante : il demande qu&#8217;on lui donne le nom &#8220;d&#8217;un seul historien s\u00e9rieux qui a \u00e9t\u00e9 g\u00ean\u00e9&#8221; par sa loi (la m\u00eame question rh\u00e9torique fut utilis\u00e9e par Bernard-Henri L\u00e9vy). En Union Sovi\u00e9tique non plus, personne ne se plaignait publiquement d&#8217;\u00eatre g\u00ean\u00e9 par la censure. De m\u00eame, en France, presque personne ne se plaindra d&#8217;une \u00e9ventuelle restriction de son champ de recherche, si le prix \u00e0 payer s&#8217;\u00e9l\u00e8ve \u00e0 un an de prison et 45 000 euros d&#8217;amende, alors qu&#8217;il est tellement plus simple de s&#8217;occuper d&#8217;autres aspects de l&#8217;histoire. Il est d&#8217;ailleurs assez extraordinaire que, moins d&#8217;un an apr\u00e8s la chute du Mur de Berlin, alors que l&#8217;actualit\u00e9 est domin\u00e9e par la d\u00e9nonciation du communisme, le parlement fran\u00e7ais adopte une loi restreignant la libert\u00e9 d&#8217;expression propos\u00e9e par un communiste.&#8221;<\/em><\/p>\n<\/blockquote>\n<p><\/p>\n<p style=\"text-align: justify;\">Cette sensation d&#8217;absurdit\u00e9 se renforce encore \u00e0 la lecture de <em>&#8220;Ce que l&#8217;on peut dire&#8221;<\/em> (\u00e0 partir de la page 88), o\u00f9 Bricmont nous fait une s\u00e9lection d&#8217;extraits &#8220;autoris\u00e9s&#8221; sur les massacres commis par les nazis envers les juifs, \u00e9crits par des sp\u00e9cialistes au-dessus de tout soup\u00e7on &#8220;n\u00e9gationniste&#8221;, comme l&#8217;historien juif am\u00e9ricain Arno Meyer, le Fran\u00e7ais Jean-Claude Pressac (pharmacien dont l&#8217;ouvrage publi\u00e9 en 1989, <i>Auschwitz. Technique and operation of the gas chambers,<\/i> fut financ\u00e9 par la fondation Beate Klarsfeld), Raul Hilberg, historien auteur de <a href=\"https:\/\/fr.wikipedia.org\/wiki\/La_Destruction_des_Juifs_d%27Europe\" target=\"_blank\" rel=\"noopener noreferrer\"><em>La Destruction des Juifs d&#8217;Europe<\/em><\/a>, Yehuda Bauer, professeur \u00e0 l&#8217;universit\u00e9 h\u00e9bra\u00efque de J\u00e9rusalem, Jacques Baynac, historien fran\u00e7ais issu d&#8217;une famille de r\u00e9sistants, ou encore l&#8217;historien fran\u00e7ais juif d&#8217;origine russe <a href=\"https:\/\/fr.wikipedia.org\/wiki\/L%C3%A9on_Poliakov\" target=\"_blank\" rel=\"noopener noreferrer\">L\u00e9on Poliakov<\/a>. Extraits qui sont bien &#8220;pires&#8221; que les \u00e9crits ou paroles ayant valu \u00e0 certains de longs et humiliants proc\u00e8s&#8230; qu&#8217;on en juge :<\/p>\n<ul>\n<li style=\"text-align: justify;\">Selon Arno Mayer, dans <em>La &#8220;Solution finale&#8221; dans l&#8217;histoire<\/em> (1990, La D\u00e9couverte), les sources sur les chambres \u00e0 gaz sont &#8220;<em>rares et peu s\u00fbres. <\/em>[&#8230;]<em> On n&#8217;a jusqu&#8217;\u00e0 pr\u00e9sent d\u00e9couvert aucun ordre \u00e9crit prescrivant nomm\u00e9ment les gazages. <\/em>[&#8230;]<em> Nos connaissances se fondent, pour l&#8217;essentiel, sur les d\u00e9positions des fonctionnaires nazis et de leurs ex\u00e9cutants lors des proc\u00e8s de l&#8217;apr\u00e8s-guerre et sur les souvenirs des survivants et des t\u00e9moins. Ces sources doivent faire l&#8217;objet d&#8217;une critique attentive, parce que leur valeur peut d\u00e9pendre de facteurs subjectifs tr\u00e8s complexes <\/em>[&#8230;]<em>. Dans leur \u00e9tat actuel, les sources comportent indiscutablement un grand nombre de contradictions, d&#8217;obscurit\u00e9s et d&#8217;erreurs. <\/em>[&#8230;]<em> De 1942 \u00e0 1945, \u00e0 Auschwitz en tout cas, les causes dites &#8220;naturelles&#8221; tu\u00e8rent plus de juifs que les causes &#8220;non naturelles.<\/em>&#8221; (pp. 89 et 90)<\/li>\n<\/ul>\n<ul>\n<li style=\"text-align: justify;\">Pour Jean-Claude Pressac, qui s&#8217;exprime dans une interview donn\u00e9e en 1995 \u00e0 Val\u00e9rie Igounet (p. 93), &#8220;<em>Vidal-Naquet<\/em> [un des ennemis d\u00e9clar\u00e9s de Faurisson et des &#8220;r\u00e9visionnistes&#8221;, Ndla]<em> peut se comparer \u00e0 une girouette creuse tournant au vent des publications et de l&#8217;actualit\u00e9 parce que lui-m\u00eame n&#8217;a pas entrepris de recherche fondamentale pour \u00e9tayer ses d\u00e9clarations p\u00e9remptoires et moralisatrices.<\/em>&#8221; <span id='easy-footnote-2-2141' class='easy-footnote-margin-adjust'><\/span><span class='easy-footnote'><a href='https:\/\/aitia.fr\/erd\/la-republique-des-censeurs\/#easy-footnote-bottom-2-2141' title='Val\u00e9rie Igounet, &lt;em&gt;Histoire du n\u00e9gationnisme en France&lt;\/em&gt;, Paris, \u00c9ditions du Seuil, 2000, p.647.'><sup>2<\/sup><\/a><\/span>. Pressac affirme encore que &#8220;<em>95% du Zyklon-B livr\u00e9 \u00e0 Auschwitz \u00e9tait employ\u00e9 \u00e0 l&#8217;\u00e9pouillage et que seuls 5% maximum servait \u00e0 asphyxier les juifs, au contraire des dires de Raul Hilberg, et<\/em> [&#8230;]<em> qu&#8217;\u00e0 Ma\u00efdanek, des pi\u00e8ces pr\u00e9sent\u00e9es par les Polonais comme des chambres \u00e0 gaz homicides n&#8217;\u00e9taient que des chambres d&#8217;\u00e9pouillage.<\/em>&#8221; <span id='easy-footnote-3-2141' class='easy-footnote-margin-adjust'><\/span><span class='easy-footnote'><a href='https:\/\/aitia.fr\/erd\/la-republique-des-censeurs\/#easy-footnote-bottom-3-2141' title='&lt;em&gt;Ibid.&lt;\/em&gt;, p. 628'><sup>3<\/sup><\/a><\/span> Pressac commente encore la &#8220;chasse aux nazis&#8221; des \u00e9poux Klarsfeld en disant qu&#8217;il &#8220;<em>n&#8217;accepte pas la d\u00e9marche qui consiste \u00e0 tra\u00eener devant les tribunaux des vieillards g\u00e2teux parce qu&#8217;ils ont particip\u00e9 ou furent les auteurs de &#8220;crimes contre l&#8217;humanit\u00e9&#8221;, d\u00e9finition hautement al\u00e9atoire de certaines actions g\u00e9n\u00e9r\u00e9es par la guerre.<\/em>&#8221; <span id='easy-footnote-4-2141' class='easy-footnote-margin-adjust'><\/span><span class='easy-footnote'><a href='https:\/\/aitia.fr\/erd\/la-republique-des-censeurs\/#easy-footnote-bottom-4-2141' title='&lt;em&gt;Ibid.&lt;\/em&gt;, p. 633'><sup>4<\/sup><\/a><\/span> Rappelons qu&#8217;il fut financ\u00e9 par la fondation Beate Klarsfeld pour publier en 1989 un ouvrage &#8220;anti-n\u00e9gationniste&#8221;&#8230; Mais Pressac r\u00e9vise \u00e9galement \u00e0 la baisse de fa\u00e7on drastique le nombre de victimes : &#8220;<em>Par rapport \u00e0 ceux de Hilberg, emprunt\u00e9s aux Polonais, voici les chiffres que j&#8217;obtiens. Chelmno : de 80 000 \u00e0 85 000 au lieu de 150 000 ; Belzec : de 100 000 \u00e0 150 000 au lieu de 550 000 ; Sobibor : de 30 000 \u00e0 35 000 au lieu de 200 000 ; Treblinka : de 200 000 \u00e0 250 000 au lieu de 750 000 ; Ma\u00efdanek : moins de 100 000 au lieu de 360 000&#8230; Le coefficient multiplicateur \u00e9motionnel varie de 2 \u00e0 7 et est en moyenne de 4 \u00e0 5. Cette moyenne s&#8217;applique parfaitement \u00e0 Auschwitz.<\/em>&#8221; <span id='easy-footnote-5-2141' class='easy-footnote-margin-adjust'><\/span><span class='easy-footnote'><a href='https:\/\/aitia.fr\/erd\/la-republique-des-censeurs\/#easy-footnote-bottom-5-2141' title='&lt;em&gt;Ibid.&lt;\/em&gt;, pp. 640-641.'><sup>5<\/sup><\/a><\/span><\/li>\n<\/ul>\n<ul>\n<li style=\"text-align: justify;\">Selon Raul Hilberg, qui d&#8217;apr\u00e8s Jean Bricmont est probablement l&#8217;expert le plus respect\u00e9 sur la question, et que j&#8217;avais d\u00e9j\u00e0 cit\u00e9 dans <a href=\"https:\/\/aitia.fr\/erd\/les-sixmillions\/\" target=\"_blank\" rel=\"noopener noreferrer\">cet article<\/a> en \u00e9voquant les &#8220;introuvables preuves \u00e9crites d\u2019une extermination industrielle planifi\u00e9e&#8221;, la planification du g\u00e9nocide juif reste un myst\u00e8re quant \u00e0 son organisation concr\u00e8te (p. 99) : &#8220;<em>Il n&#8217;y avait pas de sch\u00e9ma directeur pr\u00e9\u00e9tabli. Quant \u00e0 la question de la d\u00e9cision, elle est en partie insoluble : on n&#8217;a jamais retrouv\u00e9 d&#8217;ordre sign\u00e9 de la main d&#8217;Hitler, sans doute parce qu&#8217;un tel document n&#8217;a jamais exist\u00e9. Je suis persuad\u00e9 que les bureaucraties sont mues par une sorte de structure latente : chaque d\u00e9cision en entra\u00eene une autre, puis une autre, et ainsi de suite, m\u00eame s&#8217;il n&#8217;est pas possible de pr\u00e9voir exactement l&#8217;\u00e9tape suivante.<\/em>&#8221; <span id='easy-footnote-6-2141' class='easy-footnote-margin-adjust'><\/span><span class='easy-footnote'><a href='https:\/\/aitia.fr\/erd\/la-republique-des-censeurs\/#easy-footnote-bottom-6-2141' title='Raul Hilberg, &amp;#8220;C&amp;#8217;est un travail sans fin&amp;#8230;&amp;#8221;, &lt;em&gt;Le Monde des livres&lt;\/em&gt;, 20 octobre 2006, p. 12.'><sup>6<\/sup><\/a><\/span><\/li>\n<\/ul>\n<ul>\n<li style=\"text-align: justify;\">Yehuda Bauer, lors d&#8217;une conf\u00e9rence internationale \u00e0 Londres sur le g\u00e9nocide des juifs, d\u00e9clare (p. 101) : &#8220;<em>Le public r\u00e9p\u00e8te encore continuellement la sotte histoire selon laquelle l&#8217;extermination des juifs a \u00e9t\u00e9 d\u00e9cid\u00e9e \u00e0 Wannsee. Wannsee n&#8217;a \u00e9t\u00e9 qu&#8217;une \u00e9tape dans le processus du meurtre de masse.<\/em>&#8221; <span id='easy-footnote-7-2141' class='easy-footnote-margin-adjust'><\/span><span class='easy-footnote'><a href='https:\/\/aitia.fr\/erd\/la-republique-des-censeurs\/#easy-footnote-bottom-7-2141' title='Communiqu\u00e9 de la &lt;em&gt;Jewish Telegraphic Agency&lt;\/em&gt; reproduit dans &lt;em&gt;The Canadian Jewish News&lt;\/em&gt;, 30 janvier 1992.'><sup>7<\/sup><\/a><\/span> Pourtant, comme le rappelle Bricmont, cette &#8220;sottise&#8221;, connue comme telle par les historiens depuis les ann\u00e9es 1960, fut utilis\u00e9e par Benjamin Netanyahou lors d&#8217;une intervention \u00e0 l&#8217;Assembl\u00e9e g\u00e9n\u00e9rale des Nations Unies en 2009, <a href=\"https:\/\/www.youtube.com\/watch?v=U5mmCshkaN0\" target=\"_blank\" rel=\"noopener noreferrer\">dans un discours<\/a> face au pr\u00e9sident iranien Ahmadinejad, comme preuve que la shoah avait bien eu lieu.<span id='easy-footnote-8-2141' class='easy-footnote-margin-adjust'><\/span><span class='easy-footnote'><a href='https:\/\/aitia.fr\/erd\/la-republique-des-censeurs\/#easy-footnote-bottom-8-2141' title='Netanyahu speech at U. N. General Assembly counters claims regarding Holocaust by Ahmadinejad video, sur le site &lt;em&gt;examiner.com&lt;\/em&gt;, 25 septembre 2009'><sup>8<\/sup><\/a><\/span> Rappelons au passage que contrairement \u00e0 une l\u00e9gende tenace propag\u00e9e par les media dominants et jamais clairement d\u00e9mentie par la suite, Mahmoud Ahmadinejad n&#8217;a jamais appel\u00e9 \u00e0 &#8220;<em>rayer Isra\u00ebl de la carte<\/em>&#8221; , mais simplement souhait\u00e9 <a href=\"https:\/\/fr.wikipedia.org\/wiki\/Mahmoud_Ahmadinejad#Relations_Iran-Isra.C3.ABl\" target=\"_blank\" rel=\"noopener noreferrer\">la disparition du r\u00e9gime politique<\/a> occupant J\u00e9rusalem, de la m\u00eame fa\u00e7on que d&#8217;autres ont pu, par le pass\u00e9, souhaiter par exemple la disparition de l&#8217;Union Sovi\u00e9tique.<\/li>\n<\/ul>\n<ul>\n<li style=\"text-align: justify;\"><a href=\"https:\/\/fr.wikipedia.org\/wiki\/Jacques_Baynac\" target=\"_blank\" rel=\"noopener noreferrer\">Jacques Baynac<\/a> pose lui clairement le probl\u00e8me de l&#8217;appartenance ou non de l&#8217;histoire \u00e0 la grande famille des sciences, en ces termes : &#8220;<em>Soit on abandonne le primat de l&#8217;archive au profit du t\u00e9moignage et, dans ce cas, il faut d\u00e9qualifier l&#8217;histoire en tant que science pour la requalifier aussit\u00f4t en tant qu&#8217;art. Soit on maintient le primat de l&#8217;archive et, dans ce cas, il faut reconna\u00eetre que le manque de traces entra\u00eene l&#8217;incapacit\u00e9 d&#8217;\u00e9tablir directement la r\u00e9alit\u00e9 de l&#8217;existence des chambres \u00e0 gaz homicides.<\/em>&#8221; <span id='easy-footnote-9-2141' class='easy-footnote-margin-adjust'><\/span><span class='easy-footnote'><a href='https:\/\/aitia.fr\/erd\/la-republique-des-censeurs\/#easy-footnote-bottom-9-2141' title='Jacques Baynac, &amp;#8220;Le d\u00e9bat sur les chambres \u00e0 gaz (I et II)&amp;#8221;, &lt;em&gt;Le Nouveau Quotidien&lt;\/em&gt;, Gen\u00e8ve, 1 et 2 septembre 1996.'><sup>9<\/sup><\/a><\/span> Je me permettrai d&#8217;ajouter (ce que ne fait pas Bricmont) que pour r\u00e9ellement s&#8217;assurer de la nature scientifique de l&#8217;histoire, il ne suffit pas de maintenir le primat de l&#8217;archive : il faut \u00e9galement s&#8217;assurer que ces archives ne sont pas des faux, ce qui s&#8217;est d\u00e9j\u00e0 vu (songeons par exemple aux <em>Protocoles des Sages de Sion<\/em>) et devient de plus en plus facile \u00e0 l&#8217;\u00e8re num\u00e9rique.<\/li>\n<\/ul>\n<ul>\n<li style=\"text-align: justify;\">Terminons cette liste &#8211; non exhaustive, Bricmont cite d&#8217;autres exemples &#8211; par L\u00e9on Poliakov, soulignant le contraste entre certaines donn\u00e9es historiques et d&#8217;autres : &#8220;<em>Les archives \u00e9ventr\u00e9es du III\u00e8 Reich, les d\u00e9positions et r\u00e9cits de ses chefs,\u00a0 nous permettent de reconstituer dans les moindres d\u00e9tails la naissance et le d\u00e9veloppement de ses plans d&#8217;agression, de ses campagnes militaires et de toute la gamme des proc\u00e9d\u00e9s par lesquels les Nazis entendaient recr\u00e9er le monde \u00e0 leur fa\u00e7on. Seule, la campagne d&#8217;extermination des juifs reste, en ce qui concerne la conception ainsi que sur bien d&#8217;autres aspects essentiels, plong\u00e9e dans le brouillard.<\/em> [&#8230;] <em>En ce qui concerne la conception proprement dite du plan d&#8217;extermination totale, les trois ou quatre principaux acteurs sont morts. Aucun document n&#8217;est rest\u00e9, n&#8217;a peut-\u00eatre jamais exist\u00e9.<\/em>&#8221; <span id='easy-footnote-10-2141' class='easy-footnote-margin-adjust'><\/span><span class='easy-footnote'><a href='https:\/\/aitia.fr\/erd\/la-republique-des-censeurs\/#easy-footnote-bottom-10-2141' title='L\u00e9on Poliakov, &lt;em&gt;Br\u00e9viaire de la haine.&lt;\/em&gt; &lt;em&gt;Le III\u00e8 Reich et les Juifs, &lt;\/em&gt;Paris, Calmann-L\u00e9vy, 1979 [1951], p. 124.'><sup>10<\/sup><\/a><\/span><\/li>\n<\/ul>\n<p style=\"text-align: justify;\">Jean Bricmont fait remarquer que tous ces propos, bien qu&#8217;infiniment plus &#8220;graves&#8221; que ceux qui valurent \u00e0 leurs auteurs des d\u00e9m\u00eal\u00e9s avec la justice, et qui confinaient m\u00eame souvent \u00e0 la banalit\u00e9<span id='easy-footnote-11-2141' class='easy-footnote-margin-adjust'><\/span><span class='easy-footnote'><a href='https:\/\/aitia.fr\/erd\/la-republique-des-censeurs\/#easy-footnote-bottom-11-2141' title='comme Bruno Gollnisch affirmant &amp;#8220;&lt;em&gt;s&amp;#8217;agissant toutefois, au cas par cas, de l&amp;#8217;existence des chambres \u00e0 gaz dans tel ou tel camp, des modalit\u00e9s et de l&amp;#8217;\u00e9tendue de ce drame, je m&amp;#8217;en remets au jugement des historiens sp\u00e9cialistes dont les discussions doivent \u00eatre libres&lt;\/em&gt;&amp;#8220;'><sup>11<\/sup><\/a><\/span>, ne furent pas condamn\u00e9s, et ne suscit\u00e8rent m\u00eame pas une tentative de condamnation par les associations se disant &#8220;antiracistes&#8221;, ce qui tend \u00e0 prouver que la seule utilisation r\u00e9elle de la loi est celle d&#8217;une arme politique brandie par des associations dont la &#8220;lutte contre le racisme et l&#8217;antis\u00e9mitisme&#8221; n&#8217;est que la devanture respectable, mais dont la v\u00e9ritable fonction est la pr\u00e9servation des int\u00e9r\u00eats &#8211; des privil\u00e8ges, devrait-on dire vu son peu de respect du droit international &#8211; du r\u00e9gime isra\u00e9lien.<\/p>\n<p style=\"text-align: justify;\">Bricmont rapporte (p. 78) qu&#8217;avant m\u00eame l&#8217;adoption de la loi Gayssot, la journaliste et historienne <a href=\"https:\/\/fr.wikipedia.org\/wiki\/Annie_Kriegel\" target=\"_blank\" rel=\"noopener noreferrer\">Annie Kriegel<\/a> d\u00e9non\u00e7ait ainsi dans le Figaro &#8220;<em>une obsessionnelle chasse aux sorci\u00e8res qui pr\u00e9sente les m\u00eames exc\u00e8s que n&#8217;importe quelle chasse de cette nature, en s&#8217;abritant derri\u00e8re des institutions juives inqui\u00e8tes pour l\u00e9gitimer une insupportable police juive de la pens\u00e9e.<\/em>&#8221; <span id='easy-footnote-12-2141' class='easy-footnote-margin-adjust'><\/span><span class='easy-footnote'><a href='https:\/\/aitia.fr\/erd\/la-republique-des-censeurs\/#easy-footnote-bottom-12-2141' title='Annie Kriegel, &amp;#8220;Le leurre de l&amp;#8217;antis\u00e9mitisme&amp;#8221;, &lt;em&gt;Le Figaro&lt;\/em&gt;&lt;em&gt;, &lt;\/em&gt;3 avril 1990.'><sup>12<\/sup><\/a><\/span> C&#8217;est en effet un excellent r\u00e9sum\u00e9 de cette monstruosit\u00e9 juridique.<\/p>\n<p style=\"text-align: justify;\"><strong>Le troisi\u00e8me chapitre, <em>Mis\u00e8re de l&#8217;antiracisme<\/em>,<\/strong> d\u00e9bute, sans doute avec un brin de malice, par une citation de Bernard-Henri L\u00e9vy :<\/p>\n<blockquote>\n<p style=\"text-align: justify;\">&#8220;<em>Le droit, non seulement de rire, mais de m\u00e9dire et de blasph\u00e9mer de tout, voil\u00e0 l&#8217;oxyg\u00e8ne de la civilisation.<\/em>&#8221; <span id='easy-footnote-13-2141' class='easy-footnote-margin-adjust'><\/span><span class='easy-footnote'><a href='https:\/\/aitia.fr\/erd\/la-republique-des-censeurs\/#easy-footnote-bottom-13-2141' title='&amp;#8220;Pour Redecker&amp;#8221;, Le bloc-notes de BHL, &lt;em&gt;Le Point&lt;\/em&gt;, 17 novembre 2007.'><sup>13<\/sup><\/a><\/span><\/p>\n<\/blockquote>\n<p><\/p>\n<p style=\"text-align: justify;\">Jean Bricmont y d\u00e9crit la d\u00e9rive assez rapide d&#8217;une gauche qui, une fois arriv\u00e9e au pouvoir en France apr\u00e8s vingt-trois ans d&#8217;opposition, et ayant donc eu le temps de m\u00fbrir un programme, se trouve contrainte de l&#8217;abandonner au bout de deux ans et de faire, sur le plan \u00e9conomique, le contraire de ce pour quoi elle avait \u00e9t\u00e9 \u00e9lue. Il rejoint en cela les analyses de Jean-Claude Mich\u00e9a que j&#8217;\u00e9voquais plus haut, en expliquant que c&#8217;est pour &#8220;justifier&#8221; ces reniements dans le &#8220;dur&#8221; du programme politique qu&#8217;il fallut &#8220;inventer&#8221; ce qu&#8217;il appelle la gauche morale, et qu&#8217;on appelle encore gauche soci\u00e9tale, avec toutes sortes de mouvements &#8220;antiracistes&#8221;, &#8220;f\u00e9ministes&#8221;, &#8220;\u00e9cologistes&#8221; ou encore militant pour les &#8220;droits des homosexuels&#8221;.<\/p>\n<p style=\"text-align: justify;\">Mais, comme le fait justement remarquer Bricmont, contre quoi peut lutter un &#8220;antiraciste&#8221; s&#8217;il n&#8217;existe plus (fort heureusement) de lois racistes obligeant les Noirs \u00e0 s&#8217;asseoir \u00e0 l&#8217;arri\u00e8re des bus, ou interdisant certains m\u00e9tiers aux juifs ? Contre quoi peut lutter un &#8220;militant gay&#8221; s&#8217;il n&#8217;existe aucune loi interdisant les relations homosexuelles ni discrimination envers ceux qui ont ce type de sexualit\u00e9 ? Fatalement, le combat qui ne peut plus avoir de buts concrets d\u00e9rive vers le contr\u00f4le des opinions exprim\u00e9es, donc vers une censure qui ne dit pas son nom &#8211; tout cela est fait bien entendu au nom de principes \u00e9thiques nobles &#8211; mais qui devient de plus en plus pesante et \u00e9touffante.<\/p>\n<p style=\"text-align: justify;\">On inventa donc des ennemis \u00e0 abattre, m\u00eame s&#8217;ils avaient disparu depuis longtemps : ainsi naquit &#8220;l&#8217;antifascisme&#8221;, visant en priorit\u00e9 le Front National soup\u00e7onn\u00e9 de ramener aux &#8220;heures les plus sombres de l&#8217;Histoire&#8221;, et dont m\u00eame <a href=\"https:\/\/www.youtube.com\/watch?v=lkrNg_iDUvI\" target=\"_blank\" rel=\"noopener noreferrer\">Lionel Jospin d\u00e9clara<\/a> qu&#8217;il n&#8217;avait jamais vu en lui un parti fasciste. Jean Bricmont r\u00e9sume fort bien ce glissement par le terme de &#8220;stalinisme bobo&#8221; (p. 152) :<\/p>\n<blockquote>\n<p style=\"text-align: justify;\">&#8220;<em>Dans la mesure o\u00f9 l&#8217;on cherche \u00e0 modifier ce que pensent les personnes \u00e0 l&#8217;\u00e2ge adulte, soit par des lois limitant leur libert\u00e9 d&#8217;expression, qui sont parfois pr\u00e9sent\u00e9es comme ayant une valeur p\u00e9dagogique, soit par des campagnes faites par des associations subventionn\u00e9es par les pouvoirs publics, on entre dans une sorte de totalitarisme mou, ce qu&#8217;on pourrait appeler le stalinisme bobo.<\/em>&#8221; <\/p>\n<\/blockquote>\n<p><\/p>\n<p style=\"text-align: justify;\">Jean Bricmont en arrive alors \u00e0 cette constatation (p. 155) qui r\u00e9sonne particuli\u00e8rement avec <a href=\"https:\/\/aitia.fr\/erd\/pourquoi-je-ne-suis-plus-de-gauche-sans-avoir-jamais-rien-fait-pour-ca-le-saker-francophone\/\" target=\"_blank\" rel=\"noopener noreferrer\">celle que je reprenais r\u00e9cemment<\/a> du <em>saker francophone<\/em> :<\/p>\n<blockquote>\n<p style=\"text-align: justify;\">&#8220;<em>Ne peut-on d\u00e8s lors sugg\u00e9rer que la gauche morale est devenue aujourd&#8217;hui, sur certains aspects essentiels, d&#8217;extr\u00eame droite : soutien \u00e0 la destruction de la d\u00e9mocratie \u00e0 travers la construction europ\u00e9enne, m\u00e9pris du peuple (irr\u00e9ductiblement moisi, chauvin, x\u00e9nophobe, p\u00e9tainiste), qui s&#8217;exprime sous les apparats de l&#8217;antiracisme, appels aux tribunaux pour faire taire les adversaires et soutien aux guerres gr\u00e2ce \u00e0 l&#8217;id\u00e9ologie de l&#8217;ing\u00e9rence humanitaire ?<\/em>&#8221; <\/p>\n<\/blockquote>\n<p><\/p>\n<p style=\"text-align: justify;\">\u00c0 mon humble avis, on le peut tout \u00e0 fait.<\/p>\n","protected":false},"excerpt":{"rendered":"<p>Le genre : d\u00e9monstration par l&#8217;absurde Peut-\u00eatre est-ce d\u00fb \u00e0 sa qualit\u00e9 de physicien, signe d&#8217;une tournure d&#8217;esprit proche de la mienne, mais je dois reconna\u00eetre que j&#8217;appr\u00e9cie particuli\u00e8rement Jean Bricmont, toujours pr\u00e9cis, rationnel et essayant de tirer la r\u00e9flexion vers le haut dans les d\u00e9bats &#8220;soci\u00e9taux&#8221; en faisant preuve d&#8217;une grande rigueur argumentaire, l\u00e0 [&hellip;]<\/p>\n","protected":false},"author":1,"featured_media":0,"comment_status":"open","ping_status":"open","sticky":false,"template":"","format":"standard","meta":[],"categories":[9,29],"tags":[555,127,558,552,150,557,556,559,554],"_links":{"self":[{"href":"https:\/\/aitia.fr\/erd\/wp-json\/wp\/v2\/posts\/2141"}],"collection":[{"href":"https:\/\/aitia.fr\/erd\/wp-json\/wp\/v2\/posts"}],"about":[{"href":"https:\/\/aitia.fr\/erd\/wp-json\/wp\/v2\/types\/post"}],"author":[{"embeddable":true,"href":"https:\/\/aitia.fr\/erd\/wp-json\/wp\/v2\/users\/1"}],"replies":[{"embeddable":true,"href":"https:\/\/aitia.fr\/erd\/wp-json\/wp\/v2\/comments?post=2141"}],"version-history":[{"count":64,"href":"https:\/\/aitia.fr\/erd\/wp-json\/wp\/v2\/posts\/2141\/revisions"}],"predecessor-version":[{"id":12578,"href":"https:\/\/aitia.fr\/erd\/wp-json\/wp\/v2\/posts\/2141\/revisions\/12578"}],"wp:attachment":[{"href":"https:\/\/aitia.fr\/erd\/wp-json\/wp\/v2\/media?parent=2141"}],"wp:term":[{"taxonomy":"category","embeddable":true,"href":"https:\/\/aitia.fr\/erd\/wp-json\/wp\/v2\/categories?post=2141"},{"taxonomy":"post_tag","embeddable":true,"href":"https:\/\/aitia.fr\/erd\/wp-json\/wp\/v2\/tags?post=2141"}],"curies":[{"name":"wp","href":"https:\/\/api.w.org\/{rel}","templated":true}]}}