{"id":21388,"date":"2022-11-17T10:30:19","date_gmt":"2022-11-17T09:30:19","guid":{"rendered":"https:\/\/aitia.fr\/erd\/?p=21388"},"modified":"2022-11-17T10:32:02","modified_gmt":"2022-11-17T09:32:02","slug":"et-gad-elmaleh-devint-goy-elmaleh-slate","status":"publish","type":"post","link":"https:\/\/aitia.fr\/erd\/et-gad-elmaleh-devint-goy-elmaleh-slate\/","title":{"rendered":"Et Gad Elmaleh devint Goy Elmaleh (Slate)"},"content":{"rendered":"<p style=\"text-align: justify;\"><img decoding=\"async\" loading=\"lazy\" class=\"alignleft wp-image-21392\" src=\"https:\/\/aitia.fr\/erd\/wp-content\/uploads\/2022\/11\/Gad-Elmaleh-religieuse.jpg\" alt=\"\" width=\"400\" height=\"281\" srcset=\"https:\/\/aitia.fr\/erd\/wp-content\/uploads\/2022\/11\/Gad-Elmaleh-religieuse.jpg 500w, https:\/\/aitia.fr\/erd\/wp-content\/uploads\/2022\/11\/Gad-Elmaleh-religieuse-300x211.jpg 300w\" sizes=\"(max-width: 400px) 100vw, 400px\" \/>[<em>Note de l&#8217;administrateur de ce blog : pour ceux qui n&#8217;ont pas encore compris la vaste arnaque des associations &#8220;antiracistes&#8221; et de la lutte contre les &#8220;discours de haine&#8221;, en particulier &#8220;antis\u00e9mites&#8221;, cet article d&#8217;un Laurent Sagalovitsch en roue libre arrive \u00e0 point nomm\u00e9. <\/em><\/p>\n<p style=\"text-align: justify;\"><em>Exemple chimiquement pur de haine et de m\u00e9pris anti-chr\u00e9tiens, d&#8217;inversion accusatoire propre aux grands pervers, ce texte entra\u00eenerait imm\u00e9diatement tout journaliste devant les tribunaux, puis rapidement en prison, s&#8217;il \u00e9tait \u00e9crit par un chr\u00e9tien parlant des juifs. Mais l\u00e0, dans Slate, ce magazine en ligne fond\u00e9 en 1996 par <a href=\"https:\/\/en.wikipedia.org\/wiki\/Michael_Kinsley\" target=\"_blank\" rel=\"noopener\">Michael Kinsley<\/a> dans sa version originale am\u00e9ricaine, puis par une brochette de personnalit\u00e9s m\u00e9diatiques dont Jacques Attali <a href=\"https:\/\/fr.wikipedia.org\/wiki\/Slate_(magazine)#Slate.fr\" target=\"_blank\" rel=\"noopener\">pour la version fran\u00e7aise<\/a> en 2009, \u00e7a passe cr\u00e8me. Et si vous faites remarquer que Benjamin de Rothschild en \u00e9tait le principal actionnaire, on risque de vous traiter d&#8217;antis\u00e9mite.<\/em><\/p>\n<p style=\"text-align: justify;\"><em>On savait d\u00e9j\u00e0 que certains juifs ne craignent pas de clamer haut et fort <a href=\"https:\/\/aitia.fr\/erd\/qui-a-dit-n-8\/\" target=\"_blank\" rel=\"noopener\">qu&#8217;ils contr\u00f4lent les media, la politique et la banque<\/a>, que cela leur para\u00eet tout \u00e0 fait naturel et qu&#8217;ils ne s&#8217;inqui\u00e8tent pas qu&#8217;on puisse le penser, mais seulement que cette domination puisse s&#8217;effriter. On sait maintenant que la haine affich\u00e9e de tout ce qui touche au christianisme est pour d&#8217;autres (et peut-\u00eatre pour les m\u00eames) un discours parfaitement casher dont il serait vraiment saugrenu de s&#8217;abstenir.<\/em><\/p>\n<p style=\"text-align: justify;\"><em>Un bel exemple de <a href=\"https:\/\/www.palestine-solidarite.org\/analyses.Gilad_Atzmon.170906.htm\" target=\"_blank\" rel=\"noopener\">syndrome de stress pr\u00e9-traumatique<\/a>, pour reprendre l&#8217;heureuse expression de Gilad Atzmon, qui pr\u00e9pare activement le terrain aux prochaines &#8220;pers\u00e9cutions anti-juives&#8221;, c&#8217;est-\u00e0-dire au retour de b\u00e2ton collectif \u2013 donc porteur d&#8217;injustices \u2013 envers ceux dont les membres les plus bruyants se sont mis d&#8217;eux-m\u00eames en dehors de l&#8217;humanit\u00e9 en rejetant toute fraternit\u00e9 et toute \u00e9galit\u00e9 de droits.<\/em>]<\/p>\n<hr \/>\n<p class=\"article-header__chapo\" style=\"text-align: justify;\"><strong>Demain sort le dernier film de Gad Elmaleh, \u00abReste un peu\u00bb, l&#8217;histoire de sa conversion au catholicisme. Un v\u00e9ritable camouflet pour le juif que je suis.<\/strong><\/p>\n<p style=\"text-align: justify;\">J&#8217;ai failli en perdre ma kippa. Quoi, Gad Elmaleh se serait converti au catholicisme ?!!! Franchement, si c&#8217;est une blague, elle est de tr\u00e8s mauvais go\u00fbt. \u00c0 moins qu&#8217;il ne faille attribuer cette trahison \u00e0 l&#8217;un des effets particuli\u00e8rement retors du changement climatique. Allez savoir si avec le r\u00e9chauffement de la plan\u00e8te, par je ne sais quel transfert d&#8217;\u00e9nergie, les juifs ne vont pas se convertir en masse et se ruer comme un seul homme \u00e0 l&#8217;\u00e9glise de leur quartier ?<\/p>\n<p style=\"text-align: justify;\">Mais Gad, tout de m\u00eame ! Qu&#8217;est-ce qu&#8217;il lui a pris de d\u00e9clamer ainsi son amour \u00e0 la Vierge Marie, de chanter les louanges d&#8217;une religion qui n&#8217;a eu cesse \u00e0 travers les \u00e2ges de <a href=\"https:\/\/fr.wikipedia.org\/wiki\/Pers%C3%A9cution_des_Juifs_pendant_la_premi%C3%A8re_croisade\" target=\"_blank\" rel=\"noopener noreferrer\">pers\u00e9cuter les juifs<\/a>, d&#8217;en faire leur souffre-douleur pr\u00e9f\u00e9r\u00e9? Il souffre du syndrome de Stockholm ou quoi ? \u00c0 moins que ce ne soit \u00e0 l&#8217;alcoolisme qu&#8217;il se soit converti. Ou \u00e0 quelque drogue r\u00e9cr\u00e9ative qui lui aurait mis le cerveau \u00e0 l&#8217;envers. Parce que franchement, cesser de se r\u00e9clamer du juda\u00efsme pour \u00e9pouser les mirages de la chr\u00e9tient\u00e9, c&#8217;est comme d&#8217;encourager l&#8217;<a href=\"https:\/\/fr.wikipedia.org\/wiki\/Association_de_la_jeunesse_auxerroise\" target=\"_blank\" rel=\"noopener noreferrer\">A.J. Auxerre<\/a> apr\u00e8s avoir fr\u00e9quent\u00e9 les all\u00e9es d&#8217;<a href=\"https:\/\/fr.wikipedia.org\/wiki\/Anfield\" target=\"_blank\" rel=\"noopener noreferrer\">Anfield Road<\/a>, le stade mythique des <a href=\"https:\/\/www.youtube.com\/user\/LiverpoolFC\" target=\"_blank\" rel=\"noopener noreferrer\">Reds de Liverpool<\/a>.<\/p>\n<p><a href=\"https:\/\/www.slate.fr\/story\/236252\/blog-sagalovitsch-et-gad-elmaleh-devint-goy-reste-un-peu-conversion-catholicisme\" target=\"_blank\" rel=\"noopener\">Continuer la lecture sur Slate.fr \u2192<\/a><\/p>\n","protected":false},"excerpt":{"rendered":"<p>[Note de l&#8217;administrateur de ce blog : pour ceux qui n&#8217;ont pas encore compris la vaste arnaque des associations &#8220;antiracistes&#8221; et de la lutte contre les &#8220;discours de haine&#8221;, en particulier &#8220;antis\u00e9mites&#8221;, cet article d&#8217;un Laurent Sagalovitsch en roue libre arrive \u00e0 point nomm\u00e9. Exemple chimiquement pur de haine et de m\u00e9pris anti-chr\u00e9tiens, d&#8217;inversion accusatoire [&hellip;]<\/p>\n","protected":false},"author":1,"featured_media":0,"comment_status":"open","ping_status":"open","sticky":false,"template":"","format":"standard","meta":[],"categories":[4,134],"tags":[975,2660,2659,765,1056,124,2661,838],"_links":{"self":[{"href":"https:\/\/aitia.fr\/erd\/wp-json\/wp\/v2\/posts\/21388"}],"collection":[{"href":"https:\/\/aitia.fr\/erd\/wp-json\/wp\/v2\/posts"}],"about":[{"href":"https:\/\/aitia.fr\/erd\/wp-json\/wp\/v2\/types\/post"}],"author":[{"embeddable":true,"href":"https:\/\/aitia.fr\/erd\/wp-json\/wp\/v2\/users\/1"}],"replies":[{"embeddable":true,"href":"https:\/\/aitia.fr\/erd\/wp-json\/wp\/v2\/comments?post=21388"}],"version-history":[{"count":8,"href":"https:\/\/aitia.fr\/erd\/wp-json\/wp\/v2\/posts\/21388\/revisions"}],"predecessor-version":[{"id":21398,"href":"https:\/\/aitia.fr\/erd\/wp-json\/wp\/v2\/posts\/21388\/revisions\/21398"}],"wp:attachment":[{"href":"https:\/\/aitia.fr\/erd\/wp-json\/wp\/v2\/media?parent=21388"}],"wp:term":[{"taxonomy":"category","embeddable":true,"href":"https:\/\/aitia.fr\/erd\/wp-json\/wp\/v2\/categories?post=21388"},{"taxonomy":"post_tag","embeddable":true,"href":"https:\/\/aitia.fr\/erd\/wp-json\/wp\/v2\/tags?post=21388"}],"curies":[{"name":"wp","href":"https:\/\/api.w.org\/{rel}","templated":true}]}}