{"id":21356,"date":"2022-11-06T08:56:54","date_gmt":"2022-11-06T07:56:54","guid":{"rendered":"https:\/\/aitia.fr\/erd\/?p=21356"},"modified":"2022-11-06T08:56:54","modified_gmt":"2022-11-06T07:56:54","slug":"affaire-fournas-bilongo-lfi-tient-enfin-son-depute-rn-raciste-er","status":"publish","type":"post","link":"https:\/\/aitia.fr\/erd\/affaire-fournas-bilongo-lfi-tient-enfin-son-depute-rn-raciste-er\/","title":{"rendered":"Affaire Fournas-Bilongo : LFI tient enfin <br>son d\u00e9put\u00e9 RN raciste ! (E&#038;R)"},"content":{"rendered":"<p style=\"text-align: justify;\"><a href=\"https:\/\/www.comediensdelatour.fr\/notre-association\/notre-repertoire\/le-tartuffe\/\" target=\"_blank\" rel=\"noopener\"><img decoding=\"async\" loading=\"lazy\" class=\"alignleft wp-image-21361\" src=\"https:\/\/aitia.fr\/erd\/wp-content\/uploads\/2022\/11\/LeTartuffe_Affiche.jpg\" alt=\"\" width=\"336\" height=\"504\" srcset=\"https:\/\/aitia.fr\/erd\/wp-content\/uploads\/2022\/11\/LeTartuffe_Affiche.jpg 400w, https:\/\/aitia.fr\/erd\/wp-content\/uploads\/2022\/11\/LeTartuffe_Affiche-200x300.jpg 200w\" sizes=\"(max-width: 336px) 100vw, 336px\" \/><\/a>[<em>Note de l&#8217;administrateur de ce blog : que des parlementaires ayant fait profession de mentir pour \u00eatre \u00e9lus puissent monter de toutes pi\u00e8ces un scandale sur la base de propos volontairement mal interpr\u00e9t\u00e9s, c&#8217;est d\u00e9j\u00e0 regrettable ; mais que des citoyens puissent ne pas voir l&#8217;arnaque, c&#8217;est bien pire.<\/em><\/p>\n<p style=\"text-align: justify;\"><em>Tant que le peuple acceptera de se faire manipuler, il continuera \u00e0 l&#8217;\u00eatre. Ajoutons que ceux qui crient le plus au racisme sont bien souvent des racistes refoul\u00e9s pas vraiment en paix avec eux-m\u00eames. Il faudrait pour cela qu&#8217;ils commencent par d\u00e9noncer le seul r\u00e9gime officiellement raciste du monde : Isra\u00ebl.<\/em>]<\/p>\n<hr \/>\n<p style=\"text-align: justify;\"><strong>Jeudi 3 novembre 2022, c\u2019est l\u2019heure des questions au gouvernement \u00e0 l\u2019Assembl\u00e9e. Au tour du d\u00e9put\u00e9 LFI Carlos Martens Bilongo&#8230; Soudain, le drame. Bilongo \u00e9voque les bateaux de migrants qui viennent d\u2019Afrique et soudain, on entend, dans l\u2019h\u00e9micycle\u00a0: \u00ab\u00a0<i>Qu\u2019ils retournent en Afrique\u00a0!<\/i>\u00a0\u00bb<\/strong><\/p>\n<p style=\"text-align: justify;\">Une phrase terrifiante prononc\u00e9e par Gr\u00e9goire de Fournas, le d\u00e9put\u00e9 RN qui monte, et qui du coup est un peu redescendu, sur terre, puis plus bas que terre, puisque toute l\u2019Assembl\u00e9e \u2013 sauf les 88 RN \u2013 lui est tomb\u00e9e dessus.<\/p>\n<p style=\"text-align: justify;\">Vous pensez, la gauche NUPES et la droite bourgeoise Renaissance en mal d\u2019indignation tenaient enfin leur d\u00e9put\u00e9 RN raciste\u00a0! La chance\u00a0! M\u00eame si Fournas \u00e9voquait les bateaux plut\u00f4t que les migrants, et que l\u2019Assembl\u00e9e est un espace de discussion, voir de dispute, tout le monde a pouss\u00e9 des hauts cris, et la droite comme la gauche, la main sur le c\u0153ur, l\u2019autre sur le portefeuille, ont cri\u00e9 au racisme, au scandale, aux \u00ab\u00a0<i>\u00e9v\u00e9nements<\/i> \u00bb.<\/p>\n<p><a href=\"https:\/\/www.egaliteetreconciliation.fr\/Affaire-Fournas-Bilongo-LFI-tient-enfin-son-depute-RN-raciste-70175.html\" target=\"_blank\" rel=\"noopener\">Continuer la lecture sur \u00c9galit\u00e9 &amp; R\u00e9conciliation (ou r\u00e9sistancE &amp; R\u00e9information) \u2192<\/a><\/p>\n<p>&nbsp;<\/p>\n","protected":false},"excerpt":{"rendered":"<p>[Note de l&#8217;administrateur de ce blog : que des parlementaires ayant fait profession de mentir pour \u00eatre \u00e9lus puissent monter de toutes pi\u00e8ces un scandale sur la base de propos volontairement mal interpr\u00e9t\u00e9s, c&#8217;est d\u00e9j\u00e0 regrettable ; mais que des citoyens puissent ne pas voir l&#8217;arnaque, c&#8217;est bien pire. Tant que le peuple acceptera de [&hellip;]<\/p>\n","protected":false},"author":1,"featured_media":0,"comment_status":"open","ping_status":"open","sticky":false,"template":"","format":"standard","meta":[],"categories":[4,134,29],"tags":[1482,2657,2658,963,2600,20,72,2601],"_links":{"self":[{"href":"https:\/\/aitia.fr\/erd\/wp-json\/wp\/v2\/posts\/21356"}],"collection":[{"href":"https:\/\/aitia.fr\/erd\/wp-json\/wp\/v2\/posts"}],"about":[{"href":"https:\/\/aitia.fr\/erd\/wp-json\/wp\/v2\/types\/post"}],"author":[{"embeddable":true,"href":"https:\/\/aitia.fr\/erd\/wp-json\/wp\/v2\/users\/1"}],"replies":[{"embeddable":true,"href":"https:\/\/aitia.fr\/erd\/wp-json\/wp\/v2\/comments?post=21356"}],"version-history":[{"count":17,"href":"https:\/\/aitia.fr\/erd\/wp-json\/wp\/v2\/posts\/21356\/revisions"}],"predecessor-version":[{"id":21376,"href":"https:\/\/aitia.fr\/erd\/wp-json\/wp\/v2\/posts\/21356\/revisions\/21376"}],"wp:attachment":[{"href":"https:\/\/aitia.fr\/erd\/wp-json\/wp\/v2\/media?parent=21356"}],"wp:term":[{"taxonomy":"category","embeddable":true,"href":"https:\/\/aitia.fr\/erd\/wp-json\/wp\/v2\/categories?post=21356"},{"taxonomy":"post_tag","embeddable":true,"href":"https:\/\/aitia.fr\/erd\/wp-json\/wp\/v2\/tags?post=21356"}],"curies":[{"name":"wp","href":"https:\/\/api.w.org\/{rel}","templated":true}]}}