{"id":21339,"date":"2022-11-02T08:03:34","date_gmt":"2022-11-02T07:03:34","guid":{"rendered":"https:\/\/aitia.fr\/erd\/?p=21339"},"modified":"2022-11-02T08:10:52","modified_gmt":"2022-11-02T07:10:52","slug":"linterpretation-de-lagression-contre-paul-pelosi-reseau-voltaire","status":"publish","type":"post","link":"https:\/\/aitia.fr\/erd\/linterpretation-de-lagression-contre-paul-pelosi-reseau-voltaire\/","title":{"rendered":"L\u2019interpr\u00e9tation de l\u2019agression contre Paul Pelosi <br>(R\u00e9seau Voltaire)"},"content":{"rendered":"<p><img decoding=\"async\" loading=\"lazy\" class=\"alignleft wp-image-21340 size-full\" src=\"https:\/\/aitia.fr\/erd\/wp-content\/uploads\/2022\/11\/Paul_Pelosi_2022-e1667372295201.jpg\" alt=\"\" width=\"320\" height=\"484\" \/><\/p>\n<p style=\"text-align: justify;\">[<em>Note de l&#8217;administrateur de ce blog : mentir effront\u00e9ment n&#8217;est pas un probl\u00e8me pour ces gens-l\u00e0, c&#8217;est m\u00eame la raison pour laquelle ils parviennent au pouvoir.<\/em><\/p>\n<p style=\"text-align: justify;\"><em><a href=\"https:\/\/web.archive.org\/web\/20221029125631\/https:\/\/www.smobserved.com\/story\/2022\/10\/29\/opinion\/the-awful-truth-paul-pelosi-was-drunk-again-and-in-a-dispute-with-a-male-prostitute-early-friday-morning\/7191.html\" target=\"_blank\" rel=\"noopener\">Recycler leurs erreurs ou turpitudes<\/a> en attaques contre leurs adversaires est pour eux une seconde nature, voire la premi\u00e8re.<\/em>]<\/p>\n<hr \/>\n<p style=\"text-align: justify;\">L\u2019agression dont Paul Pelosi, l\u2019\u00e9poux de la pr\u00e9sidente de la Chambre des repr\u00e9sentants, a \u00e9t\u00e9 victime dans son domicile hautement prot\u00e9g\u00e9, a donn\u00e9 lieu \u00e0 diverses interpr\u00e9tations.<\/p>\n<p style=\"text-align: justify;\">Selon Madame Pelosi et le Parti d\u00e9mocrate, l\u2019agresseur \u00e9tait un trumpiste venu pour la tuer. Ne la trouvant pas, il s\u2019en est pris \u00e0 son mari dont il a enfonc\u00e9 le cr\u00e2ne \u00e0 coups de marteaux. Le vieil homme a \u00e9t\u00e9 hospitalis\u00e9. Ses jours ne sont pas en danger. Selon l\u2019ex-petite amie du suspect, l\u2019homme serait un d\u00e9s\u00e9quilibr\u00e9 qui se prend pour J\u00e9sus.<\/p>\n<p style=\"text-align: justify;\">Pourtant, aucune trace d\u2019effraction n\u2019a \u00e9t\u00e9 relev\u00e9e\u00a0; les gardes du corps ne sont pas intervenus\u00a0; et le seul marteau trouv\u00e9 appartenait \u00e0 Monsieur Pelosi.<\/p>\n<p style=\"text-align: justify;\">\u00c0 l\u2019interpr\u00e9tation politique dramatique des d\u00e9mocrates qui pr\u00e9sente un pays au bord du chaos, une autre interpr\u00e9tation beaucoup plus <i>people<\/i> fait face.<\/p>\n<p><a href=\"https:\/\/www.voltairenet.org\/article217141.html\" target=\"_blank\" rel=\"noopener\">Continuer la lecture sur le R\u00e9seau Voltaire \u2192<\/a><\/p>\n","protected":false},"excerpt":{"rendered":"<p>[Note de l&#8217;administrateur de ce blog : mentir effront\u00e9ment n&#8217;est pas un probl\u00e8me pour ces gens-l\u00e0, c&#8217;est m\u00eame la raison pour laquelle ils parviennent au pouvoir. Recycler leurs erreurs ou turpitudes en attaques contre leurs adversaires est pour eux une seconde nature, voire la premi\u00e8re.] L\u2019agression dont Paul Pelosi, l\u2019\u00e9poux de la pr\u00e9sidente de la [&hellip;]<\/p>\n","protected":false},"author":1,"featured_media":0,"comment_status":"open","ping_status":"open","sticky":false,"template":"","format":"standard","meta":[],"categories":[4,134,29],"tags":[760,2656,1124,48,2654,2655],"_links":{"self":[{"href":"https:\/\/aitia.fr\/erd\/wp-json\/wp\/v2\/posts\/21339"}],"collection":[{"href":"https:\/\/aitia.fr\/erd\/wp-json\/wp\/v2\/posts"}],"about":[{"href":"https:\/\/aitia.fr\/erd\/wp-json\/wp\/v2\/types\/post"}],"author":[{"embeddable":true,"href":"https:\/\/aitia.fr\/erd\/wp-json\/wp\/v2\/users\/1"}],"replies":[{"embeddable":true,"href":"https:\/\/aitia.fr\/erd\/wp-json\/wp\/v2\/comments?post=21339"}],"version-history":[{"count":11,"href":"https:\/\/aitia.fr\/erd\/wp-json\/wp\/v2\/posts\/21339\/revisions"}],"predecessor-version":[{"id":21351,"href":"https:\/\/aitia.fr\/erd\/wp-json\/wp\/v2\/posts\/21339\/revisions\/21351"}],"wp:attachment":[{"href":"https:\/\/aitia.fr\/erd\/wp-json\/wp\/v2\/media?parent=21339"}],"wp:term":[{"taxonomy":"category","embeddable":true,"href":"https:\/\/aitia.fr\/erd\/wp-json\/wp\/v2\/categories?post=21339"},{"taxonomy":"post_tag","embeddable":true,"href":"https:\/\/aitia.fr\/erd\/wp-json\/wp\/v2\/tags?post=21339"}],"curies":[{"name":"wp","href":"https:\/\/api.w.org\/{rel}","templated":true}]}}