{"id":21250,"date":"2022-09-16T16:21:24","date_gmt":"2022-09-16T14:21:24","guid":{"rendered":"https:\/\/aitia.fr\/erd\/?p=21250"},"modified":"2022-09-16T16:21:24","modified_gmt":"2022-09-16T14:21:24","slug":"la-souverainete-profonde-est-lenjeu-de-ce-siecle-laurent-ozon","status":"publish","type":"post","link":"https:\/\/aitia.fr\/erd\/la-souverainete-profonde-est-lenjeu-de-ce-siecle-laurent-ozon\/","title":{"rendered":"La souverainet\u00e9 profonde est l\u2019enjeu de ce si\u00e8cle <br>(Laurent Ozon)"},"content":{"rendered":"<p style=\"text-align: justify;\" data-wp-editing=\"1\"><img decoding=\"async\" loading=\"lazy\" class=\"alignleft wp-image-21251\" src=\"https:\/\/aitia.fr\/erd\/wp-content\/uploads\/2022\/09\/Laurent-Ozon.png\" alt=\"\" width=\"340\" height=\"305\" srcset=\"https:\/\/aitia.fr\/erd\/wp-content\/uploads\/2022\/09\/Laurent-Ozon.png 450w, https:\/\/aitia.fr\/erd\/wp-content\/uploads\/2022\/09\/Laurent-Ozon-300x269.png 300w\" sizes=\"(max-width: 340px) 100vw, 340px\" \/>[<em>Note de l&#8217;administrateur de ce blog : je ne m&#8217;attendais pas en lisant cet entretien \u00e0 y trouver une r\u00e9sonance aussi forte avec les concepts th\u00e9oriques d\u00e9velopp\u00e9s par le physicien Fran\u00e7ois Roddier dans son essai &#8220;Thermodynamique de l&#8217;\u00e9volution&#8221;. <\/em><\/p>\n<p style=\"text-align: justify;\"><em>J&#8217;invite donc mes lecteurs \u00e0 se reporter \u00e9galement \u00e0 ce livre, auquel j&#8217;avais consacr\u00e9 <a href=\"https:\/\/aitia.fr\/erd\/thermodynamique-de-levolution\/\" target=\"_blank\" rel=\"noopener\">une fiche de lecture<\/a> sur ce blog fin 2014.<\/em>]<\/p>\n<hr \/>\n<p style=\"text-align: justify;\"><a href=\"https:\/\/twitter.com\/LaurentOzon\" target=\"_blank\" rel=\"noopener\">Laurent Ozon<\/a> est essayiste et le dirigeant de <a href=\"https:\/\/medialocalpostify.wixsite.com\/strargums\" target=\"_blank\" rel=\"noopener\">Strargum<\/a>.<br \/>\nCet entretien a \u00e9t\u00e9 publi\u00e9 le 16 septembre 2022.<\/p>\n<p style=\"text-align: justify;\"><strong><em>1\/ Que genre de mouvement l\u2019Histoire du monde conna\u00eet-elle actuellement ?<\/em><\/strong><\/p>\n<p style=\"text-align: justify;\">Mouvement dites-vous ? Je dirais que notre Terre est un syst\u00e8me \u00e9nerg\u00e9tiquement ouvert, tournant sur des cycles de 365 jours dans le sens inverse des aiguilles d\u2019une montre, autour d\u2019une \u00e9toile qui est sa source d\u2019\u00e9nergie principale et qui elle-m\u00eame tourne autour d\u2019un trou noir supermasssif situ\u00e9 au centre de la Voie Lact\u00e9e sur un cycle de 220 millions d\u2019ann\u00e9es. Sur cette terre existe quelque-chose qui semble rare et peut-\u00eatre m\u00eame unique : la vie. Enfin rare pour le moment, puisque que la vie cherche, par les moyens de quelques primates anxieux et calculateurs, \u00e0 s\u2019implanter sur d\u2019autres cailloux stellaires. La Vie pr\u00e9sente trois amusantes caract\u00e9ristiques et c\u2019est \u00e0 \u00e7a qu\u2019on la reconna\u00eet, si je puis dire. D\u2019abord elle cherche \u00e0 maintenir son hom\u00e9ostase (sa stabilit\u00e9 face aux discontinuit\u00e9s qui la menacent). Ensuite elle est capable d\u2019apprentissage. C\u2019est un \u00ab apprentissage par la mort \u00bb selon la loi de la s\u00e9lection naturelle, bien que nous ayons \u00e9tablis des processus d\u2019apprentissages diff\u00e9rents par la culture. Enfin, la Vie cherche \u00e0 se reproduire et \u00e0 s\u2019\u00e9tendre. La vie est donc une structure cr\u00e9atrice d\u2019ordre (de diversit\u00e9 organis\u00e9e), dissipant de l\u2019\u00e9nergie dite \u00ab libre\u00a0\u00bb (facilement accessible) qui apprend, se reproduit et pr\u00e9serve sa stabilit\u00e9. Bon, j\u2019imagine que vous n\u2019attendiez pas cette r\u00e9ponse. Mais j\u2019y arrive.<\/p>\n<p style=\"text-align: justify;\">La vie, en s\u2019organisant, proc\u00e8de \u00e0 des recompositions permanentes qui augmentent sa diversit\u00e9 organis\u00e9e et la multiplication de ses formes et caract\u00e9ristiques, malgr\u00e9 la pression permanente du principe inverse, que nous appellerons si vous le voulez bien le mal ou plus prosa\u00efquement\u00a0le deuxi\u00e8me principe de la thermodynamique. Celui qui homog\u00e9n\u00e9ise, d\u00e9sorganise, d\u00e9construit, r\u00e9duit \u00e0 l\u2019\u00e9l\u00e9mentaire et qui cherche \u00e0 faire toutes ces saloperies, plus vite que la Vie ne fait l\u2019inverse. <strong>L\u2019Histoire du monde est donc une course de vitesse entre la vie qui fabrique des formes, des esp\u00e8ces, des processus, des paysages, des communaut\u00e9s, des \u00e9cosyst\u00e8mes, et ce mal qui cherche \u00e0 restituer \u00e0 notre caillou stellaire, l\u2019aspect qu\u2019il avait il y a quatre milliards d\u2019ann\u00e9es : une sph\u00e8re \u00e0 la croute surchauff\u00e9e et st\u00e9rile.<\/strong> Si le mal entropique triomphe un jour, personne n\u2019entendra la vie crier en s\u2019\u00e9teignant dans les infinit\u00e9s intersid\u00e9rales.<\/p>\n<p><a href=\"https:\/\/souveraine.tech\/la-souverainete-profonde-est-lenjeu-de-ce-siecle\/\" target=\"_blank\" rel=\"noopener\">Continuer la lecture sur Souveraine.tech \u2192<\/a><\/p>\n","protected":false},"excerpt":{"rendered":"<p>[Note de l&#8217;administrateur de ce blog : je ne m&#8217;attendais pas en lisant cet entretien \u00e0 y trouver une r\u00e9sonance aussi forte avec les concepts th\u00e9oriques d\u00e9velopp\u00e9s par le physicien Fran\u00e7ois Roddier dans son essai &#8220;Thermodynamique de l&#8217;\u00e9volution&#8221;. J&#8217;invite donc mes lecteurs \u00e0 se reporter \u00e9galement \u00e0 ce livre, auquel j&#8217;avais consacr\u00e9 une fiche de [&hellip;]<\/p>\n","protected":false},"author":1,"featured_media":0,"comment_status":"open","ping_status":"open","sticky":false,"template":"","format":"standard","meta":[],"categories":[134,9,6],"tags":[2224,2641,90,2642,2640,95,91,287,89],"_links":{"self":[{"href":"https:\/\/aitia.fr\/erd\/wp-json\/wp\/v2\/posts\/21250"}],"collection":[{"href":"https:\/\/aitia.fr\/erd\/wp-json\/wp\/v2\/posts"}],"about":[{"href":"https:\/\/aitia.fr\/erd\/wp-json\/wp\/v2\/types\/post"}],"author":[{"embeddable":true,"href":"https:\/\/aitia.fr\/erd\/wp-json\/wp\/v2\/users\/1"}],"replies":[{"embeddable":true,"href":"https:\/\/aitia.fr\/erd\/wp-json\/wp\/v2\/comments?post=21250"}],"version-history":[{"count":6,"href":"https:\/\/aitia.fr\/erd\/wp-json\/wp\/v2\/posts\/21250\/revisions"}],"predecessor-version":[{"id":21257,"href":"https:\/\/aitia.fr\/erd\/wp-json\/wp\/v2\/posts\/21250\/revisions\/21257"}],"wp:attachment":[{"href":"https:\/\/aitia.fr\/erd\/wp-json\/wp\/v2\/media?parent=21250"}],"wp:term":[{"taxonomy":"category","embeddable":true,"href":"https:\/\/aitia.fr\/erd\/wp-json\/wp\/v2\/categories?post=21250"},{"taxonomy":"post_tag","embeddable":true,"href":"https:\/\/aitia.fr\/erd\/wp-json\/wp\/v2\/tags?post=21250"}],"curies":[{"name":"wp","href":"https:\/\/api.w.org\/{rel}","templated":true}]}}