{"id":21161,"date":"2022-07-06T17:01:37","date_gmt":"2022-07-06T15:01:37","guid":{"rendered":"https:\/\/aitia.fr\/erd\/?p=21161"},"modified":"2022-07-06T17:01:37","modified_gmt":"2022-07-06T15:01:37","slug":"comment-en-sommes-nous-arrives-la-lexpertise-dalain-juillet-liberty-voice","status":"publish","type":"post","link":"https:\/\/aitia.fr\/erd\/comment-en-sommes-nous-arrives-la-lexpertise-dalain-juillet-liberty-voice\/","title":{"rendered":"Comment en sommes-nous arriv\u00e9s l\u00e0 &#8211; L&#8217;expertise <br>d&#8217;Alain Juillet (Liberty Voice)"},"content":{"rendered":"<p style=\"text-align: justify;\">[<em>Note de l&#8217;administrateur de ce blog : une analyse limpide et concise (25 min) de la guerre en Ukraine qui ne peut que renforcer la conviction d&#8217;\u00eatre gouvern\u00e9s par des incapables ou des tra\u00eetres.<\/em><\/p>\n<p style=\"text-align: justify;\"><em>&#8220;En ce qui concerne les Fran\u00e7ais et les Allemands, nous sommes responsables de la situation actuelle.&#8221;<\/em><\/p>\n<p style=\"text-align: justify;\"><em>Plus exactement, nos gouvernants (gouvern\u00e9s ?) sont responsables, et c&#8217;est bien s\u00fbr une chose que les &#8220;journalistes&#8221; ne peuvent dire, puisqu&#8217;ils ne sont que les auxiliaires du pouvoir.<\/em>]<\/p>\n<hr \/>\n<p style=\"text-align: center;\"><iframe loading=\"lazy\" width=\"640\" height=\"360\" id=\"odysee-iframe\" src=\"https:\/\/odysee.com\/$\/embed\/Comment-en-sommes-nous-arriv%C3%A9s-l%C3%A0-_-L%27expertise-d%27Alain-Juillet\/0f773fe333a79fdb1c44ffcba7afe086fd218f9a?r=CWmrqpNZQFpHihAy7iZefgUDiC5mVS6C\" allowfullscreen=\"allowfullscreen\"><\/iframe><\/p>\n","protected":false},"excerpt":{"rendered":"<p>[Note de l&#8217;administrateur de ce blog : une analyse limpide et concise (25 min) de la guerre en Ukraine qui ne peut que renforcer la conviction d&#8217;\u00eatre gouvern\u00e9s par des incapables ou des tra\u00eetres. &#8220;En ce qui concerne les Fran\u00e7ais et les Allemands, nous sommes responsables de la situation actuelle.&#8221; Plus exactement, nos gouvernants (gouvern\u00e9s [&hellip;]<\/p>\n","protected":false},"author":1,"featured_media":0,"comment_status":"open","ping_status":"open","sticky":false,"template":"","format":"video","meta":[],"categories":[4,134,133,3,29],"tags":[2565,156,169,61,48,869,168,167,158],"_links":{"self":[{"href":"https:\/\/aitia.fr\/erd\/wp-json\/wp\/v2\/posts\/21161"}],"collection":[{"href":"https:\/\/aitia.fr\/erd\/wp-json\/wp\/v2\/posts"}],"about":[{"href":"https:\/\/aitia.fr\/erd\/wp-json\/wp\/v2\/types\/post"}],"author":[{"embeddable":true,"href":"https:\/\/aitia.fr\/erd\/wp-json\/wp\/v2\/users\/1"}],"replies":[{"embeddable":true,"href":"https:\/\/aitia.fr\/erd\/wp-json\/wp\/v2\/comments?post=21161"}],"version-history":[{"count":4,"href":"https:\/\/aitia.fr\/erd\/wp-json\/wp\/v2\/posts\/21161\/revisions"}],"predecessor-version":[{"id":21165,"href":"https:\/\/aitia.fr\/erd\/wp-json\/wp\/v2\/posts\/21161\/revisions\/21165"}],"wp:attachment":[{"href":"https:\/\/aitia.fr\/erd\/wp-json\/wp\/v2\/media?parent=21161"}],"wp:term":[{"taxonomy":"category","embeddable":true,"href":"https:\/\/aitia.fr\/erd\/wp-json\/wp\/v2\/categories?post=21161"},{"taxonomy":"post_tag","embeddable":true,"href":"https:\/\/aitia.fr\/erd\/wp-json\/wp\/v2\/tags?post=21161"}],"curies":[{"name":"wp","href":"https:\/\/api.w.org\/{rel}","templated":true}]}}