{"id":2115,"date":"2015-02-23T16:24:08","date_gmt":"2015-02-23T15:24:08","guid":{"rendered":"https:\/\/aitia.fr\/erd\/?p=2115"},"modified":"2015-02-25T16:07:03","modified_gmt":"2015-02-25T15:07:03","slug":"la-fausse-guerre-dobama-contre-le-groupe-etat-islamique","status":"publish","type":"post","link":"https:\/\/aitia.fr\/erd\/la-fausse-guerre-dobama-contre-le-groupe-etat-islamique\/","title":{"rendered":"La \u00ab fausse guerre \u00bb d\u2019Obama contre le groupe \u00c9tat Islamique (mondialisation.ca)"},"content":{"rendered":"<p style=\"text-align: justify;\"><a href=\"https:\/\/aitia.fr\/erd\/wp-content\/uploads\/2015\/02\/ISIS-made-in-USA1.png\"><img decoding=\"async\" loading=\"lazy\" class=\" size-full wp-image-2116 alignleft\" src=\"https:\/\/aitia.fr\/erd\/wp-content\/uploads\/2015\/02\/ISIS-made-in-USA1.png\" alt=\"ISIS-made-in-USA1\" width=\"267\" height=\"262\" \/><\/a>Par le professeur Michel Chossudovsky<\/p>\n<p style=\"text-align: justify;\">Depuis ao\u00fbt 2014, l\u2019US Air Force, avec le soutien d\u2019une coalition de 19 pays, m\u00e8ne sans rel\u00e2che une intense campagne de bombardements a\u00e9riens contre la Syrie et l\u2019Irak ciblant suppos\u00e9ment les brigades du groupe \u00c9tat islamique (EI).<\/p>\n<p style=\"text-align: justify;\" align=\"JUSTIFY\">Selon Defense News, plus de 16\u00a0000 frappes a\u00e9riennes ont \u00e9t\u00e9 effectu\u00e9es entre ao\u00fbt 2014 et la mi-janvier 2015. Soixante pour cent des frappes a\u00e9riennes ont \u00e9t\u00e9 men\u00e9es par l\u2019US Air Force \u00e0 l\u2019aide de chasseurs \u00e0 r\u00e9action perfectionn\u00e9s (Aaron Mehta,\u00a0<a href=\"https:\/\/www.defensenews.com\/story\/defense\/2015\/01\/19\/a10-strikes-isis-11-percent\/21875911\/\">\u201cA-10 Performing 11 Percent of Anti-ISIS Sorties\u201d<\/a>, Defense News, 19 janvier 2015.)<\/p>\n<p style=\"text-align: justify;\" align=\"JUSTIFY\">Les frappes a\u00e9riennes ont \u00e9t\u00e9 simplement d\u00e9crites par les m\u00e9dias comme faisant partie d\u2019une \u00ab\u00a0l\u00e9g\u00e8re\u00a0\u00bb op\u00e9ration antiterroriste, plut\u00f4t que comme un acte de guerre totale contre la Syrie et l\u2019Irak.<\/p>\n<p style=\"text-align: justify;\" align=\"JUSTIFY\"><a title=\"La \u00ab fausse guerre \u00bb d\u2019Obama contre le groupe \u00c9tat islamique, prot\u00e9g\u00e9 par les \u00c9tats-Unis et leurs alli\u00e9s\" href=\"https:\/\/www.mondialisation.ca\/la-fausse-guerre-dobama-contre-le-groupe-etat-islamique-protege-par-les-etats-unis-et-leurs-allies\/5432512\" target=\"_blank\">Continuer la lecture sur mondialisation.ca\u00a0<span class=\"Apple-style-span\"><span class=\"meta-nav\">\u2192<\/span><\/span><\/a><\/p>\n<p>&nbsp;<\/p>\n","protected":false},"excerpt":{"rendered":"<p>Par le professeur Michel Chossudovsky Depuis ao\u00fbt 2014, l\u2019US Air Force, avec le soutien d\u2019une coalition de 19 pays, m\u00e8ne sans rel\u00e2che une intense campagne de bombardements a\u00e9riens contre la Syrie et l\u2019Irak ciblant suppos\u00e9ment les brigades du groupe \u00c9tat islamique (EI). Selon Defense News, plus de 16\u00a0000 frappes a\u00e9riennes ont \u00e9t\u00e9 effectu\u00e9es entre ao\u00fbt [&hellip;]<\/p>\n","protected":false},"author":1,"featured_media":0,"comment_status":"open","ping_status":"open","sticky":false,"template":"","format":"standard","meta":[],"categories":[4,134,29],"tags":[187,156,152,48,71],"_links":{"self":[{"href":"https:\/\/aitia.fr\/erd\/wp-json\/wp\/v2\/posts\/2115"}],"collection":[{"href":"https:\/\/aitia.fr\/erd\/wp-json\/wp\/v2\/posts"}],"about":[{"href":"https:\/\/aitia.fr\/erd\/wp-json\/wp\/v2\/types\/post"}],"author":[{"embeddable":true,"href":"https:\/\/aitia.fr\/erd\/wp-json\/wp\/v2\/users\/1"}],"replies":[{"embeddable":true,"href":"https:\/\/aitia.fr\/erd\/wp-json\/wp\/v2\/comments?post=2115"}],"version-history":[{"count":5,"href":"https:\/\/aitia.fr\/erd\/wp-json\/wp\/v2\/posts\/2115\/revisions"}],"predecessor-version":[{"id":2121,"href":"https:\/\/aitia.fr\/erd\/wp-json\/wp\/v2\/posts\/2115\/revisions\/2121"}],"wp:attachment":[{"href":"https:\/\/aitia.fr\/erd\/wp-json\/wp\/v2\/media?parent=2115"}],"wp:term":[{"taxonomy":"category","embeddable":true,"href":"https:\/\/aitia.fr\/erd\/wp-json\/wp\/v2\/categories?post=2115"},{"taxonomy":"post_tag","embeddable":true,"href":"https:\/\/aitia.fr\/erd\/wp-json\/wp\/v2\/tags?post=2115"}],"curies":[{"name":"wp","href":"https:\/\/api.w.org\/{rel}","templated":true}]}}