{"id":21046,"date":"2022-04-24T14:58:42","date_gmt":"2022-04-24T12:58:42","guid":{"rendered":"https:\/\/aitia.fr\/erd\/?p=21046"},"modified":"2022-04-24T14:59:34","modified_gmt":"2022-04-24T12:59:34","slug":"macron-et-la-toile-daraignee-atlantiste-imperialiste-et-eugeniste-jeanne-traduction","status":"publish","type":"post","link":"https:\/\/aitia.fr\/erd\/macron-et-la-toile-daraignee-atlantiste-imperialiste-et-eugeniste-jeanne-traduction\/","title":{"rendered":"Macron et la toile d&#8217;araign\u00e9e atlantiste imp\u00e9rialiste <br>et eug\u00e9niste (Jeanne traduction)"},"content":{"rendered":"<p style=\"text-align: justify;\">[<em>Note de l&#8217;administrateur de ce blog : Macron n&#8217;est pas le probl\u00e8me, il n&#8217;est qu&#8217;un sympt\u00f4me, un r\u00e9v\u00e9lateur, et la partie visible de l&#8217;iceberg. \u00c9largir la perspective, g\u00e9ographique et historique, est important pour comprendre, et lutter plus efficacement contre les forces de l&#8217;oppression.<\/em>]<\/p>\n<hr \/>\n<p style=\"text-align: center;\"><iframe loading=\"lazy\" width=\"640\" height=\"360\" src=\"https:\/\/www.youtube.com\/embed\/9dSJHOrQR5k\" title=\"YouTube video player\" frameborder=\"0\" allow=\"accelerometer; autoplay; clipboard-write; encrypted-media; gyroscope; picture-in-picture\" allowfullscreen><\/iframe><\/p>\n","protected":false},"excerpt":{"rendered":"<p>[Note de l&#8217;administrateur de ce blog : Macron n&#8217;est pas le probl\u00e8me, il n&#8217;est qu&#8217;un sympt\u00f4me, un r\u00e9v\u00e9lateur, et la partie visible de l&#8217;iceberg. \u00c9largir la perspective, g\u00e9ographique et historique, est important pour comprendre, et lutter plus efficacement contre les forces de l&#8217;oppression.]<\/p>\n","protected":false},"author":1,"featured_media":0,"comment_status":"open","ping_status":"open","sticky":false,"template":"","format":"video","meta":[],"categories":[134,133,3,29],"tags":[674,2603,126,566,816,2116,1196,2604,155,436,812],"_links":{"self":[{"href":"https:\/\/aitia.fr\/erd\/wp-json\/wp\/v2\/posts\/21046"}],"collection":[{"href":"https:\/\/aitia.fr\/erd\/wp-json\/wp\/v2\/posts"}],"about":[{"href":"https:\/\/aitia.fr\/erd\/wp-json\/wp\/v2\/types\/post"}],"author":[{"embeddable":true,"href":"https:\/\/aitia.fr\/erd\/wp-json\/wp\/v2\/users\/1"}],"replies":[{"embeddable":true,"href":"https:\/\/aitia.fr\/erd\/wp-json\/wp\/v2\/comments?post=21046"}],"version-history":[{"count":2,"href":"https:\/\/aitia.fr\/erd\/wp-json\/wp\/v2\/posts\/21046\/revisions"}],"predecessor-version":[{"id":21048,"href":"https:\/\/aitia.fr\/erd\/wp-json\/wp\/v2\/posts\/21046\/revisions\/21048"}],"wp:attachment":[{"href":"https:\/\/aitia.fr\/erd\/wp-json\/wp\/v2\/media?parent=21046"}],"wp:term":[{"taxonomy":"category","embeddable":true,"href":"https:\/\/aitia.fr\/erd\/wp-json\/wp\/v2\/categories?post=21046"},{"taxonomy":"post_tag","embeddable":true,"href":"https:\/\/aitia.fr\/erd\/wp-json\/wp\/v2\/tags?post=21046"}],"curies":[{"name":"wp","href":"https:\/\/api.w.org\/{rel}","templated":true}]}}