{"id":20971,"date":"2022-04-05T14:16:22","date_gmt":"2022-04-05T12:16:22","guid":{"rendered":"https:\/\/aitia.fr\/erd\/?p=20971"},"modified":"2022-04-05T14:16:22","modified_gmt":"2022-04-05T12:16:22","slug":"le-massacre-de-boutcha-un-timisoara-a-lukrainienne-donbass-insider","status":"publish","type":"post","link":"https:\/\/aitia.fr\/erd\/le-massacre-de-boutcha-un-timisoara-a-lukrainienne-donbass-insider\/","title":{"rendered":"Le massacre de Boutcha, un Timi\u0219oara \u00e0 l\u2019ukrainienne (Donbass Insider)"},"content":{"rendered":"<p style=\"text-align: justify;\"><img decoding=\"async\" loading=\"lazy\" class=\"alignleft wp-image-20976\" src=\"https:\/\/aitia.fr\/erd\/wp-content\/uploads\/2022\/04\/massacre-boutcha.jpg\" alt=\"\" width=\"400\" height=\"250\" srcset=\"https:\/\/aitia.fr\/erd\/wp-content\/uploads\/2022\/04\/massacre-boutcha.jpg 600w, https:\/\/aitia.fr\/erd\/wp-content\/uploads\/2022\/04\/massacre-boutcha-300x188.jpg 300w\" sizes=\"(max-width: 400px) 100vw, 400px\" \/>[<em>Note de l&#8217;administrateur de ce blog : la fascination pour les images, et la croyance na\u00efve qu&#8217;elles constituent des preuves de l&#8217;existence de ce qu&#8217;elles repr\u00e9sentent, est probablement le levier le plus efficace de la propagande de guerre.<\/em><\/p>\n<p style=\"text-align: justify;\"><em>Parall\u00e8lement \u00e0 cet article (de reporters sur le terrain), <a href=\"https:\/\/www.nytimes.com\/2022\/04\/04\/world\/europe\/bucha-ukraine-bodies.html\" target=\"_blank\" rel=\"noopener\">le New York Times<\/a> essaie par exemple de d\u00e9montrer via des images satellites que les corps qui jonchaient les rues \u00e0 Boutcha \u00e9taient bien pr\u00e9sents avant le d\u00e9part des Russes&#8230; et m\u00eame tr\u00e8s longtemps avant puisqu&#8217;on parle, sur certaines photos, d&#8217;apparition de ces corps entre le 9 et le 11 mars (les Russes ayant enti\u00e8rement \u00e9vacu\u00e9 la ville le 30).<\/em><\/p>\n<p style=\"text-align: justify;\"><em>Resteront \u00e0 expliquer <a href=\"https:\/\/twitter.com\/Thomas_lyhy\/status\/1510884022293045248\" target=\"_blank\" rel=\"noopener\">les \u00e9tonnantes d\u00e9clarations du maire de Boutcha<\/a> le 31 mars, donc apr\u00e8s le d\u00e9part des l&#8217;arm\u00e9e russe, ne disant pas un mot du massacre et disant m\u00eame &#8220;gr\u00e2ce \u00e0 Dieu, nous sommes tous vivants&#8221;.<\/em>]<\/p>\n<hr \/>\n<p style=\"text-align: justify;\">Le 3 avril 2022, les autorit\u00e9s ukrainiennes et les Occidentaux ont accus\u00e9 la Russie d\u2019avoir commis un massacre sur des civils de Boutcha, une localit\u00e9 situ\u00e9e en p\u00e9riph\u00e9rie de Kiev. Mais plusieurs incoh\u00e9rences indiquent que le massacre de Boutcha est un \u00e9pisode digne de <a href=\"https:\/\/fr.wikipedia.org\/wiki\/Affaire_des_charniers_de_Timi%C8%99oara\" target=\"_blank\" rel=\"noopener\">l\u2019affaire des charniers de Timisoara<\/a> (un cas d\u2019\u00e9cole de d\u00e9sinformation).<\/p>\n<p style=\"text-align: justify;\">Pour comprendre ce qui s\u2019est r\u00e9ellement pass\u00e9, il faut reprendre la chronologie des \u00e9v\u00e9nements.<\/p>\n<p style=\"text-align: justify;\">Le 30 mars 2022, l\u2019arm\u00e9e russe se retire de Boutcha, dans le cadre du red\u00e9ploiement des troupes vers le th\u00e9\u00e2tre principal des op\u00e9rations, \u00e0 savoir le Donbass. Alexandre Kots, un journaliste qui \u00e9tait avec les troupes russes \u00e0 Boutcha dit m\u00eame que <a href=\"https:\/\/www.kp.ru\/daily\/27374.5\/4567342\/\" target=\"_blank\" rel=\"noopener\">l\u2019arm\u00e9e russe avait commenc\u00e9 \u00e0 se retirer de cette zone d\u00e9j\u00e0 plusieurs jours avant<\/a>, et que le 30 mars est juste la date \u00e0 laquelle les derniers soldats sont partis. L\u2019arm\u00e9e ukrainienne n\u2019a pas r\u00e9alis\u00e9 imm\u00e9diatement que l\u2019arm\u00e9e russe \u00e9tait partie et a continu\u00e9 \u00e0 bombarder la zone pendant plusieurs jours, ce qui a pu provoquer des pertes civiles.<\/p>\n<p style=\"text-align: justify;\">Le 31 mars 2022, le maire de Boutcha, Anatoli Fedorouk, enregistre une vid\u00e9o, o\u00f9 il exprime sa joie concernant le d\u00e9part des forces arm\u00e9es russes de sa ville. \u00c0 aucun moment dans la vid\u00e9o il ne parle de massacre de civils. Le maire affiche un grand sourire et parle de victoire, etc. Pas un mot sur un \u00e9ventuel massacre \u00e0Boutcha, pas un mot sur des pertes civiles. Rien. Ce qui est pour le moins \u00e9trange.<\/p>\n<p><a href=\"https:\/\/www.donbass-insider.com\/fr\/2022\/04\/04\/ukraine-le-massacre-de-boutcha-un-timisoara-a-lukrainienne\/\" target=\"_blank\" rel=\"noopener\">Continuer la lecture sur Donbass Insider \u2192<\/a><\/p>\n","protected":false},"excerpt":{"rendered":"<p>[Note de l&#8217;administrateur de ce blog : la fascination pour les images, et la croyance na\u00efve qu&#8217;elles constituent des preuves de l&#8217;existence de ce qu&#8217;elles repr\u00e9sentent, est probablement le levier le plus efficace de la propagande de guerre. Parall\u00e8lement \u00e0 cet article (de reporters sur le terrain), le New York Times essaie par exemple de [&hellip;]<\/p>\n","protected":false},"author":1,"featured_media":0,"comment_status":"open","ping_status":"open","sticky":false,"template":"","format":"standard","meta":[],"categories":[4,134,29],"tags":[2586,2589,2588,2376,168,689,167,2587,158],"_links":{"self":[{"href":"https:\/\/aitia.fr\/erd\/wp-json\/wp\/v2\/posts\/20971"}],"collection":[{"href":"https:\/\/aitia.fr\/erd\/wp-json\/wp\/v2\/posts"}],"about":[{"href":"https:\/\/aitia.fr\/erd\/wp-json\/wp\/v2\/types\/post"}],"author":[{"embeddable":true,"href":"https:\/\/aitia.fr\/erd\/wp-json\/wp\/v2\/users\/1"}],"replies":[{"embeddable":true,"href":"https:\/\/aitia.fr\/erd\/wp-json\/wp\/v2\/comments?post=20971"}],"version-history":[{"count":8,"href":"https:\/\/aitia.fr\/erd\/wp-json\/wp\/v2\/posts\/20971\/revisions"}],"predecessor-version":[{"id":20980,"href":"https:\/\/aitia.fr\/erd\/wp-json\/wp\/v2\/posts\/20971\/revisions\/20980"}],"wp:attachment":[{"href":"https:\/\/aitia.fr\/erd\/wp-json\/wp\/v2\/media?parent=20971"}],"wp:term":[{"taxonomy":"category","embeddable":true,"href":"https:\/\/aitia.fr\/erd\/wp-json\/wp\/v2\/categories?post=20971"},{"taxonomy":"post_tag","embeddable":true,"href":"https:\/\/aitia.fr\/erd\/wp-json\/wp\/v2\/tags?post=20971"}],"curies":[{"name":"wp","href":"https:\/\/api.w.org\/{rel}","templated":true}]}}